{"id":178547,"date":"2025-06-10T05:27:28","date_gmt":"2025-06-10T05:27:28","guid":{"rendered":"https:\/\/www.europesays.com\/de\/178547\/"},"modified":"2025-06-10T05:27:28","modified_gmt":"2025-06-10T05:27:28","slug":"the-ugly-stepsister-schoenheitsindustrie-nutzt-unsicherheiten-aus-ndr-de-kultur","status":"publish","type":"post","link":"https:\/\/www.europesays.com\/de\/178547\/","title":{"rendered":"&#8222;The Ugly Stepsister&#8220;: &#8222;Sch\u00f6nheitsindustrie nutzt Unsicherheiten aus&#8220; | NDR.de &#8211; Kultur"},"content":{"rendered":"<p>\nStand: 09.06.2025 19:24 Uhr\n<\/p>\n<p class=\"preface\">Die Norwegerin Emilie Blichfeldt liebt Body-Horror, verzweifelt ihr Leben lang an ihren gro\u00dfen F\u00fc\u00dfen und an gesellschaftlichen Sch\u00f6nheitsidealen, wie die Regisseurin im Interview \u00fcber ihren Body-Horror-Film &#8222;The Ugly Stepsister&#8220; erz\u00e4hlt.<\/p>\n<p>Acht Jahre lang hat die Norwegerin Blichfeldt an ihrem Regiedeb\u00fct &#8222;The Ugly Stepsister&#8220; gearbeitet &#8211; und erlebt nun international Erfolg und begeisterte Kritiken f\u00fcr ihren Film. Blichfeldt spricht im Interview \u00fcber gesellschaftliche Zw\u00e4nge, Schuhgr\u00f6\u00dfe 42 und den Look der 1800er-Jahre des Filmes, der auf junges Publikum abzielt.<\/p>\n<p>Blichfeldt dekonstruiert den Mythos der eifers\u00fcchtigen Stiefschwester aus &#8222;Aschenputtel&#8220; f\u00fcr ihren Body-Horror-Film und fragt aus heutiger Sicht: Warum soll sich Aschenputtels Stiefschwester \u00fcberhaupt um den Prinzen scheren? Das geht auch anders, so die 34-j\u00e4hrige Regisseurin und Drehbuchautorin im Gespr\u00e4ch mit NDR Kultur.<\/p>\n<p><strong>Bei den Filmfestivals in Sundance und bei der Berlinale ist Ihr Film in die gro\u00dfen Fu\u00dfstapfen von Coralie Fargeats <\/strong><a href=\"https:\/\/www.ndr.de\/kultur\/film\/tipps\/Oscar-Hoffnung-The-Substance-Kritik-an-Beauty-Gesellschaft,thesubstance100.html\" title=\"Zum Artikel: The Substance\" target=\"_blank\" rel=\"noopener\"><strong>Oscar-Sieger &#8222;The Substance&#8220;<\/strong><\/a><strong> getreten. Aus den Reaktionen des Publikums und an der Kinokasse weltweit ist zu sehen: Ihr blutiger Body-Horror-Film-Film kommt gut an!<\/strong><\/p>\n<p><strong>Emilie Blichfeldt:<\/strong>\u00a0Auf jeden Fall, das freut uns! Es ist wunderbar zu erleben, wie das Publikum nach Luft schnappt, lacht, sogar spontan in Szenenapplaus ausbricht.<\/p>\n<p><strong>Beim Publikumsgespr\u00e4ch der Berlinale haben Sie dem Premierenpublikum erz\u00e4hlt, dass Sie die Idee zum Film hatten, als sie das &#8222;<\/strong><a href=\"https:\/\/www.ndr.de\/nachrichten\/info\/Maerchen-Maerchen-Schneiderlein-Aschenputtel-Geisslein,audio1777802.html\" title=\"Zum Audiobeitrag: M\u00e4rchen M\u00e4rchen:  Schneiderlein | Aschenputtel | Gei\u00dflein\" target=\"_blank\" rel=\"noopener\"><strong>Aschenputtel<\/strong><\/a><strong>&#8222;-M\u00e4rchen f\u00fcr sich wiederentdeckt haben. Was haben Sie denn wiederentdeckt? Und was hat Sie zu dieser ekligen Szene gebracht, in der sich die Heldin die Zehen abhackt?<\/strong><\/p>\n<p><a href=\"https:\/\/www.europesays.com\/de\/wp-content\/uploads\/2025\/06\/uglystepsister108_v-contentgross.jpg\" class=\"zoomimage\" title=\"Die Regisseurin Emilie Blichfeldt hat mit ihrem ersten Kinofilm einen Albtraum in Szene gesetzt - \u00fcber die Stiefschwester von Aschenputtel. \u00a9 picture alliance \/ TT NYHETSBYR\u00c3\u0085N \/ Lukasz Bak Foto: Lukasz Bak\"><\/p>\n<p><img decoding=\"async\" src=\"https:\/\/www.europesays.com\/de\/wp-content\/uploads\/2025\/06\/uglystepsister108_v-contentgross.jpg\" alt=\"Die norwegische Regisseurin Emilie Blichfeldt steht am Filmset von &quot;The Ugly Stepsister&quot;, rechts davon steht ihre Hauptdarstellerin \u00a9 picture alliance \/ TT NYHETSBYR\u00c3\u0085N \/ Lukasz Bak Foto: Lukasz Bak\" title=\"Die norwegische Regisseurin Emilie Blichfeldt steht am Filmset von &quot;The Ugly Stepsister&quot;, rechts davon steht ihre Hauptdarstellerin\" class=\"responsive\"\/><\/p>\n<p><\/a><br \/>\nDie Regisseurin Emilie Blichfeldt hat mit ihrem ersten Kinofilm einen Albtraum in Szene gesetzt &#8211; \u00fcber die Stiefschwester von Aschenputtel.<\/p>\n<p><strong>Blichfeldt<\/strong>: Ich tr\u00e4umte von einer jungen Frau, die dachte, sie w\u00fcrde in Aschenputtels Schuh passen. Der Prinz nimmt sie mit auf seinem Pferd. Doch als sie an sich herunterschaut, entdeckt sie, dass ihr Schuh mit Blut vollgelaufen ist. Ich bin sofort aufgewacht &#8211; und erinnerte mich daran, dass es in der Grimmschen Originalerz\u00e4hlung so ist, dass sich die Stiefschwester ihre Zehen abhackt, um in den begehrten Schuh zu passen.<\/p>\n<p>Ich konnte mich sofort mit ihr identifizieren. Ich trage Schuhgr\u00f6\u00dfe 42 &#8211; und habe schon oft in meinem Leben mit Schuhen gek\u00e4mpft. Ich glaube, viele von uns kennen das Gef\u00fchl. Am liebsten h\u00e4tte ich mir auch ein paarmal die Zehen gek\u00fcrzt, um in Schuhe zu passen. Tats\u00e4chlich kommen viele Zuschauerinnen nach den Filmvorf\u00fchrungen zu mir und erz\u00e4hlen mir von ihren Erfahrungen mit Schuhen &#8211; und dass sie sich endlich verstanden f\u00fchlen. Viele Leute sagen naiv, &#8218;dann geh&#8216; doch einfach in die M\u00e4nnerabteilung im Schuhgesch\u00e4ft&#8216;, aber so funktioniert das nicht. Ich frage dann immer: &#8218;Habt ihr euch da schon einmal umgesehen?&#8216; Nach meinem Traum wusste ich jedenfalls sofort, dass ich aus dieser Szene einen Horror-Film drehen m\u00f6chte, denn ich bin ein Body-Horror-Fan. Ich finde dieses Genre faszinierend.<\/p>\n<p><strong>Wann haben Sie dieses Genre f\u00fcr sich entdeckt?<\/strong><\/p>\n<p><strong>Blichfeldt<\/strong>: Ich bin komplett ohne Kino aufgewachsen, bis ich 13 Jahre alt war. Erst dann habe ich angefangen, ins Kino zu gehen. Einer meiner ersten Lieblingsfilme war &#8222;Amelie&#8220;. Das ist zwar kein Horror, aber schon ziemlich schr\u00e4g &#8211; und f\u00fcr mich steckt in ihm Erotik und K\u00f6rperlichkeit. Das Genre habe ich etwa 2015 durch <a href=\"https:\/\/www.ndr.de\/kultur\/film\/David-Cronenberg-Portraet-des-kanadischen-Horror-Regisseurs,audio1339900.html\" title=\"Zum Audiobeitrag: David Cronenberg: Portr\u00e4t des kanadischen Horror-Regisseurs\" target=\"_blank\" rel=\"noopener\">David Cronenbergs<\/a> Film &#8222;Crash&#8220; entdeckt &#8211; und habe sofort die K\u00f6rperlichkeit seines Kinos geliebt. Es hat mich weggefegt, ich konnte nicht wegschauen! Ich hoffe, dass das Publikum erkennt, dass ich die Horror-Effekte in &#8222;The Ugly Stepsister&#8220; einsetze, um Bedeutung und Metaphern zu \u00fcberbringen &#8211; und sie nicht alleine Splatter-Effekten dienen.<\/p>\n<p>Weitere Informationen<\/p>\n<p><img decoding=\"async\" src=\"https:\/\/www.europesays.com\/de\/wp-content\/uploads\/2025\/06\/uglystepsister104_v-contentgross.jpg\" alt=\"Szene aus dem Film &quot;The Ugly Stepsister&quot;: Eine Frau setzt einer anderen einen eisernen Nasenschutz auf \u00a9 capelight pictures Foto: Lukasz Bak\" title=\"Szene aus dem Film &quot;The Ugly Stepsister&quot;: Eine Frau setzt einer anderen einen eisernen Nasenschutz auf\" class=\"responsive\"\/><\/p>\n<p>\n\u00c4u\u00dfere Sch\u00f6nheit geht \u00fcber alles &#8211; daf\u00fcr nimmt eine junge Frau in der norwegischen Horrorsatire, dem Regiedeb\u00fct von Emilie Blichfeldt, viel in Kauf.<br \/>\n<a title=\"Zum Artikel: Blutiges Makeover f\u00fcr Aschenputtel: &quot;The Ugly Stepsister&quot;\" href=\"https:\/\/www.ndr.de\/kultur\/film\/Aschenputtel-beim-Schoenheitschirurgen-The-Ugly-Stepsister,uglystepsister100.html\" class=\"cta \" target=\"_blank\" rel=\"noopener\">mehr<\/a>\n<\/p>\n<p><strong>Im Publikum hat jemand von Ihnen wissen wollen, ob Sie sich auch ein Happy End f\u00fcr die Hauptdarstellerin h\u00e4tten vorstellen k\u00f6nnen, wo die Stiefschwester und der Prinz zueinander finden. Darauf hatten Sie eine eindeutige Antwort: N\u00e4mlich ein klares Nein.<\/strong><\/p>\n<p><strong>Blichfeldt<\/strong>: Auf jeden Fall, denn: Ist ein Prinz wirklich das Maximum, was du dir f\u00fcr dein Leben ertr\u00e4umst? Jemand, der dich vor allem deshalb heiraten m\u00f6chte, um einen m\u00e4nnlichen Erben zu produzieren? Das ist es doch, was diese M\u00e4rchen uns M\u00e4dchen und Frauen einh\u00e4mmern. Das ist doch die Substanz dieser Geschichten. Die Frauen werden in den M\u00e4rchen instrumentalisiert, sind Objekt der m\u00e4nnlichen Begierde. Das finde ich verst\u00f6rend.<\/p>\n<p>Ich glaube, daher reagieren die Leute im Publikum so befreit auf meinen Film, weil sie sehen, wie sich der Spie\u00df umdreht &#8211; und wir pl\u00f6tzlich mit der Stiefschwester Mitleid haben. Sie will auch nur geliebt werden. Das passiert aber genauso, und das m\u00f6chte ich betonen, zunehmend M\u00e4nnern und Teenagern. Das darf man nicht vergessen, dass auch sie immer mehr zum Objekt werden. Es ist also kein Zufall, dass es der Film &#8222;The Substance&#8220; mit seiner Kritik an der Sch\u00f6nheitsindustrie bis zu den Oscars geschafft hat und nicht irgendwo zu unm\u00f6glichen Uhrzeiten in kleinen Kinos l\u00e4uft.<\/p>\n<p><strong>Er hatte nicht nur Erfolg bei den Filmpreisen beim Filmfest Cannes und bei den Oscars, er war vor allem auch ein Kassenerfolg!<\/strong><\/p>\n<p><a href=\"https:\/\/www.europesays.com\/de\/wp-content\/uploads\/2025\/06\/uglystepsister112_v-contentgross.jpg\" class=\"zoomimage\" title=\"Klappt es doch noch mit dem Prinzen? Elvira (Lea Myren) tanzt mit dem Prinzen Julian (Isac Calmroth). \u00a9 capelight pictures Foto: Lukasz Bak\"><\/p>\n<p><img decoding=\"async\" src=\"https:\/\/www.europesays.com\/de\/wp-content\/uploads\/2025\/06\/uglystepsister112_v-contentgross.jpg\" alt=\"Szene aus dem Film &quot;The Ugly Stepsister&quot;: Ein Prinz mit einer milit\u00e4rischen Jacke tanzt mit einer jungen blonden Frau im gr\u00fcnen Seidenkleid mit Bord\u00fcren und Blumen im Haar \u00a9 capelight pictures Foto: Lukasz Bak\" title=\"Szene aus dem Film &quot;The Ugly Stepsister&quot;: Ein Prinz mit einer milit\u00e4rischen Jacke tanzt mit einer jungen blonden Frau im gr\u00fcnen Seidenkleid mit Bord\u00fcren und Blumen im Haar\" class=\"responsive\"\/><\/p>\n<p><\/a><br \/>\nKlappt es doch noch mit dem Prinzen? Elvira (Lea Myren) tanzt mit dem Prinzen Julian (Isac Calmroth).<\/p>\n<p><strong>Blichfeldt<\/strong>: Der Wahnsinn! Das gibt mir Hoffnung, dass die Menschen es leid sind, bestimmten Sch\u00f6nheitsidealen gen\u00fcgen zu m\u00fcssen und dass es langsam andere Erz\u00e4hlweisen im Kino \u00fcber Sch\u00f6nheit und das Konzept von Sch\u00f6nheit gibt. Es ist eben kein privates Problem, was Menschen meinen, mit ihrem K\u00f6rper zu haben, es ist ein gesellschaftliches. Das m\u00fcssen wir gemeinsam angehen. Die Sch\u00f6nheitsindustrie nutzt sonst unsere Unsicherheiten aus, um sich daran zu bereichern.<\/p>\n<p><strong>Vielleicht k\u00f6nnen Sie uns erz\u00e4hlen, wie Sie die Kost\u00fcmwelt in dieser Fantasiewelt erschaffen haben? Sie wirkt wie eine Mischung aus Gothic-Mode und der Serie &#8222;<\/strong><a href=\"https:\/\/www.ndr.de\/kultur\/buch\/tipps\/Bridgerton-Autorin-Julia-Quinn-ueber-Lesespass-und-Royals,audio1736222.html\" title=\"Zum Audiobeitrag: Bridgerton-Autorin Julia Quinn \u00fcber Lesespa\u00df und Royals\" target=\"_blank\" rel=\"noopener\"><strong>Bridgerton<\/strong><\/a><strong>&#8222;.<\/strong><\/p>\n<p><a href=\"https:\/\/www.europesays.com\/de\/wp-content\/uploads\/2025\/06\/uglystepsister110_v-contentgross.jpg\" class=\"zoomimage\" title=\"Hier soll die Stiefschwester zur Sch\u00f6nheit verwandelt werden - und eine sch\u00f6nere Nase verpasst bekommen. \u00a9 capelight pictures Foto: Marcel Zyskind\"><\/p>\n<p><img decoding=\"async\" src=\"https:\/\/www.europesays.com\/de\/wp-content\/uploads\/2025\/06\/uglystepsister110_v-contentgross.jpg\" alt=\"Szene aus dem Film &quot;The Ugly Stepsister&quot;: Ein Mann setzt einen Mei\u00dfel auf die Nase einer Patientin, eine Assistentin h\u00e4lt ihr den Kopf \u00a9 capelight pictures Foto: Marcel Zyskind\" title=\"Szene aus dem Film &quot;The Ugly Stepsister&quot;: Ein Mann setzt einen Mei\u00dfel auf die Nase einer Patientin, eine Assistentin h\u00e4lt ihr den Kopf\" class=\"responsive\"\/><\/p>\n<p><\/a><br \/>\nHier soll die Stiefschwester zur Sch\u00f6nheit verwandelt werden &#8211; und eine sch\u00f6nere Nase verpasst bekommen.<\/p>\n<p><strong>Blichfeldt<\/strong>: Ja, die Zielgruppe ist eindeutig ein j\u00fcngeres Publikum. Ich liebe Kost\u00fcme, ich wollte nicht, dass es aussieht wie ein billiger Disney-Film. Ich wollte, dass es aussieht, wie eine reale, grimmige, schmutzige und doch leicht m\u00e4rchenhafte Welt. Die Kost\u00fcme mussten dem standhalten, dass sie echte Menschen im Alltag getragen haben k\u00f6nnten.<\/p>\n<p>F\u00fcr meinen Film habe ich viele Produktionen aus den 70er-Jahren erneut gesehen, wie &#8222;Drei N\u00fcsse f\u00fcr Aschenbr\u00f6del&#8220; von V\u00e1clav Vorl\u00ed\u010dek, der Klassiker, der viel in Deutschland und auch bei uns in Norwegen zu Weihnachten im Fernsehen l\u00e4uft. Oder &#8222;Die Sch\u00f6ne und das Biest&#8220; des Tschechen Juraj Herz. Diese Inspiration hat auch bewirkt, dass ich meinen Film vom Look her in den 1800er-Jahren angedockt habe.\u00a0<\/p>\n<p>Das Gespr\u00e4ch f\u00fchrte und \u00fcbersetzte aus dem Englischen <a href=\"https:\/\/www.ndr.de\/kultur\/film\/batlle124.html\" title=\"Zum Artikel: Patricia Batlle\" target=\"_blank\" rel=\"noopener\">Patricia Batlle, NDR Kultur<\/a>.<\/p>\n<p><img loading=\"lazy\" decoding=\"async\" width=\"184\" height=\"104\" src=\"https:\/\/www.europesays.com\/de\/wp-content\/uploads\/2025\/06\/uglystepsister104_v-einspaltig.jpg\" alt=\"Szene aus dem Film &quot;The Ugly Stepsister&quot;: Eine Frau setzt einer anderen einen eisernen Nasenschutz auf \u00a9 capelight pictures Foto: Lukasz Bak\" title=\"Szene aus dem Film &quot;The Ugly Stepsister&quot;: Eine Frau setzt einer anderen einen eisernen Nasenschutz auf\" style=\"display:none\"\/><\/p>\n<p><b>AUDIO:<\/b> Filmtipp: &#8222;The Ugly Stepsister&#8220; (5 Min)<\/p>\n<p>Weitere Informationen<\/p>\n<p><img decoding=\"async\" src=\"https:\/\/www.europesays.com\/de\/wp-content\/uploads\/2025\/06\/binichschoen102_v-contentgross.jpg\" alt=\"Eine Frau bekommt bei einer Sch\u00f6nheitsbehandlung eine Spritze in die Stirn. \u00a9 NDR\/Janne Ebel \" title=\"Eine Frau bekommt bei einer Sch\u00f6nheitsbehandlung eine Spritze in die Stirn.\" class=\"responsive\"\/><\/p>\n<p>\nAbgeheilte Wunden im Gesicht, Erholung von der schweren Operation, Geduld beim Abnehmen &#8211; finden sich die Frauen nun endlich sch\u00f6n?<br \/>\n<a title=\"Zum Artikel: Bin ich sch\u00f6n?\" href=\"https:\/\/www.ndr.de\/fernsehen\/Bin-ich-schoen,sendung1526926.html\" class=\"cta \" target=\"_blank\" rel=\"noopener\">mehr<\/a>\n<\/p>\n<p><img decoding=\"async\" src=\"https:\/\/www.europesays.com\/de\/wp-content\/uploads\/2025\/06\/thesubstancestill104_v-contentgross.jpg\" alt=\"Szene aus dem Film &quot;The Substance&quot; \u00a9 MUBI \" title=\"Szene aus dem Film &quot;The Substance&quot;\" class=\"responsive\"\/><\/p>\n<p>\nDas f\u00fcr f\u00fcnf Oscars nominierte Body-Horror-Drama handelt von der Sehnsucht nach ewiger Jugend. Schauspielerin Demi Moore ist in der wohl besten Rolle ihrer Karriere zu sehen.<br \/>\n<a title=\"Zum Artikel: Oscar-Hoffnung &quot;The Substance&quot;: Kritik an der Beauty-Gesellschaft\" href=\"https:\/\/www.ndr.de\/kultur\/film\/tipps\/Oscar-Hoffnung-The-Substance-Kritik-an-Beauty-Gesellschaft,thesubstance100.html\" class=\"cta \" target=\"_blank\" rel=\"noopener\">mehr<\/a>\n<\/p>\n<p><img decoding=\"async\" src=\"https:\/\/www.europesays.com\/de\/wp-content\/uploads\/2025\/06\/shirindavidtaenzerinnen100_v-contentgross.jpg\" alt=\"Eine Gruppe junger Frauen tanzt in kurzen rosa Anz\u00fcgen um S\u00e4ngerin Sharin David \u00a9 picture alliance\/dpa | Karl-Josef Hildenbrand Foto: Karl-Josef Hildenbrand\" title=\"Eine Gruppe junger Frauen tanzt in kurzen rosa Anz\u00fcgen um S\u00e4ngerin Sharin David\" class=\"responsive\"\/><\/p>\n<p>5 Min<\/p>\n<p>\nDie Hamburger Influencerin provoziert gern Shitstorms &#8211; und propagiert in ihren Songs des neuen Albums klassische Sch\u00f6nheitsideale.<br \/>\n<a title=\"Zum Audiobeitrag: Musikerin Shirin David wird 30: &quot;Ich liebe Selbstdarstellung&quot;\" href=\"https:\/\/www.ndr.de\/kultur\/musik\/Hamburger-Musikerin-Shirin-David-wird-30-Ich-liebe-Selbstdarstellung,audio1851732.html\" class=\"cta \" target=\"_blank\" rel=\"noopener\">5 Min<\/a>\n<\/p>\n<p><img decoding=\"async\" src=\"https:\/\/www.europesays.com\/de\/wp-content\/uploads\/2025\/06\/juliaquinn102_v-contentgross.jpg\" alt=\"Daniel Kaiser (links), Bridgerton-Autorin Julia Quinn (Mitte) und Katharina Mahrenholtz \u00a9 Daniel Kaiser \" title=\"Daniel Kaiser (links), Bridgerton-Autorin Julia Quinn (Mitte) und Katharina Mahrenholtz\" class=\"responsive\"\/><\/p>\n<p>\nDie Bridgerton-Autorin sprach \u00fcber Bridgerton-Events, ihr Faible f\u00fcr Royals und ihren Kampf gegen B\u00fccherverbote.<br \/>\n<a title=\"Zum Artikel: Julia Quinn zu Besuch in Hamburg: Ein Hauch von Bridgerton\" href=\"https:\/\/www.ndr.de\/kultur\/film\/tipps\/Julia-Quinn-zu-Besuch-in-Hamburg-Ein-Hauch-von-Bridgerton-,juliaquinn100.html\" class=\"cta \" target=\"_blank\" rel=\"noopener\">mehr<\/a>\n<\/p>\n<p><img decoding=\"async\" src=\"https:\/\/www.europesays.com\/de\/wp-content\/uploads\/2025\/06\/ndrfragtschoenheit110_v-contentgross.jpg\" alt=\"Eine Frau gibt, auf einem Sofa sitzend, ein Interview \u00a9 NDR Foto: NDR Screenshot\" title=\"Eine Frau gibt, auf einem Sofa sitzend, ein Interview\" class=\"responsive\"\/><\/p>\n<p>\nDie 23-j\u00e4hrige Namika Vogel aus Itzehoe zeigt, wie sie dem Druck der sozialen Medien wie Instagram entkommt und so Selbstliebe lebt.<br \/>\n<a title=\"Zum Artikel: Sch\u00f6nheitsideale auf Social Media: Wie man sich vom Druck befreit\" href=\"https:\/\/www.ndr.de\/nachrichten\/schleswig-holstein\/Schoenheitsideale-auf-Social-Media-Wie-man-sich-vom-Druck-befreit-,ndrfragtschoenheit100.html\" class=\"cta \" target=\"_blank\" rel=\"noopener\">mehr<\/a>\n<\/p>\n<p><img decoding=\"async\" src=\"https:\/\/www.europesays.com\/de\/wp-content\/uploads\/2025\/06\/screenshot1818048_v-contentgross.jpg\" alt=\"Modell einer festen Zahnspange mit bunten Gummis. \u00a9 Screenshot \" title=\"Modell einer festen Zahnspange mit bunten Gummis.\" class=\"responsive\"\/><\/p>\n<p>1 Min<\/p>\n<p>\nMedizinisch sei das nicht zu erkl\u00e4ren, so eine Krankenkassen-Sprecherin. Sie vermutet Sch\u00f6nheitsideale hinter dem Ungleichgewicht.<br \/>\n<a title=\"Zum Video: Zufall? Mehr M\u00e4dchen als Jungen bekommen Zahnspangen\" href=\"https:\/\/www.ndr.de\/fernsehen\/sendungen\/niedersachsen_1800\/Zufall-Mehr-Maedchen-als-Jungen-bekommen-Zahnspangen,ndsmag56624.html\" class=\"cta \" target=\"_blank\" rel=\"noopener\">1 Min<\/a>\n<\/p>\n<p><img decoding=\"async\" src=\"https:\/\/www.europesays.com\/de\/wp-content\/uploads\/2025\/06\/moshtarihilal102_v-contentgross.jpg\" alt=\"Moshtari Hilal \u00a9 NDR Foto: NDR\" title=\"Moshtari Hilal\" class=\"responsive\"\/><\/p>\n<p>26 Min<\/p>\n<p>\nDie K\u00fcnstlerin und Autorin spricht \u00fcber unseren Umgang mit H\u00e4sslichkeit und dar\u00fcber, ob Kunst weh tun muss.<br \/>\n<a title=\"Zum Audiobeitrag: Moshtari Hilal im Gespr\u00e4ch \u00fcber ihr Buch &quot;H\u00e4sslichkeit&quot;\" href=\"https:\/\/www.ndr.de\/kultur\/Das-Gespraech-mit-Moshtari-Hilal,audio1695792.html\" class=\"cta \" target=\"_blank\" rel=\"noopener\">26 Min<\/a>\n<\/p>\n<p>Dieses Thema im Programm:<\/p>\n<p>NDR Kultur |<br \/>\nDer Morgen |<br \/>\n05.06.2025 | 06:40 Uhr<\/p>\n<p><img decoding=\"async\" src=\"https:\/\/www.europesays.com\/de\/wp-content\/uploads\/2025\/03\/ndr_printlogo.gif\" alt=\"NDR Logo\" title=\"NDR Logo\"\/><\/p>\n","protected":false},"excerpt":{"rendered":"Stand: 09.06.2025 19:24 Uhr Die Norwegerin Emilie Blichfeldt liebt Body-Horror, verzweifelt ihr Leben lang an ihren gro\u00dfen F\u00fc\u00dfen&hellip;\n","protected":false},"author":2,"featured_media":178548,"comment_status":"","ping_status":"","sticky":false,"template":"","format":"standard","meta":{"footnotes":""},"categories":[1771],"tags":[1778,29,214,441,30,95,1777,438,439,440,83,5284,684,215],"class_list":{"0":"post-178547","1":"post","2":"type-post","3":"status-publish","4":"format-standard","5":"has-post-thumbnail","7":"category-kino","8":"tag-cinema","9":"tag-deutschland","10":"tag-entertainment","11":"tag-fernsehen","12":"tag-germany","13":"tag-kino","14":"tag-movie","15":"tag-ndr","16":"tag-norddeutscher-rundfunk","17":"tag-norddeutschland","18":"tag-radio","19":"tag-spielfilm","20":"tag-tv","21":"tag-unterhaltung"},"share_on_mastodon":{"url":"https:\/\/pubeurope.com\/@de\/114657417372612597","error":""},"_links":{"self":[{"href":"https:\/\/www.europesays.com\/de\/wp-json\/wp\/v2\/posts\/178547","targetHints":{"allow":["GET"]}}],"collection":[{"href":"https:\/\/www.europesays.com\/de\/wp-json\/wp\/v2\/posts"}],"about":[{"href":"https:\/\/www.europesays.com\/de\/wp-json\/wp\/v2\/types\/post"}],"author":[{"embeddable":true,"href":"https:\/\/www.europesays.com\/de\/wp-json\/wp\/v2\/users\/2"}],"replies":[{"embeddable":true,"href":"https:\/\/www.europesays.com\/de\/wp-json\/wp\/v2\/comments?post=178547"}],"version-history":[{"count":0,"href":"https:\/\/www.europesays.com\/de\/wp-json\/wp\/v2\/posts\/178547\/revisions"}],"wp:featuredmedia":[{"embeddable":true,"href":"https:\/\/www.europesays.com\/de\/wp-json\/wp\/v2\/media\/178548"}],"wp:attachment":[{"href":"https:\/\/www.europesays.com\/de\/wp-json\/wp\/v2\/media?parent=178547"}],"wp:term":[{"taxonomy":"category","embeddable":true,"href":"https:\/\/www.europesays.com\/de\/wp-json\/wp\/v2\/categories?post=178547"},{"taxonomy":"post_tag","embeddable":true,"href":"https:\/\/www.europesays.com\/de\/wp-json\/wp\/v2\/tags?post=178547"}],"curies":[{"name":"wp","href":"https:\/\/api.w.org\/{rel}","templated":true}]}}