{"id":178800,"date":"2025-06-10T07:51:13","date_gmt":"2025-06-10T07:51:13","guid":{"rendered":"https:\/\/www.europesays.com\/de\/178800\/"},"modified":"2025-06-10T07:51:13","modified_gmt":"2025-06-10T07:51:13","slug":"corona-masken-und-steuerbetrug-festnahme-am-frankfurter-flughafen","status":"publish","type":"post","link":"https:\/\/www.europesays.com\/de\/178800\/","title":{"rendered":"Corona-Masken und Steuerbetrug: Festnahme am Frankfurter Flughafen"},"content":{"rendered":"<p>Steuerhinterziehung <\/p>\n<p>Corona-Betrug: Festnahme am Frankfurter Flughafen<\/p>\n<p>10.06.2025 &#8211; 09:32 UhrLesedauer: 1 Min.<\/p>\n<p><a href=\"#focus-0\" class=\"transition-colors duration-200 focus-within:text-magenta block text-current relative\" data-sctrack=\"FocusGalleryImage.Reference\"><img fetchpriority=\"high\" data-testid=\"Opener.Image\" style=\"--lqipURL:url('https:\/\/images.t-online.de\/2024\/10\/zGZHtVbxuiLU\/0x210:4000x2250\/fit-in\/150x0\/filters:blur(25)\/bundespolizei-am-frankfurter-flughafen-hier-landete-der-26-jaehrige-mit-einem-flugzeug-aus-athen.jpg')\"   loading=\"eager\" src=\"https:\/\/www.europesays.com\/de\/wp-content\/uploads\/2025\/04\/bundespolizei-am-frankfurter-flughafen-hier-landete-der-26-jaehrige-mit-einem-flugzeug-aus-athen.jpg\" alt=\"Bundespolizei am Frankfurter Flughafen: Hier landete der 26-J\u00e4hrige mit einem Flugzeug aus Athen.\" title=\"Bundespolizei am Frankfurter Flughafen: Hier landete der 26-J\u00e4hrige mit einem Flugzeug aus Athen.\" width=\"4000\" height=\"2250\" class=\"bg-[url:var(--lqipURL)] bg-cover bg-center flex w-full max-w-full h-full\" decoding=\"async\"\/><img style=\"--width:32;--height:32\" loading=\"lazy\" src=\"https:\/\/www.europesays.com\/de\/wp-content\/uploads\/2025\/04\/1745049674_75_zoom-in.f7dae02f.svg.svg+xml\" alt=\"Vergr\u00f6\u00dfern des Bildes\" title=\"Vergr\u00f6\u00dfern des Bildes\" class=\"&#10;        block&#10;        h-[calc(var(--height)_\/_16_*_1rem)]&#10;        w-[calc(var(--width)_\/_16_*_1rem)]&#10;        max-w-none&#10;        absolute bottom-8 right-8 rounded-4 bg-snow p-8\" decoding=\"async\"\/><\/a><\/p>\n<p>Bundespolizei am Frankfurter Flughafen (Archivbild): Hier wurde ein mutma\u00dflicher Steuerbetr\u00fcger festgenommen. (Quelle: Daniel Kubirski\/imago-images-bilder)<\/p>\n<p class=\"font-bold text-18 leading-17\">Ein Mann soll sich mit gef\u00e4lschten Coronamasken-Abrechnungen bereichert haben. Am Flughafen Frankfurt wird er von der Polizei erwischt.<\/p>\n<p class=\"text-18 leading-17\">Die Polizei hat am Flughafen Frankfurt einen mutma\u00dflichen Steuerhinterzieher verhaftet. Er soll sich w\u00e4hrend der Corona-Pandemie rund 115.000 Euro erschlichen haben, wie die Bundespolizei mitteilte. So soll er Rechnungen f\u00fcr importierte Coronamasken gef\u00e4lscht haben und so Steuerverk\u00fcrzungen bekommen haben.<\/p>\n<p class=\"text-18 leading-17\">Bei den Ermittlungen gegen den 57-j\u00e4hrigen Gesch\u00e4ftsf\u00fchrer mehrerer Firmen gehe es um sieben F\u00e4lle. Den Angaben zufolge wurde der Mann am vergangenen Donnerstag nach der Einreise aus Hongkong verhaftet. Er war per Haftbefehl gesucht worden.<\/p>\n","protected":false},"excerpt":{"rendered":"Steuerhinterziehung Corona-Betrug: Festnahme am Frankfurter Flughafen 10.06.2025 &#8211; 09:32 UhrLesedauer: 1 Min. Bundespolizei am Frankfurter Flughafen (Archivbild): Hier&hellip;\n","protected":false},"author":2,"featured_media":178801,"comment_status":"","ping_status":"","sticky":false,"template":"","format":"standard","meta":{"footnotes":""},"categories":[1829],"tags":[3092,421,29,980,2109,3089,2050,2051,30,2052,121,5734],"class_list":{"0":"post-178800","1":"post","2":"type-post","3":"status-publish","4":"format-standard","5":"has-post-thumbnail","7":"category-frankfurt-am-main","8":"tag-3092","9":"tag-bundespolizei","10":"tag-deutschland","11":"tag-festnahme","12":"tag-flughafen","13":"tag-flughafen-frankfurt","14":"tag-frankfurt","15":"tag-frankfurt-am-main","16":"tag-germany","17":"tag-hessen","18":"tag-polizei","19":"tag-steuerhinterziehung"},"share_on_mastodon":{"url":"https:\/\/pubeurope.com\/@de\/114657983490235465","error":""},"_links":{"self":[{"href":"https:\/\/www.europesays.com\/de\/wp-json\/wp\/v2\/posts\/178800","targetHints":{"allow":["GET"]}}],"collection":[{"href":"https:\/\/www.europesays.com\/de\/wp-json\/wp\/v2\/posts"}],"about":[{"href":"https:\/\/www.europesays.com\/de\/wp-json\/wp\/v2\/types\/post"}],"author":[{"embeddable":true,"href":"https:\/\/www.europesays.com\/de\/wp-json\/wp\/v2\/users\/2"}],"replies":[{"embeddable":true,"href":"https:\/\/www.europesays.com\/de\/wp-json\/wp\/v2\/comments?post=178800"}],"version-history":[{"count":0,"href":"https:\/\/www.europesays.com\/de\/wp-json\/wp\/v2\/posts\/178800\/revisions"}],"wp:featuredmedia":[{"embeddable":true,"href":"https:\/\/www.europesays.com\/de\/wp-json\/wp\/v2\/media\/178801"}],"wp:attachment":[{"href":"https:\/\/www.europesays.com\/de\/wp-json\/wp\/v2\/media?parent=178800"}],"wp:term":[{"taxonomy":"category","embeddable":true,"href":"https:\/\/www.europesays.com\/de\/wp-json\/wp\/v2\/categories?post=178800"},{"taxonomy":"post_tag","embeddable":true,"href":"https:\/\/www.europesays.com\/de\/wp-json\/wp\/v2\/tags?post=178800"}],"curies":[{"name":"wp","href":"https:\/\/api.w.org\/{rel}","templated":true}]}}