{"id":178815,"date":"2025-06-10T07:59:15","date_gmt":"2025-06-10T07:59:15","guid":{"rendered":"https:\/\/www.europesays.com\/de\/178815\/"},"modified":"2025-06-10T07:59:15","modified_gmt":"2025-06-10T07:59:15","slug":"reichstagsgebaeude-in-berlin-per-lichtprojektion-erneut-verhuellt","status":"publish","type":"post","link":"https:\/\/www.europesays.com\/de\/178815\/","title":{"rendered":"Reichstagsgeb\u00e4ude in Berlin per Lichtprojektion erneut &#8222;verh\u00fcllt&#8220;"},"content":{"rendered":"<p class=\"metatextline\">Stand: 10.06.2025 06:34 Uhr<\/p>\n<p class=\"textabsatz columns twelve  m-ten  m-offset-one l-eight l-offset-two\">\n        <strong>Vor 30 Jahren verh\u00fcllte das K\u00fcnstlerpaar Christo und Jeanne-Claude das Reichstagsgeb\u00e4ude. Die Bilder der meterlangen Stoffbahnen gingen damals um die Welt. Eine Lichtprojektion erinnert nun an die Kunstaktion.<\/strong>\n    <\/p>\n<p class=\"textabsatz--contains-image  m-six l-five textabsatz columns twelve\">\nAnl\u00e4sslich des 30. Jahrestages der Verh\u00fcllung des Reichstags durch das K\u00fcnstler-Ehepaar Christo und Jeanne-Claude wird das Reichstagsgeb\u00e4ude in Berlin ab Montag jeden Abend illuminiert.<br \/>\u00a0<br \/>Die riesige Lichtprojektion des verh\u00fcllten Reichstags ist bis zum 20. Juni t\u00e4glich an der Westfassade des Geb\u00e4udes zu sehen. Projiziert wird jeweils nach Einbruch der Dunkelheit ab etwa 21:30 Uhr bis 1 Uhr in der Nacht.<\/p>\n<p class=\"absatzbild__info__text\">\n                        So soll die Reichstagsverh\u00fcllung am Geb\u00e4ude leuchten\n                    <\/p>\n<p>    Kosten von rund einer halben Million Euro<\/p>\n<p class=\"textabsatz m-ten m-offset-one l-eight l-offset-two columns twelve\">\n24 Hochleistungsprojektoren bringen die Projektion auf die Fassade. Diese st\u00fcnden auf insgesamt drei Ger\u00fcstt\u00fcrmen in 3 bis 3,5 Meter H\u00f6he und 80 Meter weit vom Reichstagsgeb\u00e4ude entfernt, sagte der technische Leiter, Andreas Boehlke, am Freitag der Deutschen Presse-Agentur.<br \/>\u00a0<br \/>Das Projekt koste etwa eine halbe Million Euro, sagte k\u00fcrzlich Kulturmanager Peter Schwenkow, der \u2013 wie auch vor 30 Jahren schon \u2013 gemeinsam mit dem Unternehmer Roland Specker ma\u00dfgeblich beteiligt ist. Die Kosten w\u00fcrden von der Stiftung von Christo und Jeanne-Claude, welche Christos Neffe Vladimir Yavachev leitet, von Specker und ihm selbst getragen, sagte Schwenkow. Mit der Inszenierung sollten Berlin, die Wiedervereinigung, die Demokratie und die Kunst gefeiert werden, hie\u00df es.<\/p>\n<p>    <a href=\"https:\/\/www.tagesschau.de\/inland\/regional\/berlin\/rbb-verhuellter-reichstag-alles-begann-mit-einer-postkarte-100.html\" class=\"copytext-galerie columns twelve m-ten m-offset-one l-eight l-offset-two\" target=\"_blank\" rel=\"noopener\"><br \/>\n        Bilderstrecke<br \/>\n        Verh\u00fcllter Reichstag: Alles begann mit einer Postkarte<br \/>\n    <\/a><\/p>\n<p class=\"textabsatz m-ten m-offset-one l-eight l-offset-two columns twelve\">\nChristo (1935-2020) und Jeanne-Claude (1935-2009) hatten vor 30 Jahren <a href=\"https:\/\/www.rbb24.de\/kultur\/beitrag\/2025\/06\/bildergalerie-verhuellter-reichstag-berlin-christo-jeanne-claude.html\" title=\"nach viel \u00dcberzeugungsarbeit\" class=\"textlink--extern\" target=\"_blank\" rel=\"noopener\">nach viel \u00dcberzeugungsarbeit<\/a> die Genehmigung bekommen, das Reichstagsgeb\u00e4ude 1995 zu verh\u00fcllen &#8211; kurz vor dem Umbau zum Sitz des Bundestags und noch ohne die charakteristische Glaskuppel. Sie verpackten das Geb\u00e4ude mit 100.000 Quadratmeter silbrig-gl\u00e4nzendem Gewebe. Die 14-t\u00e4gige Aktion hatte hunderttausende Besucher angelockt. Die Bilder vom &#8222;Wrapped Reichstag&#8220; gingen um die Welt.<br \/>\u00a0<br \/>Am 13. Juni w\u00e4re auch der 90. Geburtstag des K\u00fcnstler-Ehepaares gewesen, beide waren am 13. Juni 1935 geboren worden.<\/p>\n<p class=\"textabsatz m-ten m-offset-one l-eight l-offset-two columns twelve\">\nKorrekturhinweis: In einer fr\u00fcheren Version dieses Textes hie\u00df es, der Reichstag sei mit einer Folie verh\u00fcllt worden. Das war nicht korrekt. Das Geb\u00e4ude wurde mit einem Gewebe verh\u00fcllt. Wir bitten diesen Fehler zu entschuldigen.<\/p>\n<p class=\"textabsatz m-ten m-offset-one l-eight l-offset-two columns twelve\">\nSendung: rbb24 Abendschau, 09.06.2025, 19:30 Uhr<\/p>\n<p>                                        <a class=\"backlink__link\" href=\"https:\/\/www.rbb24.de\/kultur\/beitrag\/2025\/06\/berlin-reichstag-verhuellung-30-jahre-kunst-christo-projektion.html\" target=\"_blank\" rel=\"noopener\"><\/p>\n<p>                                                <img decoding=\"async\" src=\"https:\/\/www.europesays.com\/de\/wp-content\/uploads\/2025\/04\/1745108282_195_lra-rbb-logo-100.svg.svg+xml\" alt=\"Rundfunk Berlin-Brandenburg\"\/><\/p>\n<p>                                        <\/a><\/p>\n","protected":false},"excerpt":{"rendered":"Stand: 10.06.2025 06:34 Uhr Vor 30 Jahren verh\u00fcllte das K\u00fcnstlerpaar Christo und Jeanne-Claude das Reichstagsgeb\u00e4ude. Die Bilder der&hellip;\n","protected":false},"author":2,"featured_media":177543,"comment_status":"","ping_status":"","sticky":false,"template":"","format":"standard","meta":{"footnotes":""},"categories":[1825],"tags":[1941,1939,296,1937,29,30,1940,1938,47524],"class_list":{"0":"post-178815","1":"post","2":"type-post","3":"status-publish","4":"format-standard","5":"has-post-thumbnail","7":"category-berlin","8":"tag-aktuelle-nachrichten-aus-berlin","9":"tag-aktuelle-news-aus-berlin","10":"tag-berlin","11":"tag-berlin-news","12":"tag-deutschland","13":"tag-germany","14":"tag-nachrichten-aus-berlin","15":"tag-news-aus-berlin","16":"tag-reichstagsgebaeude"},"share_on_mastodon":{"url":"https:\/\/pubeurope.com\/@de\/114658014970459117","error":""},"_links":{"self":[{"href":"https:\/\/www.europesays.com\/de\/wp-json\/wp\/v2\/posts\/178815","targetHints":{"allow":["GET"]}}],"collection":[{"href":"https:\/\/www.europesays.com\/de\/wp-json\/wp\/v2\/posts"}],"about":[{"href":"https:\/\/www.europesays.com\/de\/wp-json\/wp\/v2\/types\/post"}],"author":[{"embeddable":true,"href":"https:\/\/www.europesays.com\/de\/wp-json\/wp\/v2\/users\/2"}],"replies":[{"embeddable":true,"href":"https:\/\/www.europesays.com\/de\/wp-json\/wp\/v2\/comments?post=178815"}],"version-history":[{"count":0,"href":"https:\/\/www.europesays.com\/de\/wp-json\/wp\/v2\/posts\/178815\/revisions"}],"wp:featuredmedia":[{"embeddable":true,"href":"https:\/\/www.europesays.com\/de\/wp-json\/wp\/v2\/media\/177543"}],"wp:attachment":[{"href":"https:\/\/www.europesays.com\/de\/wp-json\/wp\/v2\/media?parent=178815"}],"wp:term":[{"taxonomy":"category","embeddable":true,"href":"https:\/\/www.europesays.com\/de\/wp-json\/wp\/v2\/categories?post=178815"},{"taxonomy":"post_tag","embeddable":true,"href":"https:\/\/www.europesays.com\/de\/wp-json\/wp\/v2\/tags?post=178815"}],"curies":[{"name":"wp","href":"https:\/\/api.w.org\/{rel}","templated":true}]}}