{"id":178816,"date":"2025-06-10T08:00:16","date_gmt":"2025-06-10T08:00:16","guid":{"rendered":"https:\/\/www.europesays.com\/de\/178816\/"},"modified":"2025-06-10T08:00:16","modified_gmt":"2025-06-10T08:00:16","slug":"grossbrand-bei-berlin-transporter-flotte-abgebrannt-riesiger-schaden-regional","status":"publish","type":"post","link":"https:\/\/www.europesays.com\/de\/178816\/","title":{"rendered":"Gro\u00dfbrand bei Berlin: Transporter-Flotte abgebrannt, riesiger Schaden! | Regional"},"content":{"rendered":"<p>Sch\u00f6nwalde (Brandenburg)\/Berlin \u2013 <b>Ein Gro\u00dffeuer hat vor den Toren Berlins einen gewaltigen Schaden angerichtet und 23 Fahrzeuge zerst\u00f6rt!<\/b><\/p>\n<p>Der Brand war in der Nacht zu Dienstag in einem Gewerbegebiet in Sch\u00f6nwalde-Glien (Havelland) nordwestlich von Berlin ausgebrochen. Die Feuerwehr war zun\u00e4chst wegen eines brennenden Geb\u00e4udes alarmiert worden. <\/p>\n<p>Auch interessant<\/p>\n<p>Anzeige<\/p>\n<p>Auch interessant<\/p>\n<p>Anzeige<\/p>\n<p>Als die Einsatzkr\u00e4fte auf dem Gel\u00e4nde an der Stra\u00dfe Am Silberberg eintrafen, standen schon mehrere Transporter und Autos lichterloh in Flammen.<\/p>\n<p>Die Helfer mussten mit mehreren Angriffstrupps und unter schwerem Atemschutz vorgehen, um den Gro\u00dfbrand von mehreren Seiten einzud\u00e4mmen k\u00f6nnen. Wie eine Sprecherin der Polizeidirektion West auf BILD-Anfrage mitteilte, brannten sowohl auf \u00f6ffentlichen Verkehrsfl\u00e4chen als auch auf einem umz\u00e4unten Firmengel\u00e4nde abgestellte Fahrzeuge. Die L\u00f6schtrupps, die von weiteren Kr\u00e4ften aus dem benachbarten Falkensee unterst\u00fctzt wurden, brauchten rund eineinhalb Stunden, um die Flammen unter Kontrolle zu bringen.<\/p>\n<p><b>Die <\/b><a href=\"https:\/\/www.bild.de\/themen\/organisationen\/feuerwehr\/politik-nachrichten-news-fotos-videos-20421624.bild.html\" class=\"text-link\" target=\"_blank\" rel=\"noopener\"><b>Feuerwehrleute<\/b><\/a><b> konnten trotz ihres Einsatzes nicht verhindern, dass 14 Transporter ausbrannten. Insgesamt 23 Fahrzeuge wurden durch die Flammen und Hitze besch\u00e4digt.<\/b><\/p>\n<p><img decoding=\"async\" width=\"992\" height=\"558\" alt=\"Die Feuerwehr ging auch mit L\u00f6schschaum gegen das Feuer vor\" src=\"https:\/\/www.europesays.com\/de\/wp-content\/uploads\/2025\/06\/9eaafd372d08fc1467602ed7a03ed86d,fb9d40b5\"   class=\"landscape\" loading=\"lazy\"\/><\/p>\n<p class=\"fig__caption__text\">Die Feuerwehr ging auch mit L\u00f6schschaum gegen das Feuer vor<\/p>\n<p>Foto: 7aktuell.de\/ P.Neumann<\/p>\n<p>Erst gegen 2 Uhr in der Nacht konnte die Einsatzstelle an die Polizei \u00fcbergeben werden. <\/p>\n<p>Die Polizei hat Ermittlungen wegen <a href=\"https:\/\/www.bild.de\/themen\/ereignisse\/brandstiftung\/news-nachrichten-news-fotos-videos-19795804.bild.html\" class=\"text-link\" target=\"_blank\" rel=\"noopener\">Brandstiftung<\/a> aufgenommen. Ob es Anhaltspunkte f\u00fcr eine politische Tatmotivation gibt, wird der Polizeisprecherin zufolge noch gepr\u00fcft.<\/p>\n<p>Bei den Fahrzeugen handelt es sich nach ersten Informationen um Wagen eines Lieferdienstes, die als Dienstleister f\u00fcr Amazon und die Deutsche Post unterwegs ist.<\/p>\n<p>Lesen Sie auch<\/p>\n<p><b>Verletzt wurde nach aktuellem Stand von Dienstagfr\u00fch niemand. Die <\/b><a href=\"https:\/\/www.bild.de\/regional\/aktuelles\/polizei\/polizeieinsatz-alle-infos-76681760.bild.html\" class=\"text-link\" target=\"_blank\" rel=\"noopener\"><b>Polizei<\/b><\/a><b> sch\u00e4tzt die entstandene Schadenssumme auf rund 700.000 Euro. Der Eigent\u00fcmer des betroffenen Unternehmens geht sogar von einem Gesamtschaden in H\u00f6he von bis zu einer Million Euro aus. <\/b><\/p>\n","protected":false},"excerpt":{"rendered":"Sch\u00f6nwalde (Brandenburg)\/Berlin \u2013 Ein Gro\u00dffeuer hat vor den Toren Berlins einen gewaltigen Schaden angerichtet und 23 Fahrzeuge zerst\u00f6rt!&hellip;\n","protected":false},"author":2,"featured_media":178817,"comment_status":"","ping_status":"","sticky":false,"template":"","format":"standard","meta":{"footnotes":""},"categories":[1825],"tags":[296,2919,4852,29,985,30,121,45],"class_list":{"0":"post-178816","1":"post","2":"type-post","3":"status-publish","4":"format-standard","5":"has-post-thumbnail","7":"category-berlin","8":"tag-berlin","9":"tag-brand","10":"tag-brandstiftung","11":"tag-deutschland","12":"tag-feuerwehr","13":"tag-germany","14":"tag-polizei","15":"tag-texttospeech"},"share_on_mastodon":{"url":"https:\/\/pubeurope.com\/@de\/114658018854518968","error":""},"_links":{"self":[{"href":"https:\/\/www.europesays.com\/de\/wp-json\/wp\/v2\/posts\/178816","targetHints":{"allow":["GET"]}}],"collection":[{"href":"https:\/\/www.europesays.com\/de\/wp-json\/wp\/v2\/posts"}],"about":[{"href":"https:\/\/www.europesays.com\/de\/wp-json\/wp\/v2\/types\/post"}],"author":[{"embeddable":true,"href":"https:\/\/www.europesays.com\/de\/wp-json\/wp\/v2\/users\/2"}],"replies":[{"embeddable":true,"href":"https:\/\/www.europesays.com\/de\/wp-json\/wp\/v2\/comments?post=178816"}],"version-history":[{"count":0,"href":"https:\/\/www.europesays.com\/de\/wp-json\/wp\/v2\/posts\/178816\/revisions"}],"wp:featuredmedia":[{"embeddable":true,"href":"https:\/\/www.europesays.com\/de\/wp-json\/wp\/v2\/media\/178817"}],"wp:attachment":[{"href":"https:\/\/www.europesays.com\/de\/wp-json\/wp\/v2\/media?parent=178816"}],"wp:term":[{"taxonomy":"category","embeddable":true,"href":"https:\/\/www.europesays.com\/de\/wp-json\/wp\/v2\/categories?post=178816"},{"taxonomy":"post_tag","embeddable":true,"href":"https:\/\/www.europesays.com\/de\/wp-json\/wp\/v2\/tags?post=178816"}],"curies":[{"name":"wp","href":"https:\/\/api.w.org\/{rel}","templated":true}]}}