{"id":178818,"date":"2025-06-10T08:01:10","date_gmt":"2025-06-10T08:01:10","guid":{"rendered":"https:\/\/www.europesays.com\/de\/178818\/"},"modified":"2025-06-10T08:01:10","modified_gmt":"2025-06-10T08:01:10","slug":"berlin-brandenburg-brennende-transporter-fast-eine-million-euro-schaden","status":"publish","type":"post","link":"https:\/\/www.europesays.com\/de\/178818\/","title":{"rendered":"Berlin &#038; Brandenburg: Brennende Transporter &#8211; Fast eine Million Euro Schaden"},"content":{"rendered":"<p>                    Berlin &amp; Brandenburg<br \/>\n                Brennende Transporter &#8211; Fast eine Million Euro Schaden<\/p>\n<p>\t\t\t\t              10.06.2025, 09:17 Uhr<\/p>\n<p><strong>Mehr als 20 Transporter fangen nahe Berlin Feuer. Der Brand bleibt lange unbemerkt und richtet gro\u00dfen Schaden an. Die Hintergr\u00fcnde sind noch weitestgehend unklar.<\/strong><\/p>\n<p>Sch\u00f6nwalde-Glien (dpa\/bb) &#8211; Beim Brand von rund zwei Dutzend Transportern im Landkreis Havelland ist ein Sachschaden von sch\u00e4tzungsweise etwa 800.000 Euro entstanden. Etwa 14 der auf einem Fuhrpark in Sch\u00f6nwalde-Glien abgestellten Wagen seien v\u00f6llig ausgebrannt, wie die Polizei mitteilte. Das Feuer griff am Montagabend schnell auf die eng geparkten Fahrzeuge \u00fcber, wie es weiter hie\u00df. Die Polizei geht von Brandstiftung aus.\u00a0<\/p>\n<p>Die &#8222;B.Z.&#8220; berichtete davon, dass diese zu einem Lieferdienst geh\u00f6rten. Dies best\u00e4tigte die Polizei bislang nicht.\u00a0<\/p>\n<p>Insgesamt waren 46 Einsatzkr\u00e4fte vor Ort, um die erst sp\u00e4t bemerkten Flammen zu l\u00f6schen. Weitere Ermittlungen zur Brandursache wurden eingeleitet.<\/p>\n","protected":false},"excerpt":{"rendered":"Berlin &amp; Brandenburg Brennende Transporter &#8211; Fast eine Million Euro Schaden 10.06.2025, 09:17 Uhr Mehr als 20 Transporter&hellip;\n","protected":false},"author":2,"featured_media":178819,"comment_status":"","ping_status":"","sticky":false,"template":"","format":"standard","meta":{"footnotes":""},"categories":[1825],"tags":[296,1890,51073,29,4788,30990,30,45381,4936,3603],"class_list":{"0":"post-178818","1":"post","2":"type-post","3":"status-publish","4":"format-standard","5":"has-post-thumbnail","7":"category-berlin","8":"tag-berlin","9":"tag-brandenburg","10":"tag-brennende","11":"tag-deutschland","12":"tag-euro","13":"tag-fast","14":"tag-germany","15":"tag-million","16":"tag-schaden","17":"tag-transporter"},"share_on_mastodon":{"url":"https:\/\/pubeurope.com\/@de\/114658022774000834","error":""},"_links":{"self":[{"href":"https:\/\/www.europesays.com\/de\/wp-json\/wp\/v2\/posts\/178818","targetHints":{"allow":["GET"]}}],"collection":[{"href":"https:\/\/www.europesays.com\/de\/wp-json\/wp\/v2\/posts"}],"about":[{"href":"https:\/\/www.europesays.com\/de\/wp-json\/wp\/v2\/types\/post"}],"author":[{"embeddable":true,"href":"https:\/\/www.europesays.com\/de\/wp-json\/wp\/v2\/users\/2"}],"replies":[{"embeddable":true,"href":"https:\/\/www.europesays.com\/de\/wp-json\/wp\/v2\/comments?post=178818"}],"version-history":[{"count":0,"href":"https:\/\/www.europesays.com\/de\/wp-json\/wp\/v2\/posts\/178818\/revisions"}],"wp:featuredmedia":[{"embeddable":true,"href":"https:\/\/www.europesays.com\/de\/wp-json\/wp\/v2\/media\/178819"}],"wp:attachment":[{"href":"https:\/\/www.europesays.com\/de\/wp-json\/wp\/v2\/media?parent=178818"}],"wp:term":[{"taxonomy":"category","embeddable":true,"href":"https:\/\/www.europesays.com\/de\/wp-json\/wp\/v2\/categories?post=178818"},{"taxonomy":"post_tag","embeddable":true,"href":"https:\/\/www.europesays.com\/de\/wp-json\/wp\/v2\/tags?post=178818"}],"curies":[{"name":"wp","href":"https:\/\/api.w.org\/{rel}","templated":true}]}}