{"id":178848,"date":"2025-06-10T08:16:11","date_gmt":"2025-06-10T08:16:11","guid":{"rendered":"https:\/\/www.europesays.com\/de\/178848\/"},"modified":"2025-06-10T08:16:11","modified_gmt":"2025-06-10T08:16:11","slug":"feuerwehr-einsatz-in-melle-stall-in-flammen-mindestens-sechs-pferde-sterben-regional","status":"publish","type":"post","link":"https:\/\/www.europesays.com\/de\/178848\/","title":{"rendered":"Feuerwehr-Einsatz in Melle: Stall in Flammen! Mindestens sechs Pferde sterben | Regional"},"content":{"rendered":"<p>Melle (Niedersachsen) \u2013 <b>Feuer-Alarm mitten in der Nacht: Pl\u00f6tzlich steht ein Reitstall in Flammen. Mindestens sechs Pferde \u00fcberleben den Brand nicht.<\/b><\/p>\n<p>Gegen 3.30 Uhr bemerkte ein Autofahrer am Dienstagmorgen auf der Autobahn A\u00a030 Richtung Osnabr\u00fcck in <a href=\"https:\/\/www.bild.de\/regional\/niedersachsen\/home-Pxo03tc7w7hEgqy6Clw4\" class=\"text-link\" rel=\"nofollow noopener\" target=\"_blank\">Niedersachsen<\/a> ein Feuerschein in der N\u00e4he der Fahrbahn. Sofort w\u00e4hlte er den Notruf. Er ahnte nicht, dass in einem Stall mit <a href=\"https:\/\/www.bild.de\/sport\/sportart\/reiten\/reiten-alle-infos-76676370.bild.html\" class=\"text-link\" rel=\"nofollow noopener\" target=\"_blank\">Pferden<\/a> ein verheerender Brand ausgebrochen war.<\/p>\n<p><img decoding=\"async\" width=\"992\" height=\"558\" alt=\"Feuerwehrleute haben Schl\u00e4uche f\u00fcr die Wasserversorgungen dem Geh\u00f6ft verlegt\" src=\"https:\/\/www.europesays.com\/de\/wp-content\/uploads\/2025\/06\/7fc6b2a11db595e1a33b56627f8d3c59,e531b6e7\"   class=\"landscape\" loading=\"lazy\"\/><\/p>\n<p class=\"fig__caption__text\">Feuerwehrleute haben Schl\u00e4uche f\u00fcr die Wasserversorgungen auf dem Geh\u00f6ft verlegt <\/p>\n<p>Foto: Nord-West-Media TV<\/p>\n<p>Elf Pferde sollen im Stall untergebracht sein <\/p>\n<p>Als 50 <a href=\"https:\/\/www.bild.de\/themen\/organisationen\/feuerwehr\/politik-nachrichten-news-fotos-videos-20421624.bild.html\" class=\"text-link\" rel=\"nofollow noopener\" target=\"_blank\">Feuerwehrleute<\/a> und mehrere Streifenwagen-Besatzungen in Melle im Landkreis Osnabr\u00fcck ankamen, brannte das Geb\u00e4ude lichterloh. Nach ersten Informationen waren dort elf Pferde untergebracht. Nicht alle \u00fcberlebten.<\/p>\n<p><img decoding=\"async\" width=\"992\" height=\"558\" alt=\"Einsatzkr\u00e4fte l\u00f6schen den Brand\" src=\"https:\/\/www.europesays.com\/de\/wp-content\/uploads\/2025\/06\/8c8d0c53e3eb519659fb40c818b9d4e6,d0578072\"   class=\"landscape\" loading=\"lazy\"\/><\/p>\n<p class=\"fig__caption__text\">Einsatzkr\u00e4fte l\u00f6schen den Brand<\/p>\n<p>Foto: Nord-West-Media TV<\/p>\n<p>Zwei Frauen (28, 72), die noch versucht hatten, einige Tiere zu retten, wurden leicht verletzt. Sanit\u00e4ter versorgten sie vor Ort. Laut <a href=\"https:\/\/www.bild.de\/regional\/aktuelles\/polizei\/polizeieinsatz-alle-infos-76681760.bild.html\" class=\"text-link\" rel=\"nofollow noopener\" target=\"_blank\">Polizei<\/a> starben mindestens sechs Pferde bei dem Brand. <\/p>\n<p>Lesen Sie auchPferde wollten zur\u00fcck in den Feuer-Stall laufen<\/p>\n<p>Besonders tragisch: Zwei Pferde, die sich au\u00dferhalb des Stalls befanden, sollen in Panik sogar zur\u00fcck in das Feuer-Geb\u00e4ude gelaufen sein. Ein Tier davon konnte gerettet werden. Laut Informationen der Polizei gibt es noch keinen Hinweis zur Brandursache und zur Schadenssumme. Am Vormittag war die Feuerwehr noch vor Ort, l\u00f6schte kleinere Brandnester. Der teilweise zerst\u00f6rte Stall konnte von Ermittlern noch nicht betreten werden.<\/p>\n","protected":false},"excerpt":{"rendered":"Melle (Niedersachsen) \u2013 Feuer-Alarm mitten in der Nacht: Pl\u00f6tzlich steht ein Reitstall in Flammen. Mindestens sechs Pferde \u00fcberleben&hellip;\n","protected":false},"author":2,"featured_media":178849,"comment_status":"","ping_status":"","sticky":false,"template":"","format":"standard","meta":{"footnotes":""},"categories":[2],"tags":[2919,29,588,6212,987,985,30,19908,3786,13,18687,14,15,1411,14934,121,12,45,10,8,9,11],"class_list":{"0":"post-178848","1":"post","2":"type-post","3":"status-publish","4":"format-standard","5":"has-post-thumbnail","7":"category-deutschland","8":"tag-brand","9":"tag-deutschland","10":"tag-einsatz","11":"tag-ermittlungsverfahren","12":"tag-feuer","13":"tag-feuerwehr","14":"tag-germany","15":"tag-grossbrand","16":"tag-grosseinsatz","17":"tag-headlines","18":"tag-melle","19":"tag-nachrichten","20":"tag-news","21":"tag-niedersachsen","22":"tag-pferd","23":"tag-polizei","24":"tag-schlagzeilen","25":"tag-texttospeech","26":"tag-top-news","27":"tag-top-meldungen","28":"tag-topmeldungen","29":"tag-topnews"},"share_on_mastodon":{"url":"https:\/\/pubeurope.com\/@de\/114658081944317979","error":""},"_links":{"self":[{"href":"https:\/\/www.europesays.com\/de\/wp-json\/wp\/v2\/posts\/178848","targetHints":{"allow":["GET"]}}],"collection":[{"href":"https:\/\/www.europesays.com\/de\/wp-json\/wp\/v2\/posts"}],"about":[{"href":"https:\/\/www.europesays.com\/de\/wp-json\/wp\/v2\/types\/post"}],"author":[{"embeddable":true,"href":"https:\/\/www.europesays.com\/de\/wp-json\/wp\/v2\/users\/2"}],"replies":[{"embeddable":true,"href":"https:\/\/www.europesays.com\/de\/wp-json\/wp\/v2\/comments?post=178848"}],"version-history":[{"count":0,"href":"https:\/\/www.europesays.com\/de\/wp-json\/wp\/v2\/posts\/178848\/revisions"}],"wp:featuredmedia":[{"embeddable":true,"href":"https:\/\/www.europesays.com\/de\/wp-json\/wp\/v2\/media\/178849"}],"wp:attachment":[{"href":"https:\/\/www.europesays.com\/de\/wp-json\/wp\/v2\/media?parent=178848"}],"wp:term":[{"taxonomy":"category","embeddable":true,"href":"https:\/\/www.europesays.com\/de\/wp-json\/wp\/v2\/categories?post=178848"},{"taxonomy":"post_tag","embeddable":true,"href":"https:\/\/www.europesays.com\/de\/wp-json\/wp\/v2\/tags?post=178848"}],"curies":[{"name":"wp","href":"https:\/\/api.w.org\/{rel}","templated":true}]}}