{"id":179021,"date":"2025-06-10T09:54:13","date_gmt":"2025-06-10T09:54:13","guid":{"rendered":"https:\/\/www.europesays.com\/de\/179021\/"},"modified":"2025-06-10T09:54:13","modified_gmt":"2025-06-10T09:54:13","slug":"schlaeger-mit-roter-trainingsjacke-gesucht","status":"publish","type":"post","link":"https:\/\/www.europesays.com\/de\/179021\/","title":{"rendered":"Schl\u00e4ger mit roter Trainingsjacke gesucht"},"content":{"rendered":"<p class=\"bodytext\">SI \/ Bielefeld \/ Mitte &#8211; Ein Mann aus Lage erlitt bei einer Auseinandersetzung am Boulevard mit einem bisher unbekannten T\u00e4ter leichte Verletzungen. Bei dem Aufeinandertreffen in der Nacht auf Samstag, 07.06.2025, soll der Unbekannte auch ein Messer mit sich gef\u00fchrt haben.<\/p>\n<p>Wie der 20-J\u00e4hrige sp\u00e4ter berichtete, hielt er sich gegen 02:30 Uhr am Boulevard auf und wurde dort von dem Mann in einem aggressiven Tonfall angesprochen. Um einem Streit aus dem Weg zu gehen, habe der Lagenser seine Over-Ear-Kopfh\u00f6rer aufgesetzt und sich in Richtung Fu\u00dfg\u00e4ngerbr\u00fccke entfernt.<\/p>\n<p>Der fremde Mann sei ihm gefolgt und habe sich auf der Br\u00fccke neben den 20-J\u00e4hrigen gestellt. Dabei soll er ein Messer in der Hand gehalten haben. Um sich zu wehren habe der 20-J\u00e4hrige den Mann am Armt gepackt und getreten. Es entwickelte sich eine k\u00f6rperliche Auseinandersetzung zwischen den beiden M\u00e4nnern, bei der der Lagenser geschlagen und getreten wurde. Dabei habe er leichte Verletzungen erlitten und sein Smartphone und seine Geldb\u00f6rse verloren. Beides soll der unbekannte Mann zun\u00e4chst an sich genommen, sp\u00e4ter aber an der Schmiedestra\u00dfe von sich geworfen haben.<\/p>\n<p>Der T\u00e4ter war laut Beschreibung etwa 25 bis 30 Jahre alt und circa 1,85 Meter bis 1,90 Meter gro\u00df. Er hatte dunkle, kurze Haare und einen Ziegenbart. In der Nacht trug er eine dunkelrote Trainingsjacke der Marke Adidas. Er soll ein s\u00fcdl\u00e4ndisches Erscheinungsbild haben.<\/p>\n<p>Hinweise zu der Person und der Auseinandersetzung nimmt das Kriminalkommissariat 14 unter der 0521\/545-0 entgegen.<\/p>\n<p>R\u00fcckfragen von Journalisten bitte an:<\/p>\n<p>Polizeipr\u00e4sidium Bielefeld Leitungsstab\/ Presse- und \u00d6ffentlichkeitsarbeit Kurt-Schumacher-Stra\u00dfe 46 33615 Bielefeld<\/p>\n<p>Sonja Rehmert (SR), Tel. 0521\/545-3020 Katja K\u00fcster (KK), Tel. 0521\/545-3195 Sarah Siedschlag (SI), Tel. 0521\/545-3021 Michael K\u00f6tter (MK), Tel. 0521\/545-3022 Hella Christoph (HC), Tel. 0521\/545-3023 Fabian Rickel (FR), Tel. 0521\/545-3024 Caroline Steffen (CS), Tel. 0521\/545-3026 Lukas Reker (LR), Tel. 0521\/545-3222 Jan Grote (JG), Tel. 0521\/545-3235<\/p>\n<p>E-Mail: pressestelle.bielefeld@polizei.nrw.de <a href=\"https:\/\/bielefeld.polizei.nrw\/\" target=\"_blank\" rel=\"nofollow noopener\">bielefeld.polizei.nrw<\/a><\/p>\n<p>Au\u00dferhalb der B\u00fcrodienstzeit: Leitstelle, Tel. 0521\/545-0<\/p>\n<p> Original-Content von: Polizei Bielefeld, \u00fcbermittelt durch news aktuell<\/p>\n","protected":false},"excerpt":{"rendered":"SI \/ Bielefeld \/ Mitte &#8211; Ein Mann aus Lage erlitt bei einer Auseinandersetzung am Boulevard mit einem&hellip;\n","protected":false},"author":2,"featured_media":29613,"comment_status":"","ping_status":"","sticky":false,"template":"","format":"standard","meta":{"footnotes":""},"categories":[1841],"tags":[1605,3364,29,30,1209,12925],"class_list":{"0":"post-179021","1":"post","2":"type-post","3":"status-publish","4":"format-standard","5":"has-post-thumbnail","7":"category-bielefeld","8":"tag-bielefeld","9":"tag-de","10":"tag-deutschland","11":"tag-germany","12":"tag-nordrhein-westfalen","13":"tag-polizeimeldungen"},"share_on_mastodon":{"url":"https:\/\/pubeurope.com\/@de\/114658467071027827","error":""},"_links":{"self":[{"href":"https:\/\/www.europesays.com\/de\/wp-json\/wp\/v2\/posts\/179021","targetHints":{"allow":["GET"]}}],"collection":[{"href":"https:\/\/www.europesays.com\/de\/wp-json\/wp\/v2\/posts"}],"about":[{"href":"https:\/\/www.europesays.com\/de\/wp-json\/wp\/v2\/types\/post"}],"author":[{"embeddable":true,"href":"https:\/\/www.europesays.com\/de\/wp-json\/wp\/v2\/users\/2"}],"replies":[{"embeddable":true,"href":"https:\/\/www.europesays.com\/de\/wp-json\/wp\/v2\/comments?post=179021"}],"version-history":[{"count":0,"href":"https:\/\/www.europesays.com\/de\/wp-json\/wp\/v2\/posts\/179021\/revisions"}],"wp:featuredmedia":[{"embeddable":true,"href":"https:\/\/www.europesays.com\/de\/wp-json\/wp\/v2\/media\/29613"}],"wp:attachment":[{"href":"https:\/\/www.europesays.com\/de\/wp-json\/wp\/v2\/media?parent=179021"}],"wp:term":[{"taxonomy":"category","embeddable":true,"href":"https:\/\/www.europesays.com\/de\/wp-json\/wp\/v2\/categories?post=179021"},{"taxonomy":"post_tag","embeddable":true,"href":"https:\/\/www.europesays.com\/de\/wp-json\/wp\/v2\/tags?post=179021"}],"curies":[{"name":"wp","href":"https:\/\/api.w.org\/{rel}","templated":true}]}}