{"id":179108,"date":"2025-06-10T10:40:11","date_gmt":"2025-06-10T10:40:11","guid":{"rendered":"https:\/\/www.europesays.com\/de\/179108\/"},"modified":"2025-06-10T10:40:11","modified_gmt":"2025-06-10T10:40:11","slug":"kristin-joachim-neue-moderatorin-bei-rbb24-brandenburg-aktuell","status":"publish","type":"post","link":"https:\/\/www.europesays.com\/de\/179108\/","title":{"rendered":"Kristin Joachim neue Moderatorin bei rbb24 Brandenburg aktuell"},"content":{"rendered":"<p class=\"date\">10.06.2025 \u2013 12:23<\/p>\n<p class=\"customer\">\n                        <a class=\"story-customer\" title=\"weiter zum newsroom von rbb - Rundfunk Berlin-Brandenburg\" href=\"https:\/\/www.presseportal.de\/nr\/51580\" target=\"_blank\" rel=\"noopener\">rbb &#8211; Rundfunk Berlin-Brandenburg<\/a>\n                    <\/p>\n<p><a class=\"glightbox event-trigger\" href=\"https:\/\/cache.pressmailing.net\/thumbnail\/story_hires\/b5c9f6a2-393f-4754-961c-f2ba66c9689f\/Portr%C3%A4t%20Kristin%20Joachim_16-9_300dpi.jpg.jpg\" data-description=\"Kristin Joachim wird neue Moderatorin bei rbb24 Brandenburg aktuell. Am 12. Juli pr\u00e4sentiert sie zum ersten Mal das Nachrichtenmagazin live aus Potsdam im rbb Fernsehen.&#010;\u00a9 rbb\/ Agata Madrachowska, honorarfrei - Verwendung gem\u00e4\u00df der AGB von ARD-Foto im Rahmen einer engen, unternehmensbezogenen Berichterstattung im rbb-Zusammenhang bei Nennung &quot;Bild: rbb\/ Agata Madrachowska \/ Weiterer Text \u00fcber OTS und www.presseportal.de\/pm\/51580\" data-category=\"medialightbox\" data-action=\"click\" data-label=\"single\" data-value=\"684807b0270000fd2cac05f8\" target=\"_blank\" rel=\"noopener\"><img decoding=\"async\" height=\"540\" with=\"720\" src=\"https:\/\/www.europesays.com\/de\/wp-content\/uploads\/2025\/06\/kristin-joachim-neue-moderatorin-bei-rbb24-brandenburg-aktuell.jpeg\"   alt=\"Kristin Joachim neue Moderatorin bei rbb24 Brandenburg aktuell\" class=\"single\"\/><\/a><\/p>\n<p><a data-category=\"citylink-story-view\" data-action=\"click\" data-label=\"Citylink in Meldungsansicht\" class=\"story-city event-trigger\" href=\"https:\/\/www.presseportal.de\/regional\/Potsdam\" title=\"News aus Potsdam \" target=\"_blank\" rel=\"noopener\">Potsdam<\/a> (ots)<\/p>\n<p>Kristin Joachim (44) wird neue Moderatorin bei rbb24 Brandenburg aktuell. Am 12. Juli pr\u00e4sentiert sie zum ersten Mal das Nachrichtenmagazin live aus Potsdam im rbb Fernsehen.<\/p>\n<p>&#8222;Eine Brandenburgerin f\u00fcr Brandenburg aktuell: Kristin Joachim ist eine hervorragende Reporterin und Korrespondentin, die jetzt als Moderatorin das Land Brandenburg in den Blick nimmt. Mit ihren Erfahrungen und ihren Perspektiven wird sie die wichtigste Fernsehsendung aus und f\u00fcr Brandenburg pr\u00e4gen&#8220;, sagt Stephanie Pieper, kommissarische Chefredakteurin des Rundfunk Berlin-Brandenburg (rbb).<\/p>\n<p>Kristin Joachim ist derzeit noch Leiterin des ARD-Studios Warschau und ist als crossmediale Korrespondentin f\u00fcr ganz Polen zust\u00e4ndig. Zuvor sammelte sie bereits Erfahrung auf regionaler und nationaler Ebene: Zun\u00e4chst berichtete sie u. a. f\u00fcr Tagesschau und Tagesthemen \u00fcber Themen aus Berlin und Brandenburg, bevor sie als Korrespondentin ins ARD-Hauptstadtstudio wechselte. Dort analysierte und begleitete sie zentrale politische Entwicklungen im Bund, etwa die Bundestagswahl 2021 und den Regierungswechsel. Seit 2022 leitet sie das ARD-Studio Warschau. Der Podcast &#8222;In Polen&#8220;, den sie gemeinsam mit Warschau-Korrespondent Martin Adam entwickelt hat und dessen Host sie ist, war 2024 f\u00fcr den Deutschen Radiopreis nominiert.<\/p>\n<p>Dirk Platt, Redaktionsleiter von rbb24 Brandenburg aktuell: &#8222;Kristin Joachim bringt alles mit, was ich mir f\u00fcr die Moderation von rbb24 Brandenburg aktuell w\u00fcnsche. Sie ist eine exzellente Journalistin. Und als geb\u00fcrtige Brandenburgerin wei\u00df sie, wie wir hier ticken und welche Themen uns hier im Land besch\u00e4ftigen. Sie ist ein Gl\u00fccksfall f\u00fcr die Sendung.&#8220;<\/p>\n<p>Kristin Joachim: &#8222;Brandenburg ist meine Heimat &#8211; hier bin ich geboren, hier liegen meine Wurzeln. Umso mehr freue ich mich, mit &#8218;Brandenburg aktuell&#8216; ein Format mitzugestalten, das den Menschen hier Tag f\u00fcr Tag eine Stimme gibt. Die Erfahrungen, die ich in Berlin, in der Bundespolitik und als Korrespondentin in Polen gesammelt habe, m\u00f6chte ich jetzt einsetzen, um komplexe Entwicklungen einzuordnen und den Blick \u00fcber den Tellerrand mit der N\u00e4he zum Alltag in Brandenburg zu verbinden. Journalismus bedeutet f\u00fcr mich: genau hinschauen, den Menschen zuh\u00f6ren und die Themen aufgreifen, die f\u00fcr sie wirklich wichtig sind.&#8220;<\/p>\n<p>Kristin Joachim ist in Neuruppin geboren und hat dort einen gro\u00dfen Teil ihrer Kindheit verbracht. Brandenburg ist f\u00fcr sie also nicht nur ein Berichtsgebiet, sondern ein St\u00fcck Heimat. Ihre journalistische Laufbahn begann sie nach dem Studium in Berlin und Bordeaux mit einem Volontariat an der Electronic Media School (ems) in Babelsberg.<\/p>\n<p class=\"contact-headline\">Pressekontakt:<\/p>\n<p class=\"contact-text\">Rundfunk Berlin Brandenburg (rbb)<br \/>Presse und Information<br \/>Mail: <a href=\"https:\/\/www.presseportal.de\/pm\/51580\/mailto: presse@rbb-online.de\" class=\"uri-mailto\" target=\"_blank\" rel=\"noopener\"> presse@rbb-online.de<\/a><\/p>\n<p class=\"originator\">Original-Content von: rbb &#8211; Rundfunk Berlin-Brandenburg, \u00fcbermittelt durch news aktuell<\/p>\n","protected":false},"excerpt":{"rendered":"10.06.2025 \u2013 12:23 rbb &#8211; Rundfunk Berlin-Brandenburg Potsdam (ots) Kristin Joachim (44) wird neue Moderatorin bei rbb24 Brandenburg&hellip;\n","protected":false},"author":2,"featured_media":179109,"comment_status":"","ping_status":"","sticky":false,"template":"","format":"standard","meta":{"footnotes":""},"categories":[1816],"tags":[1960,1958,1959,1957,1956,3477,1890,29,441,5609,30,1724,62,13564,16,178,180,179,181],"class_list":{"0":"post-179108","1":"post","2":"type-post","3":"status-publish","4":"format-standard","5":"has-post-thumbnail","7":"category-brandenburg","8":"tag-aktuelle-nachrichten-aus-berlin-und-brandenburg","9":"tag-aktuelle-nachrichten-aus-brandenburg","10":"tag-aktuelle-news-aus-berlin-und-brandenburg","11":"tag-aktuelle-news-aus-brandenburg","12":"tag-berlin-und-brandenburg","13":"tag-bild","14":"tag-brandenburg","15":"tag-deutschland","16":"tag-fernsehen","17":"tag-fernsehprogramm","18":"tag-germany","19":"tag-gesellschaft","20":"tag-medien","21":"tag-personalie","22":"tag-politik","23":"tag-presse","24":"tag-pressemeldung","25":"tag-pressemitteilung","26":"tag-pressemitteilungen"},"share_on_mastodon":{"url":"https:\/\/pubeurope.com\/@de\/114658648104961278","error":""},"_links":{"self":[{"href":"https:\/\/www.europesays.com\/de\/wp-json\/wp\/v2\/posts\/179108","targetHints":{"allow":["GET"]}}],"collection":[{"href":"https:\/\/www.europesays.com\/de\/wp-json\/wp\/v2\/posts"}],"about":[{"href":"https:\/\/www.europesays.com\/de\/wp-json\/wp\/v2\/types\/post"}],"author":[{"embeddable":true,"href":"https:\/\/www.europesays.com\/de\/wp-json\/wp\/v2\/users\/2"}],"replies":[{"embeddable":true,"href":"https:\/\/www.europesays.com\/de\/wp-json\/wp\/v2\/comments?post=179108"}],"version-history":[{"count":0,"href":"https:\/\/www.europesays.com\/de\/wp-json\/wp\/v2\/posts\/179108\/revisions"}],"wp:featuredmedia":[{"embeddable":true,"href":"https:\/\/www.europesays.com\/de\/wp-json\/wp\/v2\/media\/179109"}],"wp:attachment":[{"href":"https:\/\/www.europesays.com\/de\/wp-json\/wp\/v2\/media?parent=179108"}],"wp:term":[{"taxonomy":"category","embeddable":true,"href":"https:\/\/www.europesays.com\/de\/wp-json\/wp\/v2\/categories?post=179108"},{"taxonomy":"post_tag","embeddable":true,"href":"https:\/\/www.europesays.com\/de\/wp-json\/wp\/v2\/tags?post=179108"}],"curies":[{"name":"wp","href":"https:\/\/api.w.org\/{rel}","templated":true}]}}