{"id":179120,"date":"2025-06-10T10:46:11","date_gmt":"2025-06-10T10:46:11","guid":{"rendered":"https:\/\/www.europesays.com\/de\/179120\/"},"modified":"2025-06-10T10:46:11","modified_gmt":"2025-06-10T10:46:11","slug":"taylor-swift-fuerchtet-um-sicherheit-und-beantragt-einstweilige-verfuegung","status":"publish","type":"post","link":"https:\/\/www.europesays.com\/de\/179120\/","title":{"rendered":"Taylor Swift f\u00fcrchtet um Sicherheit und beantragt einstweilige Verf\u00fcgung"},"content":{"rendered":"<p><img decoding=\"async\" src=\"https:\/\/www.europesays.com\/de\/wp-content\/uploads\/2025\/06\/405124061172149.jpeg\" fetchpriority=\"high\" width=\"1717\" height=\"1172\" alt=\"Taylor Swift arrives for the 67th Annual Grammy Awards at Crypto.com Arena in Los Angeles on February 2, 2025. The awards ceremony will honor the best recordings. compositions, and artists from Septem ...\" data-image-id=\"405124061172149\" class=\"watson-snippet__image bg-grey-10 block h-auto w-full \"\/><\/p>\n<p>Taylor Swift wehrt sich nun gegen einen Mann, der sie stalken soll.Bild: IMAGO\/UPI Photo<\/p>\n<p>Stars<\/p>\n<p>Taylor Swift hat auf der ganzen Welt Millionen von Fans, die ihrem Idol ganz nah sein wollen. Die Sicherheit steht bei den Stars gerade deswegen immer wieder auf dem Pr\u00fcfstand. Die S\u00e4ngerin leitet jetzt rechtliche Schritte gegen einen Mann ein.<\/p>\n<p>10.06.2025, 11:3510.06.2025, 11:35<\/p>\n<p><img decoding=\"async\" src=\"https:\/\/www.europesays.com\/de\/wp-content\/uploads\/2025\/03\/2087825566335088.jpeg\" alt=\"Imke Gerriets\" width=\"50\" height=\"50\" loading=\"lazy\" class=\"h-auto w-14 rounded-full\"\/><\/p>\n<p>Folgen<\/p>\n<p class=\"watson-snippet__text my-6 text-[16px] lg:text-[18px] leading-normal md:w-3\/5\">Besonders die vergangenen Monate waren f\u00fcr Taylor Swift kr\u00e4ftezehrend. Die S\u00e4ngerin beendete Ende 2024 ihre gro\u00dfe &#8222;The Eras&#8220;-Tour. Seit M\u00e4rz 2023 tourte sie durch die ganze Welt, auch in Deutschland war sie f\u00fcr mehrere Tour-Stopps. <strong>Die S\u00e4ngerin macht sich derzeit rar und genie\u00dft ihre Auszeit von ihrer Welttournee.<\/strong><\/p>\n<p class=\"watson-snippet__text my-6 text-[16px] lg:text-[18px] leading-normal md:w-3\/5\">Nun gibt es aber besorgniserregende Nachrichten um den Megastar. Wie verschiedene Portale \u00fcbereinstimmend berichten, <strong>soll Taylor Swift wegen Bel\u00e4stigung eine einstweilige Verf\u00fcgung eingereicht haben.<\/strong><\/p>\n<p>Taylor Swift wird von einem Mann aufgesucht<\/p>\n<p class=\"watson-snippet__text my-6 text-[16px] lg:text-[18px] leading-normal md:w-3\/5\">Medien wie &#8222;<a target=\"_blank\" rel=\"nofollow noopener\" href=\"https:\/\/www.tmz.com\/2025\/06\/09\/taylor-swift-stalker-restraining-order-harassment-los-angeles-home-mother-child\/\">TMZ<\/a>&#8220; und &#8222;<a target=\"_blank\" rel=\"nofollow noopener\" href=\"https:\/\/www.eonline.com\/news\/1418506\/taylor-swift-files-restraining-order-against-man-claims-harassment#:~:text=Taylor%20Swift%20Files%20for%20Temporary,She%20Says%20Is%20Harassing%20Her\" class=\"\">E! News<\/a>&#8220; berichten jetzt anhand von Rechtsdokumenten, dass sich Taylor Swift um ihre eigene Sicherheit und die ihrer Familie f\u00fcrchtet. <strong>Ein Mann aus Colorado sei wiederholt in ihrem Haus in Los Angeles aufgetaucht, hei\u00dft es in den Dokumenten. <\/strong>Gegen ihn habe sie nun eine einstweilige Verf\u00fcgung eingereicht. <\/p>\n<p class=\"watson-snippet__text my-6 text-[16px] lg:text-[18px] leading-normal md:w-3\/5\">Darin hei\u00dft es unter anderem von Taylor Swift selbst, dass der Mann verschiedene Aussagen dar\u00fcber mache, dass er auf ihrem Grundst\u00fcck wohnen w\u00fcrde, <strong>&#8222;dass er in einer Beziehung mit mir sei (nicht wahr), dass er glaube, ich sei die Mutter seines Sohnes (nicht wahr) und dass er mich pers\u00f6nlich sehen m\u00fcsse&#8220;.<\/strong><\/p>\n<p class=\"watson-snippet__text my-6 text-[16px] lg:text-[18px] leading-normal md:w-3\/5\">Die S\u00e4ngerin betont: <strong>&#8222;All diese Aussagen sind unwahr und haben keinen Bezug zur Realit\u00e4t.&#8220; <\/strong>Der Beschuldigte soll ihr Anwesen in Los Angeles zum ersten Mal 2024 aufgesucht haben, im Juli desselben Jahres sei er mehrmals dorthin zur\u00fcckgekehrt. <\/p>\n<p>Taylor Swift soll Briefe aus dem Gef\u00e4ngnis bekommen haben<\/p>\n<p class=\"watson-snippet__text my-6 text-[16px] lg:text-[18px] leading-normal md:w-3\/5\">Taylor Swift gibt in ihrer Erkl\u00e4rung weiter an, dass er bei mindestens einer der Gelegenheiten im Juli 2024 &#8222;eine Glasflasche bei sich trug, die als Waffe h\u00e4tte verwendet werden k\u00f6nnen&#8220;. <\/p>\n<p class=\"watson-snippet__text my-6 text-[16px] lg:text-[18px] leading-normal md:w-3\/5\">Ihren Wohnsitz habe er zudem im Mai 2025 erneut besucht und h\u00e4tte behauptet, dort gewesen zu sein, &#8222;um nach einem Freund zu sehen (was wiederum v\u00f6llig unwahr ist)&#8220;.<strong> Swifts Sicherheitsteam habe derweil eine Hintergrund\u00fcberpr\u00fcfung veranlasst. <\/strong><\/p>\n<p class=\"watson-snippet__text my-6 text-[16px] lg:text-[18px] leading-normal md:w-3\/5\">Im Zuge dessen habe sich herausgestellt, dass er zuvor inhaftiert gewesen sei.<strong> Aus der Haft soll er auch Briefe an Taylor Swift geschrieben haben.<\/strong> <\/p>\n<p class=\"watson-snippet__text my-6 text-[16px] lg:text-[18px] leading-normal md:w-3\/5\">Der Inhalt w\u00e4re gewesen, dass er &#8222;ausf\u00fchrlich von seiner Verliebtheit in mich, einer romantischen Beziehung mit mir (die es nicht gibt) und anderen v\u00f6llig erfundenen Geschichten \u00fcber seine Einmischung in mein Privatleben&#8220; berichtet habe, gibt Taylor Swift weiter an. <\/p>\n<p>S\u00e4ngerin und Sicherheitsteam sind alarmiert<\/p>\n<p class=\"watson-snippet__text my-6 text-[16px] lg:text-[18px] leading-normal md:w-3\/5\">Dar\u00fcber hinaus soll er es geschafft haben, dass auf seinem F\u00fchrerschein die Wohnanschrift von Taylor Swift in Los Angeles stehen w\u00fcrde. <strong>Auch h\u00e4tte er &#8222;Hunderte&#8220; von Droh-E-Mails an ihre Mitarbeiter geschickt und versucht, ihre eigene Post an seinen Wohnort umzuleiten.<\/strong><\/p>\n<p class=\"watson-snippet__text my-6 text-[16px] lg:text-[18px] leading-normal md:w-3\/5\">Die Rekord-S\u00e4ngerin stellt klar, dass sie keine Beziehung zu dem Mann habe und ihn auch nie getroffen oder mit ihm kommuniziert habe. Hinsichtlich seiner j\u00fcngsten Besuche bei ihr zu Hause im Mai <strong>sei die Situation f\u00fcr sie &#8222;noch schlimmer&#8220; und es w\u00fcrde &#8222;die Angst vor unmittelbar drohendem Schaden&#8220; wecken.<\/strong><\/p>\n<p class=\"watson-snippet__text my-6 text-[16px] lg:text-[18px] leading-normal md:w-3\/5\"><strong>Taylor Swift erwirkt nun mit ihren drastischen Schilderungen in Los Angeles eine einstweilige Verf\u00fcgung<\/strong>, die dem Mann den Zutritt zu ihrem Haus, ihren Arbeitspl\u00e4tzen und ihren Fahrzeugen verbietet. Die K\u00fcnstlerin besitzt unter anderem Immobilien in New York, Beverly Hills, Nashville oder auch im Bundesstaat Rhode Island. <\/p>\n<p><a href=\"https:\/\/www.watson.de\/unterhaltung\/filme-und-serien\/213116956-heute-im-tv-gerard-butler-film-der-in-der-ukraine-verboten-wurde\" aria-label=\"Zur Story\" class=\"watson-next-story__link absolute inset-0 z-10\" rel=\"nofollow noopener\" target=\"_blank\"><\/p>\n<p>Gerard Butler z\u00e4hlt zu den gr\u00f6\u00dften Action-Stars \u00fcberhaupt. Ein Kriegsfilm mit ihm in der Hauptrolle schrieb allerdings nicht wegen gro\u00dfer Erfolge Schlagzeilen. Gleich mehrere L\u00e4nder verweigerten die Ausstrahlung.<\/p>\n<p class=\"watson-snippet__text my-6 text-[16px] lg:text-[18px] leading-normal md:w-3\/5\">Der Karriere-Weg von Gerard Butler ist mit zahlreichen Action-Krachern gepflastert, momentan befinden sich gleich mehrere Projekte mit dem 55-J\u00e4hrigen in der Postproduktion, darunter &#8222;Den of Thieves 3&#8220;.<\/p>\n","protected":false},"excerpt":{"rendered":"Taylor Swift wehrt sich nun gegen einen Mann, der sie stalken soll.Bild: IMAGO\/UPI Photo Stars Taylor Swift hat&hellip;\n","protected":false},"author":2,"featured_media":179121,"comment_status":"","ping_status":"","sticky":false,"template":"","format":"standard","meta":{"footnotes":""},"categories":[1776],"tags":[1801,29,214,30,1802,215],"class_list":{"0":"post-179120","1":"post","2":"type-post","3":"status-publish","4":"format-standard","5":"has-post-thumbnail","7":"category-prominente","8":"tag-celebrities","9":"tag-deutschland","10":"tag-entertainment","11":"tag-germany","12":"tag-prominente","13":"tag-unterhaltung"},"share_on_mastodon":{"url":"https:\/\/pubeurope.com\/@de\/114658671738172275","error":""},"_links":{"self":[{"href":"https:\/\/www.europesays.com\/de\/wp-json\/wp\/v2\/posts\/179120","targetHints":{"allow":["GET"]}}],"collection":[{"href":"https:\/\/www.europesays.com\/de\/wp-json\/wp\/v2\/posts"}],"about":[{"href":"https:\/\/www.europesays.com\/de\/wp-json\/wp\/v2\/types\/post"}],"author":[{"embeddable":true,"href":"https:\/\/www.europesays.com\/de\/wp-json\/wp\/v2\/users\/2"}],"replies":[{"embeddable":true,"href":"https:\/\/www.europesays.com\/de\/wp-json\/wp\/v2\/comments?post=179120"}],"version-history":[{"count":0,"href":"https:\/\/www.europesays.com\/de\/wp-json\/wp\/v2\/posts\/179120\/revisions"}],"wp:featuredmedia":[{"embeddable":true,"href":"https:\/\/www.europesays.com\/de\/wp-json\/wp\/v2\/media\/179121"}],"wp:attachment":[{"href":"https:\/\/www.europesays.com\/de\/wp-json\/wp\/v2\/media?parent=179120"}],"wp:term":[{"taxonomy":"category","embeddable":true,"href":"https:\/\/www.europesays.com\/de\/wp-json\/wp\/v2\/categories?post=179120"},{"taxonomy":"post_tag","embeddable":true,"href":"https:\/\/www.europesays.com\/de\/wp-json\/wp\/v2\/tags?post=179120"}],"curies":[{"name":"wp","href":"https:\/\/api.w.org\/{rel}","templated":true}]}}