{"id":179126,"date":"2025-06-10T10:49:16","date_gmt":"2025-06-10T10:49:16","guid":{"rendered":"https:\/\/www.europesays.com\/de\/179126\/"},"modified":"2025-06-10T10:49:16","modified_gmt":"2025-06-10T10:49:16","slug":"bauer-sucht-frau-2025-simone-lebt-fuer-ihren-gnadenhof","status":"publish","type":"post","link":"https:\/\/www.europesays.com\/de\/179126\/","title":{"rendered":"Bauer sucht Frau 2025: Simone lebt f\u00fcr ihren Gnadenhof"},"content":{"rendered":"<p>Sie liebt lange Abende am Lagerfeuer\u201eBauer sucht Frau\u201d-Kandidatin Simone bedeuten ihr Gnadenhof und Schlager alles <\/p>\n<p>02:32 min<\/p>\n<p>\u201eBauer sucht Frau\u201c-Kandidatin<\/p>\n<p>\u201eB\u00e4rchen\u201c gesucht! Simone w\u00fcnscht sich einen Partner f\u00fcrs Herz<\/p>\n<p>10. Juni 2025 um 10:35 Uhr<\/p>\n<p class=\"Typography_text-default__wldUd Typography_align-left__koBUM AnnotatedMarkup_paragraph__IUT9l\"><strong>Ein Herz f\u00fcr Schlager und Tiere!<\/strong><br \/>Das m\u00fcsste der Traummann von \u201eBauer sucht Frau\u201d-Kandidatin Simone wohl haben. Die 55-J\u00e4hrige m\u00f6chte nicht l\u00e4nger allein durchs Leben gehen und w\u00fcnscht sich einen liebevollen Partner, der lange Abende am Lagerfeuer genau so sehr liebt wie sie. Wir ihr Traumtyp sein sollte, erkl\u00e4rt Gnadenhofbetreiberin Simone oben im Video.<\/p>\n<p>\u201eBauer sucht Frau\u201c-Kandidatin Simone im Steckbrief<img alt=\"Gnadenhofbetreiberin Simone aus dem Saarland.\" loading=\"lazy\" width=\"940\" height=\"529\" decoding=\"async\" data-nimg=\"1\" class=\"Image_image__SdgLQ Picture_image__vGN9W\" style=\"color:transparent\"   src=\"https:\/\/www.europesays.com\/de\/wp-content\/uploads\/2025\/06\/gnadenhofbetreiberin-simone-aus-dem-saarland.webp.webp\"\/><\/p>\n<p>Gnadenhofbetreiberin Simone aus dem Saarland.<\/p>\n<p>RTL <\/p>\n<ul class=\"BulletedList_ul__9tzYn\">\n<li class=\"BulletedList_li__361p2\">\n<p class=\"Typography_text-default__wldUd Typography_align-left__koBUM AnnotatedMarkup_paragraph__IUT9l\"><strong>Alter:<\/strong> 55<\/p>\n<\/li>\n<li class=\"BulletedList_li__361p2\">\n<p class=\"Typography_text-default__wldUd Typography_align-left__koBUM AnnotatedMarkup_paragraph__IUT9l\"><strong>Region: <\/strong>Saarland<\/p>\n<\/li>\n<li class=\"BulletedList_li__361p2\">\n<p class=\"Typography_text-default__wldUd Typography_align-left__koBUM AnnotatedMarkup_paragraph__IUT9l\"><strong>Sternzeichen: <\/strong>Krebs<\/p>\n<\/li>\n<li class=\"BulletedList_li__361p2\">\n<p class=\"Typography_text-default__wldUd Typography_align-left__koBUM AnnotatedMarkup_paragraph__IUT9l\"><strong>Gr\u00f6\u00dfe:<\/strong> 1,70 m<\/p>\n<\/li>\n<li class=\"BulletedList_li__361p2\">\n<p class=\"Typography_text-default__wldUd Typography_align-left__koBUM AnnotatedMarkup_paragraph__IUT9l\"><strong>Betrieb:<\/strong> Hobbybetrieb (Hauptberuf: Altenpflege) Gnadenhof, 1,5 ha 12 Pferde, drei Ponys, zwei Esel, sieben Ziegen, zwei Hunde, Katze<\/p>\n<\/li>\n<li class=\"BulletedList_li__361p2\">\n<p class=\"Typography_text-default__wldUd Typography_align-left__koBUM AnnotatedMarkup_paragraph__IUT9l\"><strong>Umfeld: <\/strong>lebt mit ihrem Enkel (14) auf dem Hof<\/p>\n<\/li>\n<\/ul>\n<p>F\u00fcr Simone haben \u201ealle Tiere ein Recht auf ein gl\u00fcckliches Leben\u201d! <\/p>\n<p class=\"Typography_text-default__wldUd Typography_align-left__koBUM AnnotatedMarkup_paragraph__IUT9l\">Im sch\u00f6nen Saarland hat sich Simone ihren pers\u00f6nlichen Traum erf\u00fcllt. Die tierliebe 55-J\u00e4hrige betreibt seit zehn Jahren einen Gnadenhof. Zusammen mit vielen ehrenamtlichen Helfern k\u00fcmmert sie sich hier liebevoll um Pferde, Ponys, Esel, Ziegen, zwei Hunde und eine Katze. Simone bedeutet ihr Hof sehr viel, denn: \u201eAlle Tiere haben ein Recht auf ein gl\u00fcckliches Leben.\u201c<\/p>\n<p class=\"Typography_text-default__wldUd Typography_align-left__koBUM AnnotatedMarkup_paragraph__IUT9l\">Die 1,70 m gro\u00dfe Saarl\u00e4nderin arbeitet hauptberuflich in der Altenpflege. In ihrer Freizeit liebt es Simone, ihren Abend am Lagerfeuer ausklingen zu lassen. Doch seit \u00fcber zwei Jahren ist sie dabei allein.<\/p>\n<p class=\"Typography_text-default__wldUd Typography_align-left__koBUM AnnotatedMarkup_paragraph__IUT9l\"><strong>Streaming-Tipp:<\/strong> <a rel=\"noopener nofollow\" href=\"https:\/\/plus.rtl.de\/video-tv\/shows\/bauer-sucht-frau-140759?utm_campaign=textlink&amp;utm_source=rtl&amp;utm_medium=owned&amp;utm_term=bauer-sucht-frau&amp;utm_content=4384267\" target=\"_blank\">Alle vergangenen \u201eBauer sucht Frau\u201c-Staffeln k\u00f6nnt ihr jederzeit auf RTL+ streamen<\/a><\/p>\n<p>Anzeige:<\/p>\n<p>Empfehlungen unserer Partner<\/p>\n<p>In Simones gro\u00dfem Herz f\u00fcr Tiere ist noch Platz f\u00fcr den Traummann<img alt=\"Gnadenhofbetreiberin Simone aus dem Saarland.\" loading=\"lazy\" width=\"940\" height=\"529\" decoding=\"async\" data-nimg=\"1\" class=\"Image_image__SdgLQ Picture_image__vGN9W\" style=\"color:transparent\"   src=\"https:\/\/www.europesays.com\/de\/wp-content\/uploads\/2025\/06\/1749552556_108_gnadenhofbetreiberin-simone-aus-dem-saarland.webp.webp\"\/><\/p>\n<p>Simone hat definitiv ein sehr gro\u00dfes Herz f\u00fcr Tiere. <\/p>\n<p>RTL <\/p>\n<p class=\"Typography_text-default__wldUd Typography_align-left__koBUM AnnotatedMarkup_paragraph__IUT9l\">Simone hofft nun, einen Partner zu finden, der, wie sie Schlager-Fan ist. Er soll nicht zu d\u00fcnn und nicht zu dick sein und einen starken Charakter haben. Simone w\u00fcnscht sich gemeinsame romantische Stunden: \u201eIn meinem Herzen ist noch so viel Platz und den m\u00f6chte ich gern meinem Traummann schenken.\u201c Und den m\u00f6chte sie in der 21. Staffel von \u201eBauer sucht Frau\u201d finden.<\/p>\n<p>Interessiert? Hier k\u00f6nnt ihr euch f\u00fcr Simone bewerben!<\/p>\n<p class=\"Typography_text-default__wldUd Typography_align-left__koBUM AnnotatedMarkup_paragraph__IUT9l\">Wer sich f\u00fcr Simone bewerben m\u00f6chte, kann sich <strong><a rel=\"noopener noreferrer nofollow\" href=\"https:\/\/www.ufa.de\/casting\/bauer-sucht-frau-21\" target=\"_blank\">HIER per Online-Kontaktformular<\/a><\/strong> melden oder eine E-Mail an <strong>bauersuchtfrau@rtl.de<\/strong> schreiben.<\/p>\n<p class=\"Typography_text-default__wldUd Typography_align-left__koBUM AnnotatedMarkup_paragraph__IUT9l\">Nat\u00fcrlich k\u00f6nnt ihr euch auch telefonisch unter folgender Hotline melden:<\/p>\n<p>Bauer sucht Frau: Alle Video-Highlights gibt\u2019s in unserer Playlist\u201eBauer sucht Frau\u201c jederzeit auf RTL+ streamen<\/p>\n<p class=\"Typography_text-default__wldUd Typography_align-left__koBUM AnnotatedMarkup_paragraph__IUT9l\"><strong>Am Pfingstmontag, 9. Juni hat Inka Bause alle neuen Kandidaten der 21. Staffel bei \u201eBauer sucht Frau &#8211; Die neuen Bauern\u201c vorgestellt<\/strong> \u2013 neue Folgen gibt es immer montags und <a rel=\"noopener nofollow\" href=\"https:\/\/plus.rtl.de\/video-tv\/shows\/bauer-sucht-frau-140759?utm_campaign=header&amp;utm_source=rtl&amp;utm_medium=owned&amp;utm_term=bauer-sucht-frau&amp;utm_content=4384267\" target=\"_blank\">auf RTL+ wie gewohnt immer schon eine Woche vorher! <\/a>Bis dahin gibt es f\u00fcr alle Fans jede Menge Staffeln und Folgen der beliebten Kuppel-Show <a rel=\"noopener nofollow\" href=\"https:\/\/plus.rtl.de\/video-tv\/shows\/bauer-sucht-frau-140759?utm_campaign=textlink&amp;utm_source=rtl&amp;utm_medium=owned&amp;utm_term=bauer-sucht-frau&amp;utm_content=4363108\" target=\"_blank\">ebenfalls <\/a><a rel=\"noopener nofollow\" href=\"https:\/\/plus.rtl.de\/video-tv\/shows\/bauer-sucht-frau-140759?utm_campaign=textlink&amp;utm_source=rtl&amp;utm_medium=owned&amp;utm_term=bauer-sucht-frau&amp;utm_content=4384267\" target=\"_blank\">auf RTL+ zu streamen<\/a>. Einfach mal durchst\u00f6bern! (rg\u00e4)<\/p>\n","protected":false},"excerpt":{"rendered":"Sie liebt lange Abende am Lagerfeuer\u201eBauer sucht Frau\u201d-Kandidatin Simone bedeuten ihr Gnadenhof und Schlager alles 02:32 min \u201eBauer&hellip;\n","protected":false},"author":2,"featured_media":179127,"comment_status":"","ping_status":"","sticky":false,"template":"","format":"standard","meta":{"footnotes":""},"categories":[1773],"tags":[6631,57108,57106,57107,57105,29,214,30,6629,471,1780,684,215],"class_list":{"0":"post-179126","1":"post","2":"type-post","3":"status-publish","4":"format-standard","5":"has-post-thumbnail","7":"category-serien","8":"tag-bauer-sucht-frau","9":"tag-bauer-sucht-frau-2025","10":"tag-bauer-sucht-frau-kandidaten","11":"tag-bauer-sucht-frau-news","12":"tag-bauer-sucht-frau-videos","13":"tag-deutschland","14":"tag-entertainment","15":"tag-germany","16":"tag-inka-bause","17":"tag-serien","18":"tag-series","19":"tag-tv","20":"tag-unterhaltung"},"share_on_mastodon":{"url":"https:\/\/pubeurope.com\/@de\/114658683466758410","error":""},"_links":{"self":[{"href":"https:\/\/www.europesays.com\/de\/wp-json\/wp\/v2\/posts\/179126","targetHints":{"allow":["GET"]}}],"collection":[{"href":"https:\/\/www.europesays.com\/de\/wp-json\/wp\/v2\/posts"}],"about":[{"href":"https:\/\/www.europesays.com\/de\/wp-json\/wp\/v2\/types\/post"}],"author":[{"embeddable":true,"href":"https:\/\/www.europesays.com\/de\/wp-json\/wp\/v2\/users\/2"}],"replies":[{"embeddable":true,"href":"https:\/\/www.europesays.com\/de\/wp-json\/wp\/v2\/comments?post=179126"}],"version-history":[{"count":0,"href":"https:\/\/www.europesays.com\/de\/wp-json\/wp\/v2\/posts\/179126\/revisions"}],"wp:featuredmedia":[{"embeddable":true,"href":"https:\/\/www.europesays.com\/de\/wp-json\/wp\/v2\/media\/179127"}],"wp:attachment":[{"href":"https:\/\/www.europesays.com\/de\/wp-json\/wp\/v2\/media?parent=179126"}],"wp:term":[{"taxonomy":"category","embeddable":true,"href":"https:\/\/www.europesays.com\/de\/wp-json\/wp\/v2\/categories?post=179126"},{"taxonomy":"post_tag","embeddable":true,"href":"https:\/\/www.europesays.com\/de\/wp-json\/wp\/v2\/tags?post=179126"}],"curies":[{"name":"wp","href":"https:\/\/api.w.org\/{rel}","templated":true}]}}