{"id":179163,"date":"2025-06-10T11:09:14","date_gmt":"2025-06-10T11:09:14","guid":{"rendered":"https:\/\/www.europesays.com\/de\/179163\/"},"modified":"2025-06-10T11:09:14","modified_gmt":"2025-06-10T11:09:14","slug":"anwohnersprechstunde-zu-bauarbeiten-in-der-rohrlachstrasse-ludwigshafen","status":"publish","type":"post","link":"https:\/\/www.europesays.com\/de\/179163\/","title":{"rendered":"Anwohnersprechstunde zu Bauarbeiten in der Rohrlachstra\u00dfe &#8211; Ludwigshafen"},"content":{"rendered":"<p><b\/><a href=\"https:\/\/www.rheinpfalz.de\/lokal\/ludwigshafen_artikel,-rohrlachstra%C3%9Fe-wird-neun-monate-voll-gesperrt-_arid,5781452.html\" target=\"_blank\" class=\"external-link-new-window\" title=\"\" rel=\"nofollow noopener\">Mitte Juni starten umfangreiche Sanierungsarbeiten f\u00fcr Kan\u00e4le und Versorgungsleitungen in der Rohrlachstra\u00dfe im Hemshof.<\/a> Am Donnerstag, 12. Juni, 17 Uhr, l\u00e4dt der Wirtschaftsbetrieb <a class=\"rtr-entity\" data-rtr-entity=\"Ludwigshafen\" data-rtr-id=\"26b4406521e36b503c690e53e1b9dec3bdb26dfe\" data-rtr-score=\"6.236722306525038\" data-rtr-etype=\"location\" data-rtr-index=\"3\" href=\"https:\/\/www.rheinpfalz.de\/lokal\/ludwigshafen.html?utm_source=rheinpfalz.de&amp;utm_medium=tms&amp;utm_campaign=intext\" rel=\"nofollow noopener\" target=\"_blank\">Ludwigshafen<\/a> (WBL)  laut Stadtverwaltung Anwohner zu einer Infoveranstaltung  ein. Hier bestehe die M\u00f6glichkeit, Fragen und Anliegen zum geplanten  Projektverlauf  mit WBL-Vertretern zu besprechen. Treffpunkt f\u00fcr die Veranstaltung ist der Haupteingang der Apostelkirche.<\/p>\n","protected":false},"excerpt":{"rendered":"Mitte Juni starten umfangreiche Sanierungsarbeiten f\u00fcr Kan\u00e4le und Versorgungsleitungen in der Rohrlachstra\u00dfe im Hemshof. Am Donnerstag, 12. Juni,&hellip;\n","protected":false},"author":2,"featured_media":179164,"comment_status":"","ping_status":"","sticky":false,"template":"","format":"standard","meta":{"footnotes":""},"categories":[1845],"tags":[1634,3364,29,548,663,3934,30,13,4060,25476,60457,2096,14,15,12],"class_list":{"0":"post-179163","1":"post","2":"type-post","3":"status-publish","4":"format-standard","5":"has-post-thumbnail","7":"category-mannheim","8":"tag-baden-wuerttemberg","9":"tag-de","10":"tag-deutschland","11":"tag-eu","12":"tag-europa","13":"tag-europe","14":"tag-germany","15":"tag-headlines","16":"tag-lokal","17":"tag-ludwigshafen","18":"tag-ludwigshafen-mitte","19":"tag-mannheim","20":"tag-nachrichten","21":"tag-news","22":"tag-schlagzeilen"},"share_on_mastodon":{"url":"https:\/\/pubeurope.com\/@de\/114658762217102592","error":""},"_links":{"self":[{"href":"https:\/\/www.europesays.com\/de\/wp-json\/wp\/v2\/posts\/179163","targetHints":{"allow":["GET"]}}],"collection":[{"href":"https:\/\/www.europesays.com\/de\/wp-json\/wp\/v2\/posts"}],"about":[{"href":"https:\/\/www.europesays.com\/de\/wp-json\/wp\/v2\/types\/post"}],"author":[{"embeddable":true,"href":"https:\/\/www.europesays.com\/de\/wp-json\/wp\/v2\/users\/2"}],"replies":[{"embeddable":true,"href":"https:\/\/www.europesays.com\/de\/wp-json\/wp\/v2\/comments?post=179163"}],"version-history":[{"count":0,"href":"https:\/\/www.europesays.com\/de\/wp-json\/wp\/v2\/posts\/179163\/revisions"}],"wp:featuredmedia":[{"embeddable":true,"href":"https:\/\/www.europesays.com\/de\/wp-json\/wp\/v2\/media\/179164"}],"wp:attachment":[{"href":"https:\/\/www.europesays.com\/de\/wp-json\/wp\/v2\/media?parent=179163"}],"wp:term":[{"taxonomy":"category","embeddable":true,"href":"https:\/\/www.europesays.com\/de\/wp-json\/wp\/v2\/categories?post=179163"},{"taxonomy":"post_tag","embeddable":true,"href":"https:\/\/www.europesays.com\/de\/wp-json\/wp\/v2\/tags?post=179163"}],"curies":[{"name":"wp","href":"https:\/\/api.w.org\/{rel}","templated":true}]}}