{"id":179174,"date":"2025-06-10T11:15:15","date_gmt":"2025-06-10T11:15:15","guid":{"rendered":"https:\/\/www.europesays.com\/de\/179174\/"},"modified":"2025-06-10T11:15:15","modified_gmt":"2025-06-10T11:15:15","slug":"pol-bi-jugendliche-leisten-widerstand-presseportal","status":"publish","type":"post","link":"https:\/\/www.europesays.com\/de\/179174\/","title":{"rendered":"POL-BI: Jugendliche leisten Widerstand | Presseportal"},"content":{"rendered":"<p class=\"date\">10.06.2025 \u2013 12:25<\/p>\n<p class=\"customer\">\n                        <a class=\"story-customer\" title=\"weiter zum newsroom von Polizei Bielefeld\" href=\"https:\/\/www.presseportal.de\/blaulicht\/nr\/12522\" rel=\"nofollow noopener\" target=\"_blank\">Polizei Bielefeld<\/a>\n                    <\/p>\n<p><a data-category=\"citylink-story-view\" data-action=\"click\" data-label=\"Citylink in Meldungsansicht\" class=\"story-city event-trigger\" href=\"https:\/\/www.presseportal.de\/regional\/Bielefeld\" title=\"News aus Bielefeld \" rel=\"nofollow noopener\" target=\"_blank\">Bielefeld<\/a> (ots)<\/p>\n<p>HC\/ Bielefeld- Mitte-<br \/>\nEin Bielefelder beleidigte w\u00e4hrend einer Polizeikontrolle am Sonntag, 08.06.2025, dazukommende Jugendliche. Die Jugendlichen leisteten anschlie\u00dfend Widerstand gegen die Polizeibeamten. Bei einem fanden Polizisten ein Messer im G\u00fcrtel.<\/p>\n<p>Im Rahmen einer Fahndung nach einem Raub kontrollierten Streifenpolizisten gegen 03:00 Uhr zwei polizeibekannte M\u00e4nner vor einem Kiosk an der Herforder Stra\u00dfe. Als sich zwei Jugendliche n\u00e4herten, beleidigte einer der Kontrollierten &#8211; ein 21-j\u00e4hriger Bielefelder &#8211; den 15-J\u00e4hrigen. Die polizeibekannten Jugendlichen reagierten aggressiv und liefen auf die Kontrolle zu. Die Polizisten stellten sich ihnen mit ausgestreckten Armen entgegen und forderten sie auf, stehen zu bleiben. Die Jugendlichen schlugen sofort gegen die Arme der Polizisten. Der 15-J\u00e4hrige schlug zudem dem Beamten mehrfach gegen die Brust, w\u00e4hrend der 17-J\u00e4hrige die Polizistin gewaltsam wegstie\u00df. Die Auseinandersetzung zwischen den M\u00e4nnern konnten die Polizisten durch Einsatz von Pfefferspray beenden. Trotzdem verhielten sich die Angreifer weiter angriffslustig, so dass hinzukommende Streifenpolizisten die Jugendlichen zu Boden brachten und fixierten. Dabei scheiterte der 15-J\u00e4hrige bei dem Versuch, ein G\u00fcrtelmesser unbemerkt fallen zu lassen.<\/p>\n<p>Strafverfahren wegen Widerstand sowie Versto\u00df Waffengesetz wurden eingeleitet und der G\u00fcrtel samt Messer sichergestellt. Zwei Polizisten wurden leicht verletzt.<\/p>\n<p class=\"contact-headline\">R\u00fcckfragen von Journalisten bitte an:<\/p>\n<p class=\"contact-text\">Polizeipr\u00e4sidium Bielefeld<br \/>Leitungsstab\/ Presse- und \u00d6ffentlichkeitsarbeit<br \/>Kurt-Schumacher-Stra\u00dfe 46<br \/>33615 Bielefeld<\/p>\n<p>Sonja Rehmert (SR), Tel. 0521\/545-3020<br \/>Katja K\u00fcster (KK), Tel. 0521\/545-3195<br \/>Sarah Siedschlag (SI), Tel. 0521\/545-3021<br \/>Michael K\u00f6tter (MK), Tel. 0521\/545-3022<br \/>Hella Christoph (HC), Tel. 0521\/545-3023<br \/>Fabian Rickel (FR), Tel. 0521\/545-3024<br \/>Caroline Steffen (CS), Tel. 0521\/545-3026<br \/>Lukas Reker (LR), Tel. 0521\/545-3222<br \/>Jan Grote (JG), Tel. 0521\/545-3235<\/p>\n<p>E-Mail: <a href=\"https:\/\/www.presseportal.de\/blaulicht\/pm\/12522\/mailto: pressestelle.bielefeld@polizei.nrw.de\" class=\"uri-mailto\" rel=\"nofollow noopener\" target=\"_blank\"> pressestelle.bielefeld@polizei.nrw.de<\/a><br \/><a target=\"_blank\" class=\"uri-ext outbound\" rel=\"noopener nofollow\" href=\"https:\/\/bielefeld.polizei.nrw\/\">https:\/\/bielefeld.polizei.nrw\/<\/a><\/p>\n<p>Au\u00dferhalb der B\u00fcrodienstzeit: Leitstelle, Tel. 0521\/545-0<\/p>\n<p class=\"originator\">Original-Content von: Polizei Bielefeld, \u00fcbermittelt durch news aktuell<\/p>\n","protected":false},"excerpt":{"rendered":"10.06.2025 \u2013 12:25 Polizei Bielefeld Bielefeld (ots) HC\/ Bielefeld- Mitte- Ein Bielefelder beleidigte w\u00e4hrend einer Polizeikontrolle am Sonntag,&hellip;\n","protected":false},"author":2,"featured_media":108,"comment_status":"","ping_status":"","sticky":false,"template":"","format":"standard","meta":{"footnotes":""},"categories":[1841],"tags":[1605,3364,29,30,177,1209,176,121,178,180,179,181],"class_list":{"0":"post-179174","1":"post","2":"type-post","3":"status-publish","4":"format-standard","5":"has-post-thumbnail","7":"category-bielefeld","8":"tag-bielefeld","9":"tag-de","10":"tag-deutschland","11":"tag-germany","12":"tag-kriminalitt","13":"tag-nordrhein-westfalen","14":"tag-nrw","15":"tag-polizei","16":"tag-presse","17":"tag-pressemeldung","18":"tag-pressemitteilung","19":"tag-pressemitteilungen"},"share_on_mastodon":{"url":"https:\/\/pubeurope.com\/@de\/114658785654626817","error":""},"_links":{"self":[{"href":"https:\/\/www.europesays.com\/de\/wp-json\/wp\/v2\/posts\/179174","targetHints":{"allow":["GET"]}}],"collection":[{"href":"https:\/\/www.europesays.com\/de\/wp-json\/wp\/v2\/posts"}],"about":[{"href":"https:\/\/www.europesays.com\/de\/wp-json\/wp\/v2\/types\/post"}],"author":[{"embeddable":true,"href":"https:\/\/www.europesays.com\/de\/wp-json\/wp\/v2\/users\/2"}],"replies":[{"embeddable":true,"href":"https:\/\/www.europesays.com\/de\/wp-json\/wp\/v2\/comments?post=179174"}],"version-history":[{"count":0,"href":"https:\/\/www.europesays.com\/de\/wp-json\/wp\/v2\/posts\/179174\/revisions"}],"wp:featuredmedia":[{"embeddable":true,"href":"https:\/\/www.europesays.com\/de\/wp-json\/wp\/v2\/media\/108"}],"wp:attachment":[{"href":"https:\/\/www.europesays.com\/de\/wp-json\/wp\/v2\/media?parent=179174"}],"wp:term":[{"taxonomy":"category","embeddable":true,"href":"https:\/\/www.europesays.com\/de\/wp-json\/wp\/v2\/categories?post=179174"},{"taxonomy":"post_tag","embeddable":true,"href":"https:\/\/www.europesays.com\/de\/wp-json\/wp\/v2\/tags?post=179174"}],"curies":[{"name":"wp","href":"https:\/\/api.w.org\/{rel}","templated":true}]}}