{"id":179175,"date":"2025-06-10T11:16:11","date_gmt":"2025-06-10T11:16:11","guid":{"rendered":"https:\/\/www.europesays.com\/de\/179175\/"},"modified":"2025-06-10T11:16:11","modified_gmt":"2025-06-10T11:16:11","slug":"auch-2025-veranstaltet-der-rv-edelweiss-wieder-die-sparkassen-rtf-neandertal-erkrath-jetzt","status":"publish","type":"post","link":"https:\/\/www.europesays.com\/de\/179175\/","title":{"rendered":"Auch 2025 veranstaltet der RV Edelwei\u00df wieder die \u201eSparkassen RTF Neandertal\u201c | erkrath.jetzt"},"content":{"rendered":"<p> <img loading=\"lazy\" alt=\"\" title=\"Radfahren\" src=\"https:\/\/www.europesays.com\/de\/wp-content\/uploads\/2025\/06\/Radfahren-678x381.png\" decoding=\"async\" class=\"lazyload\" width=\"678\" height=\"381\" data-eio-rwidth=\"678\" data-eio-rheight=\"381\"\/>von links: Achim Tappert (Fachwart RTF RV Edelwei\u00df), Ute Wiegand (Kreissparkasse D\u00fcsseldorf), Stephan Schwedtmann (1. Vorsitzender RV Edelwei\u00df), Ulrich Kersten (2. Vorsitzender RV Edelwei\u00df) in Mettmann bei der Bekanntgabe der RTF. Foto: RV EDELWEISS METTMANN 1906 E.V.Heute ist die offizielle Bekanntgabe: am Samstag, den 14.06.2025 veranstaltet der RV Edelwei\u00df Mettmann wieder seine Radtouristikfahrt \u201eSparkassen RTF Neandertal\u201c in enger Kooperation mit der Kreissparkasse D\u00fcsseldorf in Mettmann.<\/p>\n<p>\u201e\u2026die Durchf\u00fchrung so einer Veranstaltung ist ohne einen verl\u00e4sslichen Partner an unserer Seite, wie es die Kreissparkasse D\u00fcsseldorf in Mettmann nun seit Jahren ist, nicht realisierbar. Wir sind sehr stolz aber auch sehr dankbar, dass wir diesen starken Partner an unserer Seite haben\u2026\u201c, so der Vorsitzende des Vereins Stephan Schwedtmann, und weiter \u201e\u2026wir freuen uns die M\u00f6glichkeit zu haben, diese feine Breitensportveranstaltung als Angebot an alle Radfahrenden hier im Kreis und Umgebung anzubieten.\u201c<\/p>\n<p>Auch 2025 werden die 3 Strecken 47 km, 72 km und 110 km angeboten, sodass f\u00fcr jeden sportlichen Anspruch etwas dabei ist. Selbst die kleine Strecke mit nur 47 km zeigt, wie sch\u00f6n der Kreis ist \u2013 die lange Strecke mit \u00fcber 100 km bietet die entsprechende sportliche Herausforderung, um seine Form zu testen.<\/p>\n<p>An wen richtet sich so eine RTF (Radtouristikfahrt)? \u2013 \u201e\u2026nun an alle Radler, die ohne Rennstress und ohne Zeitnahme eine l\u00e4ngere Strecke mit dem Rad zur\u00fcck legen wollen\u2026\u201c, so Achim Tappert, Fachwart RTF, \u201e\u2026 es ist eine Breitensportform des German Cycling (Bund Deutscher Radfahrer), aber hier kann jeder dran teilnehmen. Allerdings ist nur die kleine Strecke ausgeschildert. Wir stellen jedoch die entsprechenden GPX-Tracks zur Verf\u00fcgung. Je nach Streckenl\u00e4nge findet man bis zu 3 Kontrollpunkte, an denen sich jeder Teilnehmer verpflegen und die Getr\u00e4nkeflaschen wieder auff\u00fcllen kann\u2026\u201c, so Tappert weiter \u201e\u2026und das gegen einen kleinen Obulus von unter 10,- Euro\u2026\u201c.<\/p>\n<p>Die Anmeldung zur RTF wird am Samstag, den 14.06.2025, ab 08:30 Uhr auf dem Gel\u00e4nde des Berufskollegs Koenneckestra\u00dfe 25 in Mettmann m\u00f6glich sein. Dort gibt es auch Parkm\u00f6glichkeiten und Duschgelegenheiten, sodass man sich nach der Fahrt erfrischen kann.<\/p>\n<p>Weitere Infos zum Radsportverein, zur RTF und auch die GPX-Tracks gibt es auf der Homepage des Radsportvereins: <a href=\"https:\/\/www.rve06.de\" target=\"_blank\" rel=\"noopener nofollow\" title=\"\">www.rve06.de<\/a><\/p>\n<p>   10<\/p>\n","protected":false},"excerpt":{"rendered":"von links: Achim Tappert (Fachwart RTF RV Edelwei\u00df), Ute Wiegand (Kreissparkasse D\u00fcsseldorf), Stephan Schwedtmann (1. Vorsitzender RV Edelwei\u00df),&hellip;\n","protected":false},"author":2,"featured_media":179176,"comment_status":"","ping_status":"","sticky":false,"template":"","format":"standard","meta":{"footnotes":""},"categories":[1840],"tags":[3364,29,30,1209,181,265,3866,4418],"class_list":{"0":"post-179175","1":"post","2":"type-post","3":"status-publish","4":"format-standard","5":"has-post-thumbnail","7":"category-wuppertal","8":"tag-de","9":"tag-deutschland","10":"tag-germany","11":"tag-nordrhein-westfalen","12":"tag-pressemitteilungen","13":"tag-sport","14":"tag-veranstaltungen","15":"tag-wuppertal"},"share_on_mastodon":{"url":"https:\/\/pubeurope.com\/@de\/114658789679833479","error":""},"_links":{"self":[{"href":"https:\/\/www.europesays.com\/de\/wp-json\/wp\/v2\/posts\/179175","targetHints":{"allow":["GET"]}}],"collection":[{"href":"https:\/\/www.europesays.com\/de\/wp-json\/wp\/v2\/posts"}],"about":[{"href":"https:\/\/www.europesays.com\/de\/wp-json\/wp\/v2\/types\/post"}],"author":[{"embeddable":true,"href":"https:\/\/www.europesays.com\/de\/wp-json\/wp\/v2\/users\/2"}],"replies":[{"embeddable":true,"href":"https:\/\/www.europesays.com\/de\/wp-json\/wp\/v2\/comments?post=179175"}],"version-history":[{"count":0,"href":"https:\/\/www.europesays.com\/de\/wp-json\/wp\/v2\/posts\/179175\/revisions"}],"wp:featuredmedia":[{"embeddable":true,"href":"https:\/\/www.europesays.com\/de\/wp-json\/wp\/v2\/media\/179176"}],"wp:attachment":[{"href":"https:\/\/www.europesays.com\/de\/wp-json\/wp\/v2\/media?parent=179175"}],"wp:term":[{"taxonomy":"category","embeddable":true,"href":"https:\/\/www.europesays.com\/de\/wp-json\/wp\/v2\/categories?post=179175"},{"taxonomy":"post_tag","embeddable":true,"href":"https:\/\/www.europesays.com\/de\/wp-json\/wp\/v2\/tags?post=179175"}],"curies":[{"name":"wp","href":"https:\/\/api.w.org\/{rel}","templated":true}]}}