{"id":179190,"date":"2025-06-10T11:25:11","date_gmt":"2025-06-10T11:25:11","guid":{"rendered":"https:\/\/www.europesays.com\/de\/179190\/"},"modified":"2025-06-10T11:25:11","modified_gmt":"2025-06-10T11:25:11","slug":"air-cargo-europe-2027-konferenz-in-muenchen-logistik-heute","status":"publish","type":"post","link":"https:\/\/www.europesays.com\/de\/179190\/","title":{"rendered":"air cargo Europe 2027 Konferenz in M\u00fcnchen | LOGISTIK HEUTE"},"content":{"rendered":"<p>Die air cargo Europe ist laut dem Veranstalter die weltweit gr\u00f6\u00dfte Veranstaltung f\u00fcr die Luftfrachtbranche. Sie findet vom 26. &#8211; 29. April 2027 im Rahmen der transport logistic statt. Auf rund 15.000 Quadratmetern Ausstellungsfl\u00e4che pr\u00e4sentieren sich Key Player aus aller Welt.<\/p>\n<p>Kontakt:<br \/><a href=\"https:\/\/logistik-heute.de\/termine\/mailto:info@transportlogistic.de\" target=\"_blank\" rel=\"noopener\">info@transportlogistic.de<\/a><br \/>Telefon: +49 (0) 89 949-11368<br \/>Telefax: +49 (0) 89 949-11369<\/p>\n","protected":false},"excerpt":{"rendered":"Die air cargo Europe ist laut dem Veranstalter die weltweit gr\u00f6\u00dfte Veranstaltung f\u00fcr die Luftfrachtbranche. Sie findet vom&hellip;\n","protected":false},"author":2,"featured_media":179191,"comment_status":"","ping_status":"","sticky":false,"template":"","format":"standard","meta":{"footnotes":""},"categories":[3933],"tags":[60459,331,332,548,663,158,3934,3935,13,7170,1268,14,15,12],"class_list":{"0":"post-179190","1":"post","2":"type-post","3":"status-publish","4":"format-standard","5":"has-post-thumbnail","7":"category-eu","8":"tag-air-cargo-europe-2027","9":"tag-aktuelle-nachrichten","10":"tag-aktuelle-news","11":"tag-eu","12":"tag-europa","13":"tag-europaeische-union","14":"tag-europe","15":"tag-european-union","16":"tag-headlines","17":"tag-konferenz","18":"tag-muenchen","19":"tag-nachrichten","20":"tag-news","21":"tag-schlagzeilen"},"share_on_mastodon":{"url":"https:\/\/pubeurope.com\/@de\/114658825063711442","error":""},"_links":{"self":[{"href":"https:\/\/www.europesays.com\/de\/wp-json\/wp\/v2\/posts\/179190","targetHints":{"allow":["GET"]}}],"collection":[{"href":"https:\/\/www.europesays.com\/de\/wp-json\/wp\/v2\/posts"}],"about":[{"href":"https:\/\/www.europesays.com\/de\/wp-json\/wp\/v2\/types\/post"}],"author":[{"embeddable":true,"href":"https:\/\/www.europesays.com\/de\/wp-json\/wp\/v2\/users\/2"}],"replies":[{"embeddable":true,"href":"https:\/\/www.europesays.com\/de\/wp-json\/wp\/v2\/comments?post=179190"}],"version-history":[{"count":0,"href":"https:\/\/www.europesays.com\/de\/wp-json\/wp\/v2\/posts\/179190\/revisions"}],"wp:featuredmedia":[{"embeddable":true,"href":"https:\/\/www.europesays.com\/de\/wp-json\/wp\/v2\/media\/179191"}],"wp:attachment":[{"href":"https:\/\/www.europesays.com\/de\/wp-json\/wp\/v2\/media?parent=179190"}],"wp:term":[{"taxonomy":"category","embeddable":true,"href":"https:\/\/www.europesays.com\/de\/wp-json\/wp\/v2\/categories?post=179190"},{"taxonomy":"post_tag","embeddable":true,"href":"https:\/\/www.europesays.com\/de\/wp-json\/wp\/v2\/tags?post=179190"}],"curies":[{"name":"wp","href":"https:\/\/api.w.org\/{rel}","templated":true}]}}