{"id":179198,"date":"2025-06-10T11:29:13","date_gmt":"2025-06-10T11:29:13","guid":{"rendered":"https:\/\/www.europesays.com\/de\/179198\/"},"modified":"2025-06-10T11:29:13","modified_gmt":"2025-06-10T11:29:13","slug":"wirtschaft-im-euroraum-hofft-auf-konjunktur-dank-deutschland","status":"publish","type":"post","link":"https:\/\/www.europesays.com\/de\/179198\/","title":{"rendered":"Wirtschaft im Euroraum hofft auf Konjunktur \u2013 dank Deutschland"},"content":{"rendered":"<p>Prognose von Experten <\/p>\n<p>Europ\u00e4ische Wirtschaft erholt sich \u2013 auch dank Deutschland<\/p>\n<p>10.06.2025 &#8211; 13:12 UhrLesedauer: 2 Min.<\/p>\n<p><a href=\"#focus-0\" class=\"transition-colors duration-200 focus-within:text-magenta block text-current relative\" data-sctrack=\"FocusGalleryImage.Reference\"><img fetchpriority=\"high\" data-testid=\"Opener.Image\" style=\"--lqipURL:url('https:\/\/images.t-online.de\/2025\/05\/vto3NJo8t1Uk\/0x19:2048x1152\/fit-in\/150x0\/filters:blur(25)\/im-april-brach-der-dax-nach-trumps-zollankuendigung-ein-im-mai-sind-anleger-wieder-hoffnungsvoll.jpg')\"   loading=\"eager\" src=\"https:\/\/www.europesays.com\/de\/wp-content\/uploads\/2025\/06\/im-april-brach-der-dax-nach-trumps-zollankuendigung-ein-im-mai-sind-anleger-wieder-hoffnungsvoll.jpg\" alt=\"Dax-Kurve\" title=\"Dax-Kurve\" width=\"2048\" height=\"1152\" class=\"bg-[url:var(--lqipURL)] bg-cover bg-center flex w-full max-w-full h-full\" decoding=\"async\"\/><img style=\"--width:32;--height:32\" loading=\"lazy\" src=\"https:\/\/www.europesays.com\/de\/wp-content\/uploads\/2025\/05\/zoom-in.f7dae02f.svg.svg+xml\" alt=\"Vergr\u00f6\u00dfern des Bildes\" title=\"Vergr\u00f6\u00dfern des Bildes\" class=\"&#10;        block&#10;        h-[calc(var(--height)_\/_16_*_1rem)]&#10;        w-[calc(var(--width)_\/_16_*_1rem)]&#10;        max-w-none&#10;        absolute bottom-8 right-8 rounded-4 bg-snow p-8\" decoding=\"async\"\/><\/a><\/p>\n<p>Aktienkurve (Symbolbild): Experten sehen die europ\u00e4ische Wirtschaft im Aufw\u00e4rtstrend. (Quelle: Daniel Reinhardt\/dpa\/dpa-bilder)<\/p>\n<p class=\"font-bold text-18 leading-17\">An der B\u00f6rse wird mit vorsichtigem Optimismus in die Zukunft geblickt. Verantwortlich daf\u00fcr ist auch Deutschland.<\/p>\n<p class=\"text-18 leading-17\">B\u00f6rsianer blicken wegen der anziehenden Konjunktur in Deutschland auch wieder optimistischer auf die Wirtschaft in der Euro-Zone. &#8222;Euroland profitiert von einer Erholung in Deutschland&#8220;, erkl\u00e4rte die Beratungsfirma Sentix am Dienstag zu ihrer monatlichen <a class=\"transition-colors duration-200 cursor-pointer text-inherit no-underline text-salemsfur md:hover:text-magenta md:hover:border-magenta md:focus:text-magenta border-current border-b border-solid break-words\" href=\"https:\/\/www.t-online.de\/themen\/umfragen\/\" data-sctrack=\"BodyAnchor\" rel=\"nofollow noopener\" target=\"_blank\">Umfrage<\/a> unter rund 1.055 Investoren. Der Konjunkturindex f\u00fcr die Euro-Zone stieg demnach im Juni um 8,3 Punkte auf plus 0,2 Z\u00e4hler und damit auf den h\u00f6chsten Stand seit einem Jahr.<\/p>\n<p class=\"text-18 leading-17\">Die Anleger bewerteten Lage und Aussichten jeweils deutlich besser. &#8222;In den letzten Jahren wirkte die Stagnation der deutschen Wirtschaft immer wieder wie ein Bremsklotz f\u00fcr die europ\u00e4ische Konjunktur&#8220;, sagte Sentix-Gesch\u00e4ftsf\u00fchrer Patrick Hussy. Nun profitierten die Sentix-Daten in der Euro-Zone von der Aufholbewegung, die von Deutschland ausgehe.<\/p>\n<p class=\"text-18 leading-17\">Das Barometer f\u00fcr Deutschland kletterte auf den h\u00f6chsten Stand seit M\u00e4rz 2022, als der Angriff Russlands auf die <a class=\"transition-colors duration-200 cursor-pointer text-inherit no-underline text-salemsfur md:hover:text-magenta md:hover:border-magenta md:focus:text-magenta border-current border-b border-solid break-words\" href=\"https:\/\/www.t-online.de\/themen\/ukraine\/\" data-sctrack=\"BodyAnchor\" rel=\"nofollow noopener\" target=\"_blank\">Ukraine<\/a> f\u00fcr einen Einbruch sorgte. &#8222;Das Ergebnis kann zwar nicht wegleugnen, dass es der deutschen Wirtschaft immer noch schlecht geht&#8220;, sagte Hussy zum vierten Anstieg der Lage-Komponente in Folge.<\/p>\n<p class=\"text-18 leading-17\">Deutschland komme aber zugute, &#8222;dass es seitens der EU keine Signale f\u00fcr eine unmittelbar bevorstehende Eskalationsspirale in Sachen Zollstreit gegeben hat&#8220;. Die neue <a class=\"transition-colors duration-200 cursor-pointer text-inherit no-underline text-salemsfur md:hover:text-magenta md:hover:border-magenta md:focus:text-magenta border-current border-b border-solid break-words\" href=\"https:\/\/www.t-online.de\/themen\/bundesregierung\/\" data-sctrack=\"BodyAnchor\" rel=\"nofollow noopener\" target=\"_blank\">Bundesregierung<\/a> unter Kanzler <a class=\"transition-colors duration-200 cursor-pointer text-inherit no-underline text-salemsfur md:hover:text-magenta md:hover:border-magenta md:focus:text-magenta border-current border-b border-solid break-words\" href=\"https:\/\/www.t-online.de\/themen\/friedrich-merz\/\" data-sctrack=\"BodyAnchor\" rel=\"nofollow noopener\" target=\"_blank\">Friedrich Merz<\/a> setze in der Au\u00dfen- und Migrationspolitik erste Akzente, die bei Investoren positiv ank\u00e4men.<\/p>\n<p class=\"text-18 leading-17\">Auch f\u00fcr die <a class=\"transition-colors duration-200 cursor-pointer text-inherit no-underline text-salemsfur md:hover:text-magenta md:hover:border-magenta md:focus:text-magenta border-current border-b border-solid break-words\" href=\"https:\/\/www.t-online.de\/themen\/usa\/\" data-sctrack=\"BodyAnchor\" rel=\"nofollow noopener\" target=\"_blank\">USA<\/a> als gr\u00f6\u00dfte <a class=\"transition-colors duration-200 cursor-pointer text-inherit no-underline text-salemsfur md:hover:text-magenta md:hover:border-magenta md:focus:text-magenta border-current border-b border-solid break-words\" href=\"https:\/\/www.t-online.de\/themen\/volkswirtschaft\/\" data-sctrack=\"BodyAnchor\" rel=\"nofollow noopener\" target=\"_blank\">Volkswirtschaft<\/a> der Welt gebe es positive Signale. &#8222;Der Schockzustand f\u00fcr die USA durch die Zollpolitik l\u00e4sst langsam nach&#8220;, erkl\u00e4rte Sentix zum Vorgehen von US-Pr\u00e4sident <a class=\"transition-colors duration-200 cursor-pointer text-inherit no-underline text-salemsfur md:hover:text-magenta md:hover:border-magenta md:focus:text-magenta border-current border-b border-solid break-words\" href=\"https:\/\/www.t-online.de\/themen\/donald-trump\/\" data-sctrack=\"BodyAnchor\" rel=\"nofollow noopener\" target=\"_blank\">Donald Trump<\/a>. Dieser hatte gegen die meisten Handelspartner Zollerh\u00f6hungen verh\u00e4ngt, wovon nun einige wegen laufender Verhandlungen noch ausgesetzt sind. &#8222;Insgesamt atmet die Weltwirtschaft auf, auch wenn der US-Zollschock noch nicht ganz aufgearbeitet ist&#8220;, betonte Hussy.<\/p>\n<p class=\"text-18 leading-17\">Allerdings sei f\u00fcr die US-Wirtschaft ein Abschwung-Szenario noch nicht vom Tisch. Auch eine schnelle Unterst\u00fctzung der US-Notenbank Fed bleibe eher unwahrscheinlich, wenn die Import-Z\u00f6lle die US-Inflation anheizen sollten. Die Umfrage-Daten zeigten deutlich, &#8222;dass Trump mit seiner erratischen Zollpolitik vor allem die USA selbst besch\u00e4digt hat&#8220;.<\/p>\n","protected":false},"excerpt":{"rendered":"Prognose von Experten Europ\u00e4ische Wirtschaft erholt sich \u2013 auch dank Deutschland 10.06.2025 &#8211; 13:12 UhrLesedauer: 2 Min. Aktienkurve&hellip;\n","protected":false},"author":2,"featured_media":179199,"comment_status":"","ping_status":"","sticky":false,"template":"","format":"standard","meta":{"footnotes":""},"categories":[2],"tags":[326,60462,331,3924,332,3922,3364,29,106,30,13,14,3923,15,3921,60460,12,60461,64],"class_list":{"0":"post-179198","1":"post","2":"type-post","3":"status-publish","4":"format-standard","5":"has-post-thumbnail","7":"category-deutschland","8":"tag-326","9":"tag-aktienkurve","10":"tag-aktuelle-nachrichten","11":"tag-aktuelle-nachrichten-aus-deutschland","12":"tag-aktuelle-news","13":"tag-aktuelle-news-aus-deutschland","14":"tag-de","15":"tag-deutschland","16":"tag-donald-trump","17":"tag-germany","18":"tag-headlines","19":"tag-nachrichten","20":"tag-nachrichten-aus-deutschland","21":"tag-news","22":"tag-news-aus-deutschland","23":"tag-patrick-hussy","24":"tag-schlagzeilen","25":"tag-sentix","26":"tag-usa"},"share_on_mastodon":{"url":"https:\/\/pubeurope.com\/@de\/114658840851549428","error":""},"_links":{"self":[{"href":"https:\/\/www.europesays.com\/de\/wp-json\/wp\/v2\/posts\/179198","targetHints":{"allow":["GET"]}}],"collection":[{"href":"https:\/\/www.europesays.com\/de\/wp-json\/wp\/v2\/posts"}],"about":[{"href":"https:\/\/www.europesays.com\/de\/wp-json\/wp\/v2\/types\/post"}],"author":[{"embeddable":true,"href":"https:\/\/www.europesays.com\/de\/wp-json\/wp\/v2\/users\/2"}],"replies":[{"embeddable":true,"href":"https:\/\/www.europesays.com\/de\/wp-json\/wp\/v2\/comments?post=179198"}],"version-history":[{"count":0,"href":"https:\/\/www.europesays.com\/de\/wp-json\/wp\/v2\/posts\/179198\/revisions"}],"wp:featuredmedia":[{"embeddable":true,"href":"https:\/\/www.europesays.com\/de\/wp-json\/wp\/v2\/media\/179199"}],"wp:attachment":[{"href":"https:\/\/www.europesays.com\/de\/wp-json\/wp\/v2\/media?parent=179198"}],"wp:term":[{"taxonomy":"category","embeddable":true,"href":"https:\/\/www.europesays.com\/de\/wp-json\/wp\/v2\/categories?post=179198"},{"taxonomy":"post_tag","embeddable":true,"href":"https:\/\/www.europesays.com\/de\/wp-json\/wp\/v2\/tags?post=179198"}],"curies":[{"name":"wp","href":"https:\/\/api.w.org\/{rel}","templated":true}]}}