{"id":179234,"date":"2025-06-10T11:48:11","date_gmt":"2025-06-10T11:48:11","guid":{"rendered":"https:\/\/www.europesays.com\/de\/179234\/"},"modified":"2025-06-10T11:48:11","modified_gmt":"2025-06-10T11:48:11","slug":"festwiese-an-die-schuetzen-uebergeben","status":"publish","type":"post","link":"https:\/\/www.europesays.com\/de\/179234\/","title":{"rendered":"Festwiese an die Sch\u00fctzen \u00fcbergeben"},"content":{"rendered":"<p class=\"small date article__date\">Ver\u00f6ffentlicht:\u00a0Dienstag, 10.06.2025 13:35<\/p>\n<p>Mit der <a href=\"https:\/\/rheinkirmes-duesseldorf.de\/\" rel=\"noopener noreferrer nofollow\" target=\"_blank\">Gr\u00f6\u00dften Kirmes am Rhein<\/a> steht in wenigen Wochen wieder eines der D\u00fcsseldorfer Sommer-Highlights an. Heute (10. Juni 2025) ist dem Sch\u00fctzenverein St. Sebastianus von 1316 die Festwiese \u00fcbergeben worden. <\/p>\n<p><img decoding=\"async\" alt=\"Ein Blick auf die D\u00fcsseldorfer Rheinkirmes\" src=\"https:\/\/www.europesays.com\/de\/wp-content\/uploads\/2025\/06\/img_7045.jpg&#038;crop=0x504x4032x2520&#038;resize=1280x800&#038;dt=202506101340250.jpeg\" data-size=\"1280x800\"\/>\u00a9 Antenne D\u00fcsseldorf<\/p>\n<p>In den n\u00e4chsten Tagen startet der Aufbau der Fahrgesch\u00e4fte. Die Rheinkirmes ist laut St. Sebastianus das einzige der gro\u00dfen deutschen Volksfeste, das noch ehrenamtlich durch einen Sch\u00fctzenverein organisiert wird. <\/p>\n<p>\u00dcber 1.000 Bewerbungen f\u00fcr einen Standplatz<\/p>\n<p>Der Aufbau muss in den n\u00e4chsten vier Wochen gemanagt werden &#8211; zum Start der Sommerferien, am 11. Juli, soll es los gehen. Die Sch\u00fctzen haben 300 Schausteller-Betriebe aus \u00fcber 1.000 Bewerbungen ausgew\u00e4hlt. <\/p>\n<p>Gratiskonzerte am Sch\u00fctzenzelt<\/p>\n<p>Neu dabei sind zum Beispiel die Geisterbahn &#8222;Fahrt zur H\u00f6lle 2.0&#8220; und das \u00dcberschlagkarussell &#8222;Top Spin Fresh&#8220;. Au\u00dferdem gibt es auf dem Au\u00dfengel\u00e4nde des Sch\u00fctzenzeltes neben der <a href=\"https:\/\/www.antenneduesseldorf.de\/artikel\/jetzt-tickets-sichern-feuerwerksparty-rheinkirmes-2025-2276940.html\" rel=\"noopener noreferrer nofollow\" target=\"_blank\">Antenne D\u00fcsseldorf-Feuerwerksparty<\/a> erstmals auch Konzerte: am Er\u00f6ffnungsabend spielen zum Beispiel Brings, die Swinging Funfares und Kuhl un de G\u00e4ng &#8211; gratis.<\/p>\n<p>Weitere Infos und Links zum Thema:<\/p>\n<p><a href=\"https:\/\/www.antenneduesseldorf.de\/artikel\/kirmes-faehre-faellt-wegen-niedrigwasser-aus-2344704.html\" rel=\"noopener noreferrer nofollow\" target=\"_blank\">Kirmesf\u00e4hre f\u00e4llt doch aus &#8211; Begr\u00fcndung: Niedrigwasser<\/a><\/p>\n<p><a href=\"https:\/\/www.antenneduesseldorf.de\/artikel\/schluessel-alt-premiere-im-grossen-schuetzenzelt-2306703.html\" rel=\"noopener noreferrer nofollow\" target=\"_blank\">Schl\u00fcssel Alt wird das neue Sch\u00fctzenbier auf der Rheinkirmes<\/a><\/p>\n<p><a href=\"https:\/\/www.antenneduesseldorf.de\/service\/ausgehtipps.html\" rel=\"noopener noreferrer nofollow\" target=\"_blank\">Ausgehtipps &#8211; das geht in unserer Stadt<\/a><\/p>\n","protected":false},"excerpt":{"rendered":"Ver\u00f6ffentlicht:\u00a0Dienstag, 10.06.2025 13:35 Mit der Gr\u00f6\u00dften Kirmes am Rhein steht in wenigen Wochen wieder eines der D\u00fcsseldorfer Sommer-Highlights&hellip;\n","protected":false},"author":2,"featured_media":179235,"comment_status":"","ping_status":"","sticky":false,"template":"","format":"standard","meta":{"footnotes":""},"categories":[1831],"tags":[60469,60470,60471,3364,29,3405,30,1209,19299],"class_list":{"0":"post-179234","1":"post","2":"type-post","3":"status-publish","4":"format-standard","5":"has-post-thumbnail","7":"category-duesseldorf","8":"tag-schtzenverein","9":"tag-grte-kirmes-am-rhein","10":"tag-kirmeswiese","11":"tag-de","12":"tag-deutschland","13":"tag-duesseldorf","14":"tag-germany","15":"tag-nordrhein-westfalen","16":"tag-rheinwiesen"},"share_on_mastodon":{"url":"https:\/\/pubeurope.com\/@de\/114658915618630463","error":""},"_links":{"self":[{"href":"https:\/\/www.europesays.com\/de\/wp-json\/wp\/v2\/posts\/179234","targetHints":{"allow":["GET"]}}],"collection":[{"href":"https:\/\/www.europesays.com\/de\/wp-json\/wp\/v2\/posts"}],"about":[{"href":"https:\/\/www.europesays.com\/de\/wp-json\/wp\/v2\/types\/post"}],"author":[{"embeddable":true,"href":"https:\/\/www.europesays.com\/de\/wp-json\/wp\/v2\/users\/2"}],"replies":[{"embeddable":true,"href":"https:\/\/www.europesays.com\/de\/wp-json\/wp\/v2\/comments?post=179234"}],"version-history":[{"count":0,"href":"https:\/\/www.europesays.com\/de\/wp-json\/wp\/v2\/posts\/179234\/revisions"}],"wp:featuredmedia":[{"embeddable":true,"href":"https:\/\/www.europesays.com\/de\/wp-json\/wp\/v2\/media\/179235"}],"wp:attachment":[{"href":"https:\/\/www.europesays.com\/de\/wp-json\/wp\/v2\/media?parent=179234"}],"wp:term":[{"taxonomy":"category","embeddable":true,"href":"https:\/\/www.europesays.com\/de\/wp-json\/wp\/v2\/categories?post=179234"},{"taxonomy":"post_tag","embeddable":true,"href":"https:\/\/www.europesays.com\/de\/wp-json\/wp\/v2\/tags?post=179234"}],"curies":[{"name":"wp","href":"https:\/\/api.w.org\/{rel}","templated":true}]}}