{"id":179246,"date":"2025-06-10T11:54:09","date_gmt":"2025-06-10T11:54:09","guid":{"rendered":"https:\/\/www.europesays.com\/de\/179246\/"},"modified":"2025-06-10T11:54:09","modified_gmt":"2025-06-10T11:54:09","slug":"pol-k-250610-3-k-streit-unter-eheleuten-38-jaehriger-mit-stichverletzung-in-klinik","status":"publish","type":"post","link":"https:\/\/www.europesays.com\/de\/179246\/","title":{"rendered":"POL-K: 250610-3-K Streit unter Eheleuten &#8211; 38-J\u00e4hriger mit Stichverletzung in Klinik &#8230;"},"content":{"rendered":"<p class=\"date\">10.06.2025 \u2013 13:30<\/p>\n<p class=\"customer\">\n                        <a class=\"story-customer\" title=\"weiter zum newsroom von Polizei K\u00f6ln\" href=\"https:\/\/www.presseportal.de\/blaulicht\/nr\/12415\" rel=\"nofollow noopener\" target=\"_blank\">Polizei K\u00f6ln<\/a>\n                    <\/p>\n<p><a data-category=\"citylink-story-view\" data-action=\"click\" data-label=\"Citylink in Meldungsansicht\" class=\"story-city event-trigger\" href=\"https:\/\/www.presseportal.de\/regional\/K%F6ln\" title=\"News aus K\u00f6ln \" rel=\"nofollow noopener\" target=\"_blank\">K\u00f6ln<\/a> (ots)<\/p>\n<p>Staatsanwaltschaft K\u00f6ln und Polizei K\u00f6ln geben bekannt:<\/p>\n<p>Nach einem Streit unter mutma\u00dflich alkoholisierten Eheleuten Montagnacht (10. Juni) in einer Wohnung auf der Bergisch-Gladbacher-Stra\u00dfe in K\u00f6ln-Dellbr\u00fcck ist ein 38 Jahre alter Mann mit einer Stichwunde im Oberk\u00f6rper in ein Krankenhaus eingeliefert worden. Einsatzkr\u00e4fte nahmen die tatverd\u00e4chtige Ehefrau (33) noch unweit der gemeinsamen Wohnung fest.<\/p>\n<p>Ersten Erkenntnissen zufolge hatten Nachbarn gegen 1 Uhr die Polizei alarmiert, nachdem sie die lautstarke Auseinandersetzung bemerkt und den 33-J\u00e4hrigen stark blutend im Flur des Mehrfamilienhauses gefunden hatten.<\/p>\n<p>Der Mann wird derzeit intensivmedizinisch versorgt. Lebensgefahr besteht aktuell nicht.<\/p>\n<p>Die Kriminalpolizei hat eine Mordkommission eingerichtet und die Ermittlungen zur Motivlage sowie zu den Hintergr\u00fcnden der Streitigkeit aufgenommen. Zum Nachweis des mutma\u00dflichen Alkoholkonsums lie\u00dfen die Beamten eine Blutprobe bei der 38-J\u00e4hrigen entnehmen. Ein mutma\u00dflich als Tatwaffe eingesetztes Messer stellen sie in der Wohnung der Eheleute sicher. (al\/bg)<\/p>\n<p class=\"contact-headline\">R\u00fcckfragen von Medienvertretern bitte an:<\/p>\n<p class=\"contact-text\">Polizeipr\u00e4sidium K\u00f6ln<br \/>Pressestelle<br \/>Walter-Pauli-Ring 2-6<br \/>51103 K\u00f6ln<\/p>\n<p>Telefon: 0221\/229 5555<br \/>e-Mail:   pressestelle.koeln(at)polizei.nrw.de<\/p>\n<p><a target=\"_blank\" class=\"uri-ext outbound\" rel=\"noopener nofollow\" href=\"https:\/\/koeln.polizei.nrw\">https:\/\/koeln.polizei.nrw<\/a><\/p>\n<p class=\"originator\">Original-Content von: Polizei K\u00f6ln, \u00fcbermittelt durch news aktuell<\/p>\n","protected":false},"excerpt":{"rendered":"10.06.2025 \u2013 13:30 Polizei K\u00f6ln K\u00f6ln (ots) Staatsanwaltschaft K\u00f6ln und Polizei K\u00f6ln geben bekannt: Nach einem Streit unter&hellip;\n","protected":false},"author":2,"featured_media":108,"comment_status":"","ping_status":"","sticky":false,"template":"","format":"standard","meta":{"footnotes":""},"categories":[1828],"tags":[29,30,1420,177,1209,176,121,178,180,179,181],"class_list":{"0":"post-179246","1":"post","2":"type-post","3":"status-publish","4":"format-standard","5":"has-post-thumbnail","7":"category-koeln","8":"tag-deutschland","9":"tag-germany","10":"tag-koeln","11":"tag-kriminalitt","12":"tag-nordrhein-westfalen","13":"tag-nrw","14":"tag-polizei","15":"tag-presse","16":"tag-pressemeldung","17":"tag-pressemitteilung","18":"tag-pressemitteilungen"},"share_on_mastodon":{"url":"https:\/\/pubeurope.com\/@de\/114658939209084535","error":""},"_links":{"self":[{"href":"https:\/\/www.europesays.com\/de\/wp-json\/wp\/v2\/posts\/179246","targetHints":{"allow":["GET"]}}],"collection":[{"href":"https:\/\/www.europesays.com\/de\/wp-json\/wp\/v2\/posts"}],"about":[{"href":"https:\/\/www.europesays.com\/de\/wp-json\/wp\/v2\/types\/post"}],"author":[{"embeddable":true,"href":"https:\/\/www.europesays.com\/de\/wp-json\/wp\/v2\/users\/2"}],"replies":[{"embeddable":true,"href":"https:\/\/www.europesays.com\/de\/wp-json\/wp\/v2\/comments?post=179246"}],"version-history":[{"count":0,"href":"https:\/\/www.europesays.com\/de\/wp-json\/wp\/v2\/posts\/179246\/revisions"}],"wp:featuredmedia":[{"embeddable":true,"href":"https:\/\/www.europesays.com\/de\/wp-json\/wp\/v2\/media\/108"}],"wp:attachment":[{"href":"https:\/\/www.europesays.com\/de\/wp-json\/wp\/v2\/media?parent=179246"}],"wp:term":[{"taxonomy":"category","embeddable":true,"href":"https:\/\/www.europesays.com\/de\/wp-json\/wp\/v2\/categories?post=179246"},{"taxonomy":"post_tag","embeddable":true,"href":"https:\/\/www.europesays.com\/de\/wp-json\/wp\/v2\/tags?post=179246"}],"curies":[{"name":"wp","href":"https:\/\/api.w.org\/{rel}","templated":true}]}}