{"id":179247,"date":"2025-06-10T11:55:13","date_gmt":"2025-06-10T11:55:13","guid":{"rendered":"https:\/\/www.europesays.com\/de\/179247\/"},"modified":"2025-06-10T11:55:13","modified_gmt":"2025-06-10T11:55:13","slug":"1-fc-koeln-poldi-kumpel-und-adenauer-enkel-kaempfen-um-die-koeln-macht-sport","status":"publish","type":"post","link":"https:\/\/www.europesays.com\/de\/179247\/","title":{"rendered":"1. FC K\u00f6ln: Poldi-Kumpel und Adenauer-Enkel k\u00e4mpfen um die K\u00f6ln-Macht! | Sport"},"content":{"rendered":"<p><b>Jetzt geht&#8217;s zur Sache beim Aufsteiger!<\/b><\/p>\n<p>Mittwoch stellt K\u00f6lns Mitgliederrat sein Vorstands-Team f\u00fcr die gro\u00dfe Klub-Sitzung im Herbst vor. Es ist der endg\u00fcltige Auftakt f\u00fcr den gr\u00f6\u00dften Wahlkampf der Klub-Geschichte. Erstmals k\u00e4mpfen gleich drei Teams um die Macht beim Bundesliga-Aufsteiger und die Nachfolge des gescheiterten Vorstands um Noch-Pr\u00e4sident Werner Wolf (68).<\/p>\n<p><b>Darunter ein Kumpel von Klub-Legende <\/b><a href=\"https:\/\/www.bild.de\/sport\/fussball\/trainer-vorstand-unruhe-1-fc-koeln-klartext-von-lukas-podolski-6836e6125f7a8d25a5be6670\" class=\"text-link\" rel=\"nofollow noopener\" target=\"_blank\"><b>Lukas Podolski <\/b><\/a><b>(40) und der Enkel des ersten deutschen Bundeskanzlers Konrad Adenauer (\u20201967)! Pikant: Beide wurden vom FC-Auswahlgremium abgelehnt und m\u00fcssen deshalb auf eigene Faust k\u00e4mpfen.<\/b><\/p>\n<p>Lesen Sie auch<\/p>\n<p><b>Denn: Der Mitgliederrat hat sich nach BILD-Informationen auf ein Team um den Sportrechtler J\u00f6rg Alvermann (54) festgelegt. Auch DFB-Trainer Ulf Sobeck (53, DFB-Fitnesstrainer U20) soll dazugeh\u00f6ren. Die Namen machen seit Wochen die Runde. Ihr Wahlkampf-Vorteil: Das Mitgliederrats-Trio ist automatisch zur Wahl des neuen Pr\u00e4sidiums zugelassen.<\/b><\/p>\n<p>Die beiden anderen Teams m\u00fcssen diese H\u00fcrde erst noch nehmen, sich also qualifizieren! Wie? Laut FC-Satzung brauchen Bewerber, die nicht vom Mitgliederrat vorgeschlagen wurden, mindestens 4.500 Unterschriften von FC-Mitgliedern, um f\u00fcr die Wahl zugelassen zu werden. Bis zum 31. Juli m\u00fcssen die Teams diese Unterschriften zusammen haben.<\/p>\n<p><a href=\"https:\/\/www.bild.de\/sport\/fussball\/1-fc-koeln-nach-vorstands-aus-jetzt-droht-koeln-die-schlammschlacht-67fba3022be3ce37c1b83f85\" class=\"text-link\" rel=\"nofollow noopener\" target=\"_blank\"><b>Poldi-Kumpel und Unternehmer Wilke Stromann (44) tritt mit K\u00f6lns Noch-Vize Carsten Wettich (45) und Ex-Fu\u00dfballerin Tugba Tekkal (40) an.<\/b><\/a><b> Podolski unterst\u00fctzt dieses Trio, sagte vor Wochen schon: \u201eAls Mitglied des Vereins sage ich: Wenn Wilke antritt, kriegt er meine Stimme.\u201c<\/b><\/p>\n<p><img decoding=\"async\" width=\"992\" height=\"744\" alt=\"Sven-Georg Adenauer (65\/Mitte) mit seinen Vize-Kanidaten Thorsten Kiesewetter (53\/li.) und Martin Hollweck (57)\" src=\"https:\/\/www.europesays.com\/de\/wp-content\/uploads\/2025\/06\/5a4df28b29f2289b9b56f101038bc9e5,46121778\"   class=\"dynamic\" loading=\"lazy\"\/><\/p>\n<p class=\"fig__caption__text\">Sven-Georg Adenauer (65\/Mitte) mit seinen Vize-Kanidaten Thorsten Kiesewetter (53\/li.) und Martin Hollweck (57)<\/p>\n<p>Foto: Jordi Mergen\/fcwahl25.de<\/p>\n<p>Wahlkampf in Kneipen und auf der Pferderennbahn<\/p>\n<p><a href=\"https:\/\/www.bild.de\/sport\/fussball\/1-fc-koeln-kampf-um-die-fc-macht-adenauer-enkel-will-koeln-praesident-werden-682c504d591a80205121faea\" class=\"text-link\" rel=\"nofollow noopener\" target=\"_blank\">Dem Team gegen\u00fcber steht Sven-Georg Adenauer (65). CDU-Mann und seit Jahren erfolgreicher Landrat im Kreis G\u00fctersloh. <\/a>Der Enkel des ersten deutschen Bundeskanzlers und K\u00f6lner B\u00fcrgermeisters geht mit Metzgermeister Martin Hollweck (57) und dem Finanzexperten Thorsten Kiesewetter (53) ins Rennen.<\/p>\n<p><b>Beide Teams k\u00e4mpfen auf Hochtouren, auf allen Plattformen und mit vielen Helfern um die n\u00f6tigen Unterschriften: In sozialen Netzwerken, Kneipen, Fanklubs, auf der Stra\u00dfe \u2013 am Pfingstwochenende sogar auf der Pferderennbahn in K\u00f6ln-Weidenpesch an der Currywurst-Bude. Es wurden eigens externe Berater und Kommunikations-Experten engagiert, um die Anw\u00e4rter per Hochglanz-Videos und Brosch\u00fcren optimal zu pr\u00e4sentieren.<\/b><\/p>\n<p>Die Wahlkampf-Inhalte \u2013 irgendwie alle gleich: Keine Investoren zulassen, Klub-Heimat am Gei\u00dfbockheim, mehr Sport-Kompetenz, Nachwuchs-F\u00f6rderung, wirtschaftlicher Erfolg und eine dauerhafte Bundesliga-Zukunft.<\/p>\n<p><b>Ab Mittwoch soll nun auch das Team des Mitgliederrats in den Wahlkampf starten. Mit offizieller Unterst\u00fctzung des Klub-Gremiums und wohl noch mehr Tamtam als die Konkurrenz!<\/b><\/p>\n<p>Aufstieg, Titel und Ekstase!: So wild feiern die K\u00f6ln-Fans<a href=\"https:\/\/www.bild.de\/news\/aufstieg-titel-und-ekstase-so-wild-feiern-die-koeln-fans-682a308d3efd0932362768a6\" class=\"anchor\" rel=\"nofollow noopener\" target=\"_blank\"><img decoding=\"async\" width=\"992\" height=\"558\" alt=\"Teaser-Bild\" src=\"https:\/\/www.europesays.com\/de\/wp-content\/uploads\/2025\/05\/cd51a4fb4dc2dee6e3a6914729389bad-landscape,41d1af9e\"   class=\"landscape teaser__image\" loading=\"lazy\"\/><\/a><\/p>\n<p>Quelle: BILD; Privat18.05.2025<\/p>\n","protected":false},"excerpt":{"rendered":"Jetzt geht&#8217;s zur Sache beim Aufsteiger! Mittwoch stellt K\u00f6lns Mitgliederrat sein Vorstands-Team f\u00fcr die gro\u00dfe Klub-Sitzung im Herbst&hellip;\n","protected":false},"author":2,"featured_media":179248,"comment_status":"","ping_status":"","sticky":false,"template":"","format":"standard","meta":{"footnotes":""},"categories":[1828],"tags":[623,13054,29,347,30,1420,29381,1209,29380,819,45,784],"class_list":{"0":"post-179247","1":"post","2":"type-post","3":"status-publish","4":"format-standard","5":"has-post-thumbnail","7":"category-koeln","8":"tag-1-fc-koeln","9":"tag-abstieg","10":"tag-deutschland","11":"tag-fussball","12":"tag-germany","13":"tag-koeln","14":"tag-mitgliederversammlung","15":"tag-nordrhein-westfalen","16":"tag-podolski-lukas","17":"tag-sport-leuchtturm-essen","18":"tag-texttospeech","19":"tag-zweite-bundesliga"},"share_on_mastodon":{"url":"https:\/\/pubeurope.com\/@de\/114658943054480999","error":""},"_links":{"self":[{"href":"https:\/\/www.europesays.com\/de\/wp-json\/wp\/v2\/posts\/179247","targetHints":{"allow":["GET"]}}],"collection":[{"href":"https:\/\/www.europesays.com\/de\/wp-json\/wp\/v2\/posts"}],"about":[{"href":"https:\/\/www.europesays.com\/de\/wp-json\/wp\/v2\/types\/post"}],"author":[{"embeddable":true,"href":"https:\/\/www.europesays.com\/de\/wp-json\/wp\/v2\/users\/2"}],"replies":[{"embeddable":true,"href":"https:\/\/www.europesays.com\/de\/wp-json\/wp\/v2\/comments?post=179247"}],"version-history":[{"count":0,"href":"https:\/\/www.europesays.com\/de\/wp-json\/wp\/v2\/posts\/179247\/revisions"}],"wp:featuredmedia":[{"embeddable":true,"href":"https:\/\/www.europesays.com\/de\/wp-json\/wp\/v2\/media\/179248"}],"wp:attachment":[{"href":"https:\/\/www.europesays.com\/de\/wp-json\/wp\/v2\/media?parent=179247"}],"wp:term":[{"taxonomy":"category","embeddable":true,"href":"https:\/\/www.europesays.com\/de\/wp-json\/wp\/v2\/categories?post=179247"},{"taxonomy":"post_tag","embeddable":true,"href":"https:\/\/www.europesays.com\/de\/wp-json\/wp\/v2\/tags?post=179247"}],"curies":[{"name":"wp","href":"https:\/\/api.w.org\/{rel}","templated":true}]}}