{"id":179257,"date":"2025-06-10T12:00:09","date_gmt":"2025-06-10T12:00:09","guid":{"rendered":"https:\/\/www.europesays.com\/de\/179257\/"},"modified":"2025-06-10T12:00:09","modified_gmt":"2025-06-10T12:00:09","slug":"berlin-brandenburg-verkehrsverbund-reduziert-nahverkehrs-angebot-in-brandenburg","status":"publish","type":"post","link":"https:\/\/www.europesays.com\/de\/179257\/","title":{"rendered":"Berlin &#038; Brandenburg: Verkehrsverbund reduziert Nahverkehrs-Angebot in Brandenburg"},"content":{"rendered":"<p>                    Berlin &amp; Brandenburg<br \/>\n                Verkehrsverbund reduziert Nahverkehrs-Angebot in Brandenburg<\/p>\n<p>\t\t\t\t              10.06.2025, 13:53 Uhr<\/p>\n<p><strong>Der Verkehrsverbund Berlin-Brandenburg streicht zum n\u00e4chsten Jahr Regionalzug-Verbindungen. Es fehlten die Mittel, um das Angebot aufrecht zu halten. Das Problem gibt es nicht nur in Brandenburg.<\/strong><\/p>\n<p>Berlin\/Potsdam (dpa\/bb) &#8211; Der Verkehrsverbund Berlin-Brandenburg (VBB) streicht zum Fahrplanwechsel im Dezember einige Verbindungen am Wochenende und in den Randzeiten. So verkehre die Regionalbahnlinie RB27 auf dem Abschnitt zwischen Basdorf und Wensickendorf dann nur noch in den Hauptverkehrszeiten am Morgen und am Nachmittag, teilte der VBB mit. Am Wochenende entfielen die Z\u00fcge dort komplett.\u00a0<\/p>\n<p>Reduzierungen auf mehreren Linien<\/p>\n<p>Die RB36 werde zudem nach 20 Uhr nur noch zweist\u00fcndig zwischen Beeskow und Frankfurt (Oder) fahren. Au\u00dferdem reduziert der VBB den Ersatzverkehr der Linie RB66 nach Stettin. &#8222;Alternativ kann eine neue Umstiegsverbindung \u00fcber Pasewalk genutzt werden: Die neue Linie RE30 Angerm\u00fcnde \u2013 Stralsund bietet zus\u00e4tzliche Anschlussm\u00f6glichkeiten in Pasewalk von und zum RE4 in\/aus Richtung Stettin&#8220;, hie\u00df es.\u00a0<\/p>\n<p>Der Verbund wies dar\u00fcber hinaus darauf hin, dass die Deutsche Bahn keine VBB-Fahrausweise mehr auf einigen Fernverkehrsverbindungen anerkenne. Das betrifft demnach ab Dezember 2025 die Strecken von Berlin nach Prenzlau und Elsterwerda sowie zwischen Potsdam, Berlin und Cottbus. Hier konnten Fahrg\u00e4ste bisher mit ihrem Nahverkehrsticket die dort fahrenden Fernz\u00fcge nutzen. Mit dem Fahrplanwechsel Ende des Jahres sei das nicht mehr m\u00f6glich.<\/p>\n<p>Stattdessen richtet der VBB auf den betroffenen Strecken neue Verbindungen ein. Zwischen Berlin und Elsterwerda f\u00e4hrt die Linie RE8 demnach in den Hauptverkehrszeiten montags bis freitags st\u00fcndlich. Im Gegenzug entfallen die Direktfahrten nach Finsterwalde.\u00a0<\/p>\n<p>Auf der Strecke Potsdam-Berlin-Cottbus gebe es bereits jetzt Zusatzz\u00fcge zum st\u00fcndlich fahrenden RE2. &#8222;Diese Z\u00fcge fahren ab Dezember 2025 neu ebenfalls st\u00fcndlich unter der Linienbezeichnung RE20 und bilden somit gemeinsam mit dem RE2 ein Angebot von zwei schnellen Verbindungen pro Stunde&#8220;, teilte der VBB mit. Die Z\u00fcge fahren aber zun\u00e4chst nur zwischen Berlin und L\u00fcbbenau.\u00a0<\/p>\n<p>RE3 f\u00e4hrt daf\u00fcr \u00f6fter<\/p>\n<p>Auf der Linie RE3 zwischen Berlin und Prenzlau stockt der Verbund das Angebot hingegen auf. Ab dem Fahrplanwechsel im Dezember fahren die Z\u00fcge dort st\u00fcndlich.\u00a0<\/p>\n<p>Als Grund f\u00fcr die Angebotsreduzierungen im Brandenburger Regionalverkehr verweist der VBB auf fehlende finanzielle Mittel. Diese reichten f\u00fcr eine vollumf\u00e4ngliche Finanzierung des bisher geplanten Schienenpersonennahverkehrs (SPNV) nicht aus&#8220;, hie\u00df es. Auch in anderen Bundesl\u00e4ndern haben die zust\u00e4ndigen Verb\u00fcnde deshalb bereits Verbindungen insbesondere in den Randzeiten gestrichen. Die sogenannten Regionalisierungsmittel &#8211; Geld, das der Bund den L\u00e4ndern zur Finanzierung des Regionalverkehrs \u00fcberweist &#8211; reichen demnach nicht aus, um die in den vergangenen Jahren stark gestiegenen Kosten f\u00fcr den Betrieb zu decken.<\/p>\n","protected":false},"excerpt":{"rendered":"Berlin &amp; Brandenburg Verkehrsverbund reduziert Nahverkehrs-Angebot in Brandenburg 10.06.2025, 13:53 Uhr Der Verkehrsverbund Berlin-Brandenburg streicht zum n\u00e4chsten Jahr&hellip;\n","protected":false},"author":2,"featured_media":179258,"comment_status":"","ping_status":"","sticky":false,"template":"","format":"standard","meta":{"footnotes":""},"categories":[1816],"tags":[1960,1958,1959,1957,296,1956,1890,29,30,60475,18265],"class_list":{"0":"post-179257","1":"post","2":"type-post","3":"status-publish","4":"format-standard","5":"has-post-thumbnail","7":"category-brandenburg","8":"tag-aktuelle-nachrichten-aus-berlin-und-brandenburg","9":"tag-aktuelle-nachrichten-aus-brandenburg","10":"tag-aktuelle-news-aus-berlin-und-brandenburg","11":"tag-aktuelle-news-aus-brandenburg","12":"tag-berlin","13":"tag-berlin-und-brandenburg","14":"tag-brandenburg","15":"tag-deutschland","16":"tag-germany","17":"tag-nahverkehrs-angebot","18":"tag-verkehrsverbund"},"share_on_mastodon":{"url":"https:\/\/pubeurope.com\/@de\/114658963249952833","error":""},"_links":{"self":[{"href":"https:\/\/www.europesays.com\/de\/wp-json\/wp\/v2\/posts\/179257","targetHints":{"allow":["GET"]}}],"collection":[{"href":"https:\/\/www.europesays.com\/de\/wp-json\/wp\/v2\/posts"}],"about":[{"href":"https:\/\/www.europesays.com\/de\/wp-json\/wp\/v2\/types\/post"}],"author":[{"embeddable":true,"href":"https:\/\/www.europesays.com\/de\/wp-json\/wp\/v2\/users\/2"}],"replies":[{"embeddable":true,"href":"https:\/\/www.europesays.com\/de\/wp-json\/wp\/v2\/comments?post=179257"}],"version-history":[{"count":0,"href":"https:\/\/www.europesays.com\/de\/wp-json\/wp\/v2\/posts\/179257\/revisions"}],"wp:featuredmedia":[{"embeddable":true,"href":"https:\/\/www.europesays.com\/de\/wp-json\/wp\/v2\/media\/179258"}],"wp:attachment":[{"href":"https:\/\/www.europesays.com\/de\/wp-json\/wp\/v2\/media?parent=179257"}],"wp:term":[{"taxonomy":"category","embeddable":true,"href":"https:\/\/www.europesays.com\/de\/wp-json\/wp\/v2\/categories?post=179257"},{"taxonomy":"post_tag","embeddable":true,"href":"https:\/\/www.europesays.com\/de\/wp-json\/wp\/v2\/tags?post=179257"}],"curies":[{"name":"wp","href":"https:\/\/api.w.org\/{rel}","templated":true}]}}