{"id":179276,"date":"2025-06-10T12:10:09","date_gmt":"2025-06-10T12:10:09","guid":{"rendered":"https:\/\/www.europesays.com\/de\/179276\/"},"modified":"2025-06-10T12:10:09","modified_gmt":"2025-06-10T12:10:09","slug":"kraftklub-bei-rock-am-ring-2025-wird-zur-enttaeuschung-fuer-viele","status":"publish","type":"post","link":"https:\/\/www.europesays.com\/de\/179276\/","title":{"rendered":"Kraftklub bei Rock am Ring 2025 wird zur Entt\u00e4uschung f\u00fcr viele"},"content":{"rendered":"<p class=\"text_ohne_einzug richtext text-em-55 !leading-serif mx-6 desktop:mx-0\">Rock am Ring 2025 wartet mit vielen \u00dcberraschungen auf. Nicht nur die beiden bis zu ihren Auftritten geheimen Very Special Guests Electric Callboy und Roy Bianco &amp; Die Abbrunzati Boys, sondern auch Aktionen wie ein spontanes Konzert von Feine Sahne Fischfilet auf dem Campingplatz pr\u00e4gen das Festival.<\/p>\n<p>Kraftklub als \u00dcberraschung bei Rock am Ring 2025      <\/p>\n<p class=\"richtext text-em-55 !leading-serif mx-6 desktop:mx-0\">Am Samstagabend gab es eine weitere \u00dcberraschung \u2013 die sich jedoch schon angek\u00fcndigt hatte. Denn im Laufe des Freitags wurde in der N\u00e4he der Mandora Stage ein Schriftzug an einem Kran hochgezogen: \u201eKraftklub sterben in Karl-Marx-Stadt\u201c. Dazu tauchte ein Countdown auf, der am Samstag um 18.05 Uhr endete.<\/p>\n<p class=\"richtext text-em-55 !leading-serif mx-6 desktop:mx-0\">Die Vermutung vieler Festivalbesucher: Die Band Kraftklub aus Chemnitz (das fr\u00fcher Karl-Marx-Stadt hie\u00df) wird als \u00dcberraschung bei Rock am Ring auftreten. Zumal der Schriftzug dem \u00e4hnelte, den Kraftklub auch in den vergangenen Tagen bei nur kurzfristig oder gar nicht angek\u00fcndigten Auftritten verwendet hatten, ebenso wie im Musikvideo zu ihrem am Freitag erschienenen neuen Song \u201eSchief in jedem Chor\u201c.<\/p>\n<p class=\"richtext text-em-55 !leading-serif mx-6 desktop:mx-0\">Aus Ger\u00fccht wurde auch Realit\u00e4t. Jedoch traten Kraftklub nicht auf einer der vier B\u00fchnen auf. Stattdessen wurde in der Menge vor der Mandora Stage eine kleine B\u00fchne aufgebaut. Dorthin dr\u00e4ngten die Fans auch schon vor 18.05 Uhr, schlie\u00dflich war kein Durchkommen mehr.<\/p>\n<p class=\"richtext text-em-55 !leading-serif mx-6 desktop:mx-0\">Und dann, p\u00fcnktlich zum Ende des Countdowns, kamen die M\u00e4nner aus Chemnitz wirklich auf die B\u00fchne. \u201eRock am Ring, wir haben 15 Minuten\u201c, macht es S\u00e4nger Felix Kummer kurz. Es reicht f\u00fcr drei Lieder: \u201eEin Song reicht\u201c, \u201eSongs f\u00fcr Liam\u201c und den neuen Song, \u201eSchief in jedem Chor\u201c. Und es reicht, dass die Fans vor der B\u00fchne trotzdem ausrasten, pogen und Crowdsurfen. Und am Ende, als die Band noch vor der B\u00fchne ist, lange den Refrain von \u201eSchief in jedem Chor\u201c weitersingen, gemeinsam im Chor.<\/p>\n<p>Warum viele Fans vom Kraftklub-Auftritt bei Rock am Ring entt\u00e4uscht waren      <\/p>\n<p class=\"richtext text-em-55 !leading-serif mx-6 desktop:mx-0\">Klingt wunderbar, oder? Das ist aber nur die Perspektive derer, die gl\u00fccklich genug waren, rechtzeitig die kleine B\u00fchne zu entdecken und sich davor zu quetschen. Fans, die etwas weiter weg oder in einem anderen Winkel zur B\u00fchne standen, haben dagegen eine Entt\u00e4uschung erlebt. Denn dort war nichts vom \u00dcberraschungsauftritt zu h\u00f6ren, auch wenn er sogar auf den Bildschirmen \u00fcbertragen wurde. Wer n\u00e4her an der Mandora Stage stand, hatte stattdessen sogar den Soundcheck von Airbourne auf den Ohren.<\/p>\n<p class=\"richtext text-em-55 !leading-serif mx-6 desktop:mx-0\">Und so mussten sich viele Fans, die teils sogar extra ihre Kraftklub-Shirts angezogen hatten, wieder zur\u00fcck durch die Menge dr\u00e4ngen, fast ohne einen Ton der Band geh\u00f6rt zu haben. Eine \u00dcberraschung, die sich viele gew\u00fcnscht hatten \u2013 aber die bis auf die Ausnahme einiger Gl\u00fccklicher eher zur Entt\u00e4uschung geworden ist.<\/p>\n","protected":false},"excerpt":{"rendered":"Rock am Ring 2025 wartet mit vielen \u00dcberraschungen auf. Nicht nur die beiden bis zu ihren Auftritten geheimen&hellip;\n","protected":false},"author":2,"featured_media":179277,"comment_status":"","ping_status":"","sticky":false,"template":"","format":"standard","meta":{"footnotes":""},"categories":[1772],"tags":[29,214,30,1779,810,215],"class_list":{"0":"post-179276","1":"post","2":"type-post","3":"status-publish","4":"format-standard","5":"has-post-thumbnail","7":"category-musik","8":"tag-deutschland","9":"tag-entertainment","10":"tag-germany","11":"tag-music","12":"tag-musik","13":"tag-unterhaltung"},"share_on_mastodon":{"url":"https:\/\/pubeurope.com\/@de\/114659001948989005","error":""},"_links":{"self":[{"href":"https:\/\/www.europesays.com\/de\/wp-json\/wp\/v2\/posts\/179276","targetHints":{"allow":["GET"]}}],"collection":[{"href":"https:\/\/www.europesays.com\/de\/wp-json\/wp\/v2\/posts"}],"about":[{"href":"https:\/\/www.europesays.com\/de\/wp-json\/wp\/v2\/types\/post"}],"author":[{"embeddable":true,"href":"https:\/\/www.europesays.com\/de\/wp-json\/wp\/v2\/users\/2"}],"replies":[{"embeddable":true,"href":"https:\/\/www.europesays.com\/de\/wp-json\/wp\/v2\/comments?post=179276"}],"version-history":[{"count":0,"href":"https:\/\/www.europesays.com\/de\/wp-json\/wp\/v2\/posts\/179276\/revisions"}],"wp:featuredmedia":[{"embeddable":true,"href":"https:\/\/www.europesays.com\/de\/wp-json\/wp\/v2\/media\/179277"}],"wp:attachment":[{"href":"https:\/\/www.europesays.com\/de\/wp-json\/wp\/v2\/media?parent=179276"}],"wp:term":[{"taxonomy":"category","embeddable":true,"href":"https:\/\/www.europesays.com\/de\/wp-json\/wp\/v2\/categories?post=179276"},{"taxonomy":"post_tag","embeddable":true,"href":"https:\/\/www.europesays.com\/de\/wp-json\/wp\/v2\/tags?post=179276"}],"curies":[{"name":"wp","href":"https:\/\/api.w.org\/{rel}","templated":true}]}}