{"id":179298,"date":"2025-06-10T12:21:12","date_gmt":"2025-06-10T12:21:12","guid":{"rendered":"https:\/\/www.europesays.com\/de\/179298\/"},"modified":"2025-06-10T12:21:12","modified_gmt":"2025-06-10T12:21:12","slug":"seniorin-kollidiert-auf-monschauer-strasse-mit-suv","status":"publish","type":"post","link":"https:\/\/www.europesays.com\/de\/179298\/","title":{"rendered":"Seniorin kollidiert auf Monschauer Stra\u00dfe mit SUV"},"content":{"rendered":"<p>Unfall auf Monschauer Stra\u00dfe <\/p>\n<p>78-j\u00e4hrige Autofahrerin kollidiert mit SUV<\/p>\n<p>10.06.2025 &#8211; 13:34 UhrLesedauer: 1 Min.<\/p>\n<p><a href=\"#focus-0\" class=\"transition-colors duration-200 focus-within:text-magenta block text-current relative\" data-sctrack=\"FocusGalleryImage.Reference\"><img fetchpriority=\"high\" data-testid=\"Opener.Image\" style=\"--lqipURL:url('https:\/\/images.t-online.de\/2025\/06\/e2SuUjiJ7sdp\/0x75:800x450\/fit-in\/150x0\/filters:blur(25)\/ein-polizeiauto-mit-eingeschaltetem-blaulicht-symbolbild-alle-drei-personen-erlitten-verletzungen.jpg')\"   loading=\"eager\" src=\"https:\/\/www.europesays.com\/de\/wp-content\/uploads\/2025\/06\/ein-polizeiauto-mit-eingeschaltetem-blaulicht-symbolbild-alle-drei-personen-erlitten-verletzungen.jp.jpeg\" alt=\"Ein Polizeiauto mit eingeschaltetem Blaulicht (Symbolbild): Alle drei Personen erlitten Verletzungen.\" title=\"Ein Polizeiauto mit eingeschaltetem Blaulicht (Symbolbild): Alle drei Personen erlitten Verletzungen.\" width=\"800\" height=\"450\" class=\"bg-[url:var(--lqipURL)] bg-cover bg-center flex w-full max-w-full h-full\" decoding=\"async\"\/><img style=\"--width:32;--height:32\" loading=\"lazy\" src=\"https:\/\/www.europesays.com\/de\/wp-content\/uploads\/2025\/05\/zoom-in.f7dae02f.svg.svg+xml\" alt=\"Vergr\u00f6\u00dfern des Bildes\" title=\"Vergr\u00f6\u00dfern des Bildes\" class=\"&#10;        block&#10;        h-[calc(var(--height)_\/_16_*_1rem)]&#10;        w-[calc(var(--width)_\/_16_*_1rem)]&#10;        max-w-none&#10;        absolute bottom-8 right-8 rounded-4 bg-snow p-8\" decoding=\"async\"\/><\/a><\/p>\n<p>Ein Polizeiauto mit eingeschaltetem Blaulicht (Symbolbild): Auf der Monschauer Stra\u00dfe kommt es zu einem schweren Zusammensto\u00df. (Quelle: Karl-Josef Hildenbrand\/dpa)<\/p>\n<p class=\"font-bold text-18 leading-17\">Eine 78-j\u00e4hrige Autofahrerin aus Roetgen hat am Freitagnachmittag einen schweren Verkehrsunfall auf der Monschauer Stra\u00dfe in Aachen verursacht.<\/p>\n<p class=\"text-18 leading-17\">Nach Angaben der Polizei geriet die Seniorin gegen 14.15 Uhr zwischen der Schleidener Stra\u00dfe und der Ardennenstra\u00dfe bei Schmithof in den Gegenverkehr.<\/p>\n<p class=\"text-18 leading-17\">Dort stie\u00df sie mit einem entgegenkommenden SUV zusammen. Die Unfallverursacherin erlitt schwere Verletzungen und wurde ins Krankenhaus eingeliefert. Da Lebensgefahr nicht ausgeschlossen werden konnte, zog die Polizei das spezialisierte Verkehrsunfallaufnahme-Team aus <a class=\"transition-colors duration-200 cursor-pointer text-inherit no-underline text-salemsfur md:hover:text-magenta md:hover:border-magenta md:focus:text-magenta border-current border-b border-solid break-words\" href=\"https:\/\/www.t-online.de\/region\/koeln\/\" data-sctrack=\"BodyAnchor\" rel=\"nofollow noopener\" target=\"_blank\">K\u00f6ln<\/a> hinzu, um Spuren am Unfallort zu sichern.<\/p>\n<p class=\"text-18 leading-17\">Der 34-j\u00e4hrige SUV-Fahrer aus <a class=\"transition-colors duration-200 cursor-pointer text-inherit no-underline text-salemsfur md:hover:text-magenta md:hover:border-magenta md:focus:text-magenta border-current border-b border-solid break-words\" href=\"https:\/\/www.t-online.de\/themen\/hoexter\/\" data-sctrack=\"BodyAnchor\" rel=\"nofollow noopener\" target=\"_blank\">H\u00f6xter<\/a> und sein 36-j\u00e4hriger Beifahrer kamen mit leichten Verletzungen davon. Beide Fahrzeuge wurden durch den Zusammensto\u00df stark besch\u00e4digt und mussten abgeschleppt werden.<\/p>\n<p class=\"text-18 leading-17\">Warum die Seniorin auf die Gegenfahrbahn geriet, ist noch unklar. Das Verkehrskommissariat ermittelt nun zu den genauen Unfallursachen.<\/p>\n","protected":false},"excerpt":{"rendered":"Unfall auf Monschauer Stra\u00dfe 78-j\u00e4hrige Autofahrerin kollidiert mit SUV 10.06.2025 &#8211; 13:34 UhrLesedauer: 1 Min. Ein Polizeiauto mit&hellip;\n","protected":false},"author":2,"featured_media":158012,"comment_status":"","ping_status":"","sticky":false,"template":"","format":"standard","meta":{"footnotes":""},"categories":[1853],"tags":[722,17161,1424,1950,3364,29,548,663,3934,30,13,25551,14,15,1209,121,15580,43117,12,60478,60479,1284,3260],"class_list":{"0":"post-179298","1":"post","2":"type-post","3":"status-publish","4":"format-standard","5":"has-post-thumbnail","7":"category-aachen","8":"tag-722","9":"tag-17161","10":"tag-aachen","11":"tag-blaulicht","12":"tag-de","13":"tag-deutschland","14":"tag-eu","15":"tag-europa","16":"tag-europe","17":"tag-germany","18":"tag-headlines","19":"tag-monschauer-strasse","20":"tag-nachrichten","21":"tag-news","22":"tag-nordrhein-westfalen","23":"tag-polizei","24":"tag-polizeiauto","25":"tag-roetgen","26":"tag-schlagzeilen","27":"tag-schleidener-strasse","28":"tag-schmithof","29":"tag-unfall","30":"tag-verkehrsunfall"},"share_on_mastodon":{"url":"https:\/\/pubeurope.com\/@de\/114659045127567752","error":""},"_links":{"self":[{"href":"https:\/\/www.europesays.com\/de\/wp-json\/wp\/v2\/posts\/179298","targetHints":{"allow":["GET"]}}],"collection":[{"href":"https:\/\/www.europesays.com\/de\/wp-json\/wp\/v2\/posts"}],"about":[{"href":"https:\/\/www.europesays.com\/de\/wp-json\/wp\/v2\/types\/post"}],"author":[{"embeddable":true,"href":"https:\/\/www.europesays.com\/de\/wp-json\/wp\/v2\/users\/2"}],"replies":[{"embeddable":true,"href":"https:\/\/www.europesays.com\/de\/wp-json\/wp\/v2\/comments?post=179298"}],"version-history":[{"count":0,"href":"https:\/\/www.europesays.com\/de\/wp-json\/wp\/v2\/posts\/179298\/revisions"}],"wp:featuredmedia":[{"embeddable":true,"href":"https:\/\/www.europesays.com\/de\/wp-json\/wp\/v2\/media\/158012"}],"wp:attachment":[{"href":"https:\/\/www.europesays.com\/de\/wp-json\/wp\/v2\/media?parent=179298"}],"wp:term":[{"taxonomy":"category","embeddable":true,"href":"https:\/\/www.europesays.com\/de\/wp-json\/wp\/v2\/categories?post=179298"},{"taxonomy":"post_tag","embeddable":true,"href":"https:\/\/www.europesays.com\/de\/wp-json\/wp\/v2\/tags?post=179298"}],"curies":[{"name":"wp","href":"https:\/\/api.w.org\/{rel}","templated":true}]}}