{"id":179365,"date":"2025-06-10T12:59:09","date_gmt":"2025-06-10T12:59:09","guid":{"rendered":"https:\/\/www.europesays.com\/de\/179365\/"},"modified":"2025-06-10T12:59:09","modified_gmt":"2025-06-10T12:59:09","slug":"feuerwehr-moritzburg-rettet-im-auto-eingeschlossenes-baby","status":"publish","type":"post","link":"https:\/\/www.europesays.com\/de\/179365\/","title":{"rendered":"Feuerwehr Moritzburg rettet im Auto eingeschlossenes Baby"},"content":{"rendered":"<p>Das war ziemlich heikel. Am Nachmittag des Pfingstmontags ereignete sich ein Vorfall, bei dem die Freiwillige Feuerwehr Moritzburg zu einem schwierigen Einsatz gerufen wurde. Auf dem Kutschgeteichparkplatz wurde ein Baby aus Versehen in einem Auto eingeschlossen, w\u00e4hrend die Schl\u00fcssel im Fahrzeuginneren lagen. Das teilte die Feuerwehr mit.<\/p>\n<p>Schnell reagierten die Einsatzkr\u00e4fte und verschafften sich \u00fcber ein kleines Fenster Zugang zum Fahrzeug. Es gelang ihnen, den Schl\u00fcssel zu erreichen und das Auto zu \u00f6ffnen, sodass das Kind unbeschadet seiner tapferen Mutter \u00fcbergeben werden konnte. \u00a0Sie war \u00fcbergl\u00fccklich.\u00a0<\/p>\n<p>Dieser Vorfall zeigt einmal mehr die Bedeutung und die Einsatzbereitschaft der Freiwilligen Feuerwehr Moritzburg. Neben der Brandbek\u00e4mpfung geh\u00f6rt auch die Rettung aus misslichen Lagen zu ihren Aufgaben.\u00a0Der Feuerwehrverein Moritzburg e.V. unterst\u00fctzt diese Aktivit\u00e4ten aktiv und f\u00f6rdert somit das Engagement und die Ausbildung der freiwilligen Helfer.\u00a0<\/p>\n","protected":false},"excerpt":{"rendered":"Das war ziemlich heikel. Am Nachmittag des Pfingstmontags ereignete sich ein Vorfall, bei dem die Freiwillige Feuerwehr Moritzburg&hellip;\n","protected":false},"author":2,"featured_media":179366,"comment_status":"","ping_status":"","sticky":false,"template":"","format":"standard","meta":{"footnotes":""},"categories":[1835],"tags":[3364,29,2386,60498,2774,30,60497,16581,15095,859],"class_list":{"0":"post-179365","1":"post","2":"type-post","3":"status-publish","4":"format-standard","5":"has-post-thumbnail","7":"category-dresden","8":"tag-de","9":"tag-deutschland","10":"tag-dresden","11":"tag-feuerwehrverein","12":"tag-freiwillige-feuerwehr","13":"tag-germany","14":"tag-kind-eingeschlossen","15":"tag-moritzburg","16":"tag-rettung","17":"tag-sachsen"},"share_on_mastodon":{"url":"https:\/\/pubeurope.com\/@de\/114659194619532691","error":""},"_links":{"self":[{"href":"https:\/\/www.europesays.com\/de\/wp-json\/wp\/v2\/posts\/179365","targetHints":{"allow":["GET"]}}],"collection":[{"href":"https:\/\/www.europesays.com\/de\/wp-json\/wp\/v2\/posts"}],"about":[{"href":"https:\/\/www.europesays.com\/de\/wp-json\/wp\/v2\/types\/post"}],"author":[{"embeddable":true,"href":"https:\/\/www.europesays.com\/de\/wp-json\/wp\/v2\/users\/2"}],"replies":[{"embeddable":true,"href":"https:\/\/www.europesays.com\/de\/wp-json\/wp\/v2\/comments?post=179365"}],"version-history":[{"count":0,"href":"https:\/\/www.europesays.com\/de\/wp-json\/wp\/v2\/posts\/179365\/revisions"}],"wp:featuredmedia":[{"embeddable":true,"href":"https:\/\/www.europesays.com\/de\/wp-json\/wp\/v2\/media\/179366"}],"wp:attachment":[{"href":"https:\/\/www.europesays.com\/de\/wp-json\/wp\/v2\/media?parent=179365"}],"wp:term":[{"taxonomy":"category","embeddable":true,"href":"https:\/\/www.europesays.com\/de\/wp-json\/wp\/v2\/categories?post=179365"},{"taxonomy":"post_tag","embeddable":true,"href":"https:\/\/www.europesays.com\/de\/wp-json\/wp\/v2\/tags?post=179365"}],"curies":[{"name":"wp","href":"https:\/\/api.w.org\/{rel}","templated":true}]}}