{"id":179374,"date":"2025-06-10T13:05:10","date_gmt":"2025-06-10T13:05:10","guid":{"rendered":"https:\/\/www.europesays.com\/de\/179374\/"},"modified":"2025-06-10T13:05:10","modified_gmt":"2025-06-10T13:05:10","slug":"rechtspopulismus-in-holzwickede-clara-schumann-gymnasium-reagiert","status":"publish","type":"post","link":"https:\/\/www.europesays.com\/de\/179374\/","title":{"rendered":"Rechtspopulismus in Holzwickede: Clara-Schumann-Gymnasium reagiert"},"content":{"rendered":"<p>\t\tRemigration-Sticker an Holzwickeder Schulwand<br \/>\n\t\t\t\t\tGymnasium distanziert sich von Aktion<\/p>\n<p>\t\t<img alt=\"\" src=\"https:\/\/www.europesays.com\/de\/wp-content\/uploads\/2025\/04\/630_0036_378794_.jpg\"  class=\"avatar avatar-36 photo avatar-default\" height=\"36\" width=\"36\" loading=\"lazy\" decoding=\"async\"\/>\t\t<a class=\"article-author__name\" href=\"https:\/\/www.hellwegeranzeiger.de\/author\/christian-greis\/\" rel=\"author nofollow noopener\" target=\"_blank\">Christian Greis<\/a><br \/>\n\t\tRedakteur<\/p>\n<p>\t10.06.2025 14:52 Uhr<\/p>\n<p>\t\tTeilen<\/p>\n<p>\n\tIn Merkliste \u00fcbernehmen\n<\/p>\n<p>    <a href=\"https:\/\/www.hellwegeranzeiger.de\/wp-content\/uploads\/2025\/06\/10\/12\/630_0900_4779199_Sticker_Remigration_Clara_Schumann_Gymn-1648x824.jpg\" rel=\"nofollow noopener\" target=\"_blank\"><\/p>\n<p>            <img loading=\"lazy\" decoding=\"async\" src=\"https:\/\/www.europesays.com\/de\/wp-content\/uploads\/2025\/06\/630_0900_4779198_Sticker_Remigration_Clara_Schumann_Gymn-640x428.jpg\" width=\"640\" height=\"428\"  alt=\"Szene aus dem Video, das Anlass f\u00fcr die CSG-Stellungnahme war: Die Hand der Sch\u00fclerin dr\u00fcckt einen \u201eRemigration jetzt!\u201c-Sticker an die \u201eWand zur Demokratie\u201c im Schulgeb\u00e4ude.\"\/><\/p>\n<p>    <\/a><br \/>\n    Szene aus dem Video, das Anlass f\u00fcr die CSG-Stellungnahme war: Die Hand der Sch\u00fclerin dr\u00fcckt einen &#8222;Remigration jetzt!&#8220;-Sticker an die &#8222;Wand zur Demokratie&#8220; im Schulgeb\u00e4ude. \u00a9 Mathias Gaumann<\/p>\n<p class=\"article__teaser-text\">Provokation mit einem rechtspopulistischen Sticker an einer \u201eWand f\u00fcr Demokratie\u201c: Das Holzwickeder Clara-Schumann-Gymnasium nimmt dazu deutlich Stellung.<\/p>\n<p>2 Min Lesezeit<\/p>\n<p>Sticker-Aktion gefilmt und in sozialen Medien ver\u00f6ffentlichtSchultr\u00e4ger unterst\u00fctzt die Stellungnahme des CSG<\/p>\n<p>\n\t<a href=\"https:\/\/www.hellwegeranzeiger.de\" class=\"button button--brand button--link home-button\" rel=\"nofollow noopener\" target=\"_blank\">Zur Startseite<\/a><\/p>\n","protected":false},"excerpt":{"rendered":"Remigration-Sticker an Holzwickeder Schulwand Gymnasium distanziert sich von Aktion Christian Greis Redakteur 10.06.2025 14:52 Uhr Teilen In Merkliste&hellip;\n","protected":false},"author":2,"featured_media":179375,"comment_status":"","ping_status":"","sticky":false,"template":"","format":"standard","meta":{"footnotes":""},"categories":[1833],"tags":[3364,29,217,30,1691,1209,8953],"class_list":{"0":"post-179374","1":"post","2":"type-post","3":"status-publish","4":"format-standard","5":"has-post-thumbnail","7":"category-dortmund","8":"tag-de","9":"tag-deutschland","10":"tag-dortmund","11":"tag-germany","12":"tag-gymnasium","13":"tag-nordrhein-westfalen","14":"tag-schule-kita"},"share_on_mastodon":{"url":"https:\/\/pubeurope.com\/@de\/114659218224174758","error":""},"_links":{"self":[{"href":"https:\/\/www.europesays.com\/de\/wp-json\/wp\/v2\/posts\/179374","targetHints":{"allow":["GET"]}}],"collection":[{"href":"https:\/\/www.europesays.com\/de\/wp-json\/wp\/v2\/posts"}],"about":[{"href":"https:\/\/www.europesays.com\/de\/wp-json\/wp\/v2\/types\/post"}],"author":[{"embeddable":true,"href":"https:\/\/www.europesays.com\/de\/wp-json\/wp\/v2\/users\/2"}],"replies":[{"embeddable":true,"href":"https:\/\/www.europesays.com\/de\/wp-json\/wp\/v2\/comments?post=179374"}],"version-history":[{"count":0,"href":"https:\/\/www.europesays.com\/de\/wp-json\/wp\/v2\/posts\/179374\/revisions"}],"wp:featuredmedia":[{"embeddable":true,"href":"https:\/\/www.europesays.com\/de\/wp-json\/wp\/v2\/media\/179375"}],"wp:attachment":[{"href":"https:\/\/www.europesays.com\/de\/wp-json\/wp\/v2\/media?parent=179374"}],"wp:term":[{"taxonomy":"category","embeddable":true,"href":"https:\/\/www.europesays.com\/de\/wp-json\/wp\/v2\/categories?post=179374"},{"taxonomy":"post_tag","embeddable":true,"href":"https:\/\/www.europesays.com\/de\/wp-json\/wp\/v2\/tags?post=179374"}],"curies":[{"name":"wp","href":"https:\/\/api.w.org\/{rel}","templated":true}]}}