{"id":179376,"date":"2025-06-10T13:06:13","date_gmt":"2025-06-10T13:06:13","guid":{"rendered":"https:\/\/www.europesays.com\/de\/179376\/"},"modified":"2025-06-10T13:06:13","modified_gmt":"2025-06-10T13:06:13","slug":"der-sport-tag-dortmund-verkuendet-bellingham-transfer","status":"publish","type":"post","link":"https:\/\/www.europesays.com\/de\/179376\/","title":{"rendered":"Der Sport-Tag: Dortmund verk\u00fcndet Bellingham-Transfer"},"content":{"rendered":"<p>                    Der Sport-Tag<br \/>\n                Dortmund verk\u00fcndet Bellingham-Transfer<\/p>\n<p>\t\t\t\t              10.06.2025, 15:01 Uhr<\/p>\n<p><b>Borussia Dortmund <\/b>hat die <b>Verpflichtung von Jobe Bellingham vom Premier-League-Aufsteiger AFC Sunderland<\/b> best\u00e4tigt. Der 19-J\u00e4hrige erh\u00e4lt einen F\u00fcnfjahresvertrag. Er ist der j\u00fcngere Bruder von Jude Bellingham, der in Dortmund vom Talent zum Topstar aufstieg und schlie\u00dflich f\u00fcr mehr als 100 Millionen Euro zu Real Madrid wechselte.<\/p>\n<p>Eine \u00e4hnliche Entwicklung erhoffen sich die Dortmunder erneut. F\u00fcr Jobe Bellingham, der schon bei der Klub-WM das Dortmunder Trikot tragen wird, zahlt der BVB nach SID-Informationen <b>30,5 Millionen Euro Sockelabl\u00f6se,<\/b> die durch Boni um f\u00fcnf Millionen Euro steigen kann. Sunderland erh\u00e4lt zudem eine <b>15-prozentige Weiterverkaufsbeteiligung<\/b>.<\/p>\n<p>Jobe Bellingham wurde zuletzt f\u00fcr die englische U21-Nationalmannschaft nominiert, f\u00fcr die er bisher vier Spiele absolviert hat. Er wird aber<b> am Freitag mit dem BVB in die USA fliegen<\/b>. Der kampf- und laufstarke zentrale Mittelfeldspieler war f\u00fcr Sunderland in der Aufstiegssaison ein unverzichtbarer St\u00fctzpfeiler in der Championship: Er lief in 40 von 46 Saisonspielen auf &#8211; davon 38-mal \u00fcber 90 Minuten. Ihm gelangen dabei vier Tore, drei weitere legte er auf.<\/p>\n","protected":false},"excerpt":{"rendered":"Der Sport-Tag Dortmund verk\u00fcndet Bellingham-Transfer 10.06.2025, 15:01 Uhr Borussia Dortmund hat die Verpflichtung von Jobe Bellingham vom Premier-League-Aufsteiger&hellip;\n","protected":false},"author":2,"featured_media":179377,"comment_status":"","ping_status":"","sticky":false,"template":"","format":"standard","meta":{"footnotes":""},"categories":[1833],"tags":[60502,3364,282,29,217,30,1209,283],"class_list":{"0":"post-179376","1":"post","2":"type-post","3":"status-publish","4":"format-standard","5":"has-post-thumbnail","7":"category-dortmund","8":"tag-bellingham-transfer","9":"tag-de","10":"tag-der","11":"tag-deutschland","12":"tag-dortmund","13":"tag-germany","14":"tag-nordrhein-westfalen","15":"tag-sport-tag"},"share_on_mastodon":{"url":"https:\/\/pubeurope.com\/@de\/114659222163144821","error":""},"_links":{"self":[{"href":"https:\/\/www.europesays.com\/de\/wp-json\/wp\/v2\/posts\/179376","targetHints":{"allow":["GET"]}}],"collection":[{"href":"https:\/\/www.europesays.com\/de\/wp-json\/wp\/v2\/posts"}],"about":[{"href":"https:\/\/www.europesays.com\/de\/wp-json\/wp\/v2\/types\/post"}],"author":[{"embeddable":true,"href":"https:\/\/www.europesays.com\/de\/wp-json\/wp\/v2\/users\/2"}],"replies":[{"embeddable":true,"href":"https:\/\/www.europesays.com\/de\/wp-json\/wp\/v2\/comments?post=179376"}],"version-history":[{"count":0,"href":"https:\/\/www.europesays.com\/de\/wp-json\/wp\/v2\/posts\/179376\/revisions"}],"wp:featuredmedia":[{"embeddable":true,"href":"https:\/\/www.europesays.com\/de\/wp-json\/wp\/v2\/media\/179377"}],"wp:attachment":[{"href":"https:\/\/www.europesays.com\/de\/wp-json\/wp\/v2\/media?parent=179376"}],"wp:term":[{"taxonomy":"category","embeddable":true,"href":"https:\/\/www.europesays.com\/de\/wp-json\/wp\/v2\/categories?post=179376"},{"taxonomy":"post_tag","embeddable":true,"href":"https:\/\/www.europesays.com\/de\/wp-json\/wp\/v2\/tags?post=179376"}],"curies":[{"name":"wp","href":"https:\/\/api.w.org\/{rel}","templated":true}]}}