{"id":179383,"date":"2025-06-10T13:15:09","date_gmt":"2025-06-10T13:15:09","guid":{"rendered":"https:\/\/www.europesays.com\/de\/179383\/"},"modified":"2025-06-10T13:15:09","modified_gmt":"2025-06-10T13:15:09","slug":"schickimicki-schliesst-nur-ein-jahr-nach-neueroeffnung","status":"publish","type":"post","link":"https:\/\/www.europesays.com\/de\/179383\/","title":{"rendered":"Schickimicki schlie\u00dft nur ein Jahr nach Neuer\u00f6ffnung"},"content":{"rendered":"<p class=\"text_ohne_einzug richtext text-em-55 !leading-serif mx-6 desktop:mx-0\"> An der l\u00e4ngsten Theke der Welt gibt es wenige Orte, in denen man zu sp\u00e4ter Stunde spontan tanzen kann \u2013 ohne lange Schlange, hohe Schuhe oder Mindestverzehr. Im Schickimicki an der Neustra\u00dfe geht das, weil dort das Gegenteil dessen geboten wird, was der Name verspricht. Das Bier ist g\u00fcnstig, die Longdrinks auch, das Publikum und die Musik sind so bunt gemischt wie auf einem Sch\u00fctzenfest. 2012 war die Er\u00f6ffnung, im Herbst 2023 das erste Mal Schluss, im <a href=\"https:\/\/rp-online.de\/thema\/sommer\/\" target=\"_blank\" rel=\"noopener\">Sommer<\/a> 2024 dann die Wiedergeburt durch den fr\u00fcheren Mitarbeiter Christoph B. Kl\u00f6cker. Doch er hat am Wochenende auf sozialen Netzwerken eine \u201eBeerdigung\u201c verk\u00fcndet.<\/p>\n","protected":false},"excerpt":{"rendered":"An der l\u00e4ngsten Theke der Welt gibt es wenige Orte, in denen man zu sp\u00e4ter Stunde spontan tanzen&hellip;\n","protected":false},"author":2,"featured_media":179384,"comment_status":"","ping_status":"","sticky":false,"template":"","format":"standard","meta":{"footnotes":""},"categories":[1831],"tags":[13021,2922,23658,5238,3364,29,3405,30,60505,21323,1209,60503,2715,60504,4749],"class_list":{"0":"post-179383","1":"post","2":"type-post","3":"status-publish","4":"format-standard","5":"has-post-thumbnail","7":"category-duesseldorf","8":"tag-13021","9":"tag-altstadt","10":"tag-beerdigung","11":"tag-club","12":"tag-de","13":"tag-deutschland","14":"tag-duesseldorf","15":"tag-germany","16":"tag-kloecker","17":"tag-kult","18":"tag-nordrhein-westfalen","19":"tag-schickimicki","20":"tag-sommer","21":"tag-versenkt","22":"tag-wochenende"},"share_on_mastodon":{"url":"","error":""},"_links":{"self":[{"href":"https:\/\/www.europesays.com\/de\/wp-json\/wp\/v2\/posts\/179383","targetHints":{"allow":["GET"]}}],"collection":[{"href":"https:\/\/www.europesays.com\/de\/wp-json\/wp\/v2\/posts"}],"about":[{"href":"https:\/\/www.europesays.com\/de\/wp-json\/wp\/v2\/types\/post"}],"author":[{"embeddable":true,"href":"https:\/\/www.europesays.com\/de\/wp-json\/wp\/v2\/users\/2"}],"replies":[{"embeddable":true,"href":"https:\/\/www.europesays.com\/de\/wp-json\/wp\/v2\/comments?post=179383"}],"version-history":[{"count":0,"href":"https:\/\/www.europesays.com\/de\/wp-json\/wp\/v2\/posts\/179383\/revisions"}],"wp:featuredmedia":[{"embeddable":true,"href":"https:\/\/www.europesays.com\/de\/wp-json\/wp\/v2\/media\/179384"}],"wp:attachment":[{"href":"https:\/\/www.europesays.com\/de\/wp-json\/wp\/v2\/media?parent=179383"}],"wp:term":[{"taxonomy":"category","embeddable":true,"href":"https:\/\/www.europesays.com\/de\/wp-json\/wp\/v2\/categories?post=179383"},{"taxonomy":"post_tag","embeddable":true,"href":"https:\/\/www.europesays.com\/de\/wp-json\/wp\/v2\/tags?post=179383"}],"curies":[{"name":"wp","href":"https:\/\/api.w.org\/{rel}","templated":true}]}}