{"id":179390,"date":"2025-06-10T13:19:13","date_gmt":"2025-06-10T13:19:13","guid":{"rendered":"https:\/\/www.europesays.com\/de\/179390\/"},"modified":"2025-06-10T13:19:13","modified_gmt":"2025-06-10T13:19:13","slug":"tiktok-star-aus-frankfurt-erwartet-erneut-ein-baby","status":"publish","type":"post","link":"https:\/\/www.europesays.com\/de\/179390\/","title":{"rendered":"TikTok-Star aus Frankfurt erwartet erneut ein Baby"},"content":{"rendered":"<p>In Frankfurt aufgewachsen <\/p>\n<p>Nara Smith wird mit 23 Jahren zum vierten Mal Mutter<\/p>\n<p>10.06.2025 &#8211; 14:10 UhrLesedauer: 1 Min.<\/p>\n<p><a href=\"#focus-0\" class=\"transition-colors duration-200 focus-within:text-magenta block text-current relative\" data-sctrack=\"FocusGalleryImage.Reference\"><img fetchpriority=\"high\" data-testid=\"Opener.Image\" style=\"--lqipURL:url('https:\/\/images.t-online.de\/2025\/06\/IlRenz9mTY-F\/0x194:3712x2088\/fit-in\/150x0\/filters:blur(25)\/pfw-schiaparelli-arrivals-nara-smith-attending-the-schiaparelli-womenswear-fall-winter-2025-2026-show-as-part-of-paris-fashion-week-at-l-observatoire-de-paris-in-paris-france-on-march-06-2025-photo-by-aurore-marechal-abacapress-com-paris-france-publicationxnotxinxfraxuk-copyright-xmarechalxaurore-abacax.jpg')\"   loading=\"eager\" src=\"https:\/\/www.europesays.com\/de\/wp-content\/uploads\/2025\/06\/pfw-schiaparelli-arrivals-nara-smith-attending-the-schiaparelli-womenswear-fall-winter-2025-2026-sho.jpeg\" alt=\"imago images 0806686176\" title=\"imago images 0806686176\" width=\"3712\" height=\"2088\" class=\"bg-[url:var(--lqipURL)] bg-cover bg-center flex w-full max-w-full h-full\" decoding=\"async\"\/><img style=\"--width:32;--height:32\" loading=\"lazy\" src=\"https:\/\/www.europesays.com\/de\/wp-content\/uploads\/2025\/05\/zoom-in.f7dae02f.svg.svg+xml\" alt=\"Vergr\u00f6\u00dfern des Bildes\" title=\"Vergr\u00f6\u00dfern des Bildes\" class=\"&#10;        block&#10;        h-[calc(var(--height)_\/_16_*_1rem)]&#10;        w-[calc(var(--width)_\/_16_*_1rem)]&#10;        max-w-none&#10;        absolute bottom-8 right-8 rounded-4 bg-snow p-8\" decoding=\"async\"\/><\/a><\/p>\n<p>Nara Smith (Archivbild): Die 23-j\u00e4hrige Influencerin erwartet ihr viertes Kind. (Quelle: IMAGO\/Marechal Aurore\/ABACA\/imago)<\/p>\n<p class=\"font-bold text-18 leading-17\">In Frankfurt aufgewachsen, in den USA ber\u00fchmt: Nara Smith wird mit 23 Jahren zum vierten Mal Mutter.<\/p>\n<p class=\"text-18 leading-17\">Geboren in S\u00fcdafrika, aufgewachsen in Frankfurt und weltweit bekannt f\u00fcr ihre TikTok-Videos: Influencerin Nara Smith bekommt ein weiteres Kind. Die 23-J\u00e4hrige, die bis zu ihrem 18. Lebensjahr in der Mainmetropole lebte, hat die Neuigkeit nun mit einem Video auf Instagram \u00f6ffentlich gemacht. Darin zeigt sie ihren Babybauch und schreibt dazu: &#8222;Unsere kleine \u00dcberraschung&#8220;.<\/p>\n<p class=\"text-18 leading-17\">Nara Smith lebt heute mit ihrem Ehemann Lucky Blue Smith und ihren drei Kindern in den USA. F\u00fcr ihn ist es bereits das f\u00fcnfte Kind. Erst 2024 hatte das Paar seine Tochter Whimsy Lou bekommen \u2013 eigentlich sei damit Schluss gewesen, sagte Smith <a class=\"transition-colors duration-200 cursor-pointer text-inherit no-underline text-salemsfur md:hover:text-magenta md:hover:border-magenta md:focus:text-magenta border-current border-b border-solid break-words\" href=\"https:\/\/www.t-online.de\/unterhaltung\/stars\/influencer\/id_100760358\/nara-smith-und-lucky-blue-smith-influencer-paar-bekommt-viertes-kind.html\" data-sctrack=\"BodyAnchor\" target=\"_blank\" rel=\"noopener\">im August desselben Jahres dem Magazin<\/a> &#8222;GQ&#8220;: &#8222;Nach Whimsy sind wir damit absolut durch.&#8220;<\/p>\n<p class=\"text-18 leading-17\">Im vergangenen Herbst war Smith noch in Frankfurt \u2013 und <a class=\"transition-colors duration-200 cursor-pointer text-inherit no-underline text-salemsfur md:hover:text-magenta md:hover:border-magenta md:focus:text-magenta border-current border-b border-solid break-words\" href=\"https:\/\/www.t-online.de\/region\/frankfurt-am-main\/id_100505760\/frankfurt-weltstar-nara-smith-zu-gast-bei-gruener-sosse-und-schnitzel.html\" data-sctrack=\"BodyAnchor\" target=\"_blank\" rel=\"noopener\">zeigte ihren Besuch im Apfelweinlokal &#8222;Homburger Hof&#8220; auf TikTok.<\/a> Dort bestellte sie J\u00e4gerschnitzel mit Gr\u00fcner So\u00dfe und erinnerte sich an ihre Kindheit in der Stadt. In einem fr\u00fcheren Video hatte sie erz\u00e4hlt, dass sie im Alter von drei Monaten nach Frankfurt kam und dort 18 Jahre lang lebte. Ihre Familie wohnt noch heute in der Stadt.<\/p>\n<p class=\"text-18 leading-17\">Auf TikTok folgen der Koch-Influencerin inzwischen \u00fcber zehn Millionen Menschen. Smith ist f\u00fcr ihre leise Stimme und detailverliebten Videos bekannt \u2013 ob beim K\u00e4sekochen, Sandwichzubereiten oder beim Selbermachen von Cola f\u00fcr ihren Mann.<\/p>\n","protected":false},"excerpt":{"rendered":"In Frankfurt aufgewachsen Nara Smith wird mit 23 Jahren zum vierten Mal Mutter 10.06.2025 &#8211; 14:10 UhrLesedauer: 1&hellip;\n","protected":false},"author":2,"featured_media":179391,"comment_status":"","ping_status":"","sticky":false,"template":"","format":"standard","meta":{"footnotes":""},"categories":[1829],"tags":[3092,29,2050,2051,30,2052,1460,60506,151],"class_list":{"0":"post-179390","1":"post","2":"type-post","3":"status-publish","4":"format-standard","5":"has-post-thumbnail","7":"category-frankfurt-am-main","8":"tag-3092","9":"tag-deutschland","10":"tag-frankfurt","11":"tag-frankfurt-am-main","12":"tag-germany","13":"tag-hessen","14":"tag-kind","15":"tag-nara-smith","16":"tag-tiktok"},"share_on_mastodon":{"url":"https:\/\/pubeurope.com\/@de\/114659273225854699","error":""},"_links":{"self":[{"href":"https:\/\/www.europesays.com\/de\/wp-json\/wp\/v2\/posts\/179390","targetHints":{"allow":["GET"]}}],"collection":[{"href":"https:\/\/www.europesays.com\/de\/wp-json\/wp\/v2\/posts"}],"about":[{"href":"https:\/\/www.europesays.com\/de\/wp-json\/wp\/v2\/types\/post"}],"author":[{"embeddable":true,"href":"https:\/\/www.europesays.com\/de\/wp-json\/wp\/v2\/users\/2"}],"replies":[{"embeddable":true,"href":"https:\/\/www.europesays.com\/de\/wp-json\/wp\/v2\/comments?post=179390"}],"version-history":[{"count":0,"href":"https:\/\/www.europesays.com\/de\/wp-json\/wp\/v2\/posts\/179390\/revisions"}],"wp:featuredmedia":[{"embeddable":true,"href":"https:\/\/www.europesays.com\/de\/wp-json\/wp\/v2\/media\/179391"}],"wp:attachment":[{"href":"https:\/\/www.europesays.com\/de\/wp-json\/wp\/v2\/media?parent=179390"}],"wp:term":[{"taxonomy":"category","embeddable":true,"href":"https:\/\/www.europesays.com\/de\/wp-json\/wp\/v2\/categories?post=179390"},{"taxonomy":"post_tag","embeddable":true,"href":"https:\/\/www.europesays.com\/de\/wp-json\/wp\/v2\/tags?post=179390"}],"curies":[{"name":"wp","href":"https:\/\/api.w.org\/{rel}","templated":true}]}}