{"id":179396,"date":"2025-06-10T13:22:10","date_gmt":"2025-06-10T13:22:10","guid":{"rendered":"https:\/\/www.europesays.com\/de\/179396\/"},"modified":"2025-06-10T13:22:10","modified_gmt":"2025-06-10T13:22:10","slug":"munich-re-verlaesst-klimainitiativen-wirtschaft","status":"publish","type":"post","link":"https:\/\/www.europesays.com\/de\/179396\/","title":{"rendered":"Munich Re verl\u00e4sst Klimainitiativen &#8211; Wirtschaft"},"content":{"rendered":"<p data-manual=\"paragraph\" data-schema-org-speakable=\"true\" class=\"css-4bdi0k\">Jahrelang war die <a href=\"https:\/\/www.sueddeutsche.de\/thema\/Munich_Re\" rel=\"nofollow noopener\" target=\"_blank\">Munich Re<\/a> <a href=\"https:\/\/www.sueddeutsche.de\/thema\/Klimaschutz\" rel=\"nofollow noopener\" target=\"_blank\">Klimaschutz<\/a>-Streber. Regelm\u00e4\u00dfig warnte der R\u00fcckversicherer vor den Folgen der Erderw\u00e4rmung, warb damit, erneuerbare Energien zu versichern und forderte h\u00f6here Kosten f\u00fcr den Aussto\u00df von CO2. Der Konzern hatte das Thema schon lange vor allen anderen Versicherern und R\u00fcckversicherern auf der Agenda. Doch jetzt wird der R\u00fcckversicherer zur\u00fcckhaltender beim Klimaschutz \u2013 wohl auch aufgrund der neuen Regierung in den <a href=\"https:\/\/www.sueddeutsche.de\/thema\/USA\" rel=\"nofollow noopener\" target=\"_blank\">USA<\/a>.<\/p>\n","protected":false},"excerpt":{"rendered":"Jahrelang war die Munich Re Klimaschutz-Streber. Regelm\u00e4\u00dfig warnte der R\u00fcckversicherer vor den Folgen der Erderw\u00e4rmung, warb damit, erneuerbare&hellip;\n","protected":false},"author":2,"featured_media":179397,"comment_status":"","ping_status":"","sticky":false,"template":"","format":"standard","meta":{"footnotes":"","_share_on_mastodon":"0"},"categories":[1827],"tags":[147,772,29,30,1548,952,148,1268,31941,4507,149,173,64,1465,55],"class_list":["post-179396","post","type-post","status-publish","format-standard","has-post-thumbnail","category-muenchen","tag-ausland","tag-bayern","tag-deutschland","tag-germany","tag-klimaschutz","tag-klimawandel","tag-leserdiskussion","tag-muenchen","tag-munich-re","tag-nachhaltigkeit","tag-sueddeutsche-zeitung","tag-unternehmen","tag-usa","tag-versicherungen","tag-wirtschaft"],"share_on_mastodon":{"url":"https:\/\/pubeurope.com\/@de\/114659285063843120","error":""},"_links":{"self":[{"href":"https:\/\/www.europesays.com\/de\/wp-json\/wp\/v2\/posts\/179396","targetHints":{"allow":["GET"]}}],"collection":[{"href":"https:\/\/www.europesays.com\/de\/wp-json\/wp\/v2\/posts"}],"about":[{"href":"https:\/\/www.europesays.com\/de\/wp-json\/wp\/v2\/types\/post"}],"author":[{"embeddable":true,"href":"https:\/\/www.europesays.com\/de\/wp-json\/wp\/v2\/users\/2"}],"replies":[{"embeddable":true,"href":"https:\/\/www.europesays.com\/de\/wp-json\/wp\/v2\/comments?post=179396"}],"version-history":[{"count":0,"href":"https:\/\/www.europesays.com\/de\/wp-json\/wp\/v2\/posts\/179396\/revisions"}],"wp:featuredmedia":[{"embeddable":true,"href":"https:\/\/www.europesays.com\/de\/wp-json\/wp\/v2\/media\/179397"}],"wp:attachment":[{"href":"https:\/\/www.europesays.com\/de\/wp-json\/wp\/v2\/media?parent=179396"}],"wp:term":[{"taxonomy":"category","embeddable":true,"href":"https:\/\/www.europesays.com\/de\/wp-json\/wp\/v2\/categories?post=179396"},{"taxonomy":"post_tag","embeddable":true,"href":"https:\/\/www.europesays.com\/de\/wp-json\/wp\/v2\/tags?post=179396"}],"curies":[{"name":"wp","href":"https:\/\/api.w.org\/{rel}","templated":true}]}}