{"id":179420,"date":"2025-06-10T13:34:10","date_gmt":"2025-06-10T13:34:10","guid":{"rendered":"https:\/\/www.europesays.com\/de\/179420\/"},"modified":"2025-06-10T13:34:10","modified_gmt":"2025-06-10T13:34:10","slug":"im-selfpublishing-eigene-buecher-veroeffentlichen","status":"publish","type":"post","link":"https:\/\/www.europesays.com\/de\/179420\/","title":{"rendered":"Im Selfpublishing eigene B\u00fccher ver\u00f6ffentlichen"},"content":{"rendered":"<p class=\"text_ohne_einzug richtext text-em-55 !leading-serif mx-6 desktop:mx-0\"> Bei ihrem ersten Buch habe sie alles falsch gemacht, was man falsch machen kann, erz\u00e4hlt Vera Nentwich. Das k\u00f6nne man schon so sagen. Sie habe nicht einmal gewusst, wie Cover-Design geht. Die Autorin aus <a href=\"https:\/\/rp-online.de\/thema\/willich\/\" target=\"_blank\" rel=\"noopener\">Willich<\/a> ver\u00f6ffentlicht seit zw\u00f6lf Jahren erfolgreich humorvolle Krimis und Romane \u2013 ganz ohne Verlag. Denn die Selfpublishing-Branche boomt. 2011 brachte <a href=\"https:\/\/rp-online.de\/thema\/amazon\/\" target=\"_blank\" rel=\"noopener\">Amazon<\/a> die Plattform \u201eKindle Direct Publishing\u201c auf den deutschen Markt. Seither kann jede und jeder ohne viel Aufwand und hohe Kosten eigene B\u00fccher einem gro\u00dfen Publikum zug\u00e4nglich machen. Bis heute ist die Plattform f\u00fcr Autoren, die selbst ver\u00f6ffentlichen, sehr attraktiv. \u201eDas macht Amazon richtig gut\u201c, sagt Nentwich. \u201eMan verdient nirgendwo mehr als da.\u201c<\/p>\n","protected":false},"excerpt":{"rendered":"Bei ihrem ersten Buch habe sie alles falsch gemacht, was man falsch machen kann, erz\u00e4hlt Vera Nentwich. Das&hellip;\n","protected":false},"author":2,"featured_media":179421,"comment_status":"","ping_status":"","sticky":false,"template":"","format":"standard","meta":{"footnotes":""},"categories":[1774],"tags":[5474,1784,1785,29,214,30,215,2158],"class_list":{"0":"post-179420","1":"post","2":"type-post","3":"status-publish","4":"format-standard","5":"has-post-thumbnail","7":"category-buecher","8":"tag-bestseller","9":"tag-books","10":"tag-buecher","11":"tag-deutschland","12":"tag-entertainment","13":"tag-germany","14":"tag-unterhaltung","15":"tag-verlag"},"share_on_mastodon":{"url":"https:\/\/pubeurope.com\/@de\/114659332640922943","error":""},"_links":{"self":[{"href":"https:\/\/www.europesays.com\/de\/wp-json\/wp\/v2\/posts\/179420","targetHints":{"allow":["GET"]}}],"collection":[{"href":"https:\/\/www.europesays.com\/de\/wp-json\/wp\/v2\/posts"}],"about":[{"href":"https:\/\/www.europesays.com\/de\/wp-json\/wp\/v2\/types\/post"}],"author":[{"embeddable":true,"href":"https:\/\/www.europesays.com\/de\/wp-json\/wp\/v2\/users\/2"}],"replies":[{"embeddable":true,"href":"https:\/\/www.europesays.com\/de\/wp-json\/wp\/v2\/comments?post=179420"}],"version-history":[{"count":0,"href":"https:\/\/www.europesays.com\/de\/wp-json\/wp\/v2\/posts\/179420\/revisions"}],"wp:featuredmedia":[{"embeddable":true,"href":"https:\/\/www.europesays.com\/de\/wp-json\/wp\/v2\/media\/179421"}],"wp:attachment":[{"href":"https:\/\/www.europesays.com\/de\/wp-json\/wp\/v2\/media?parent=179420"}],"wp:term":[{"taxonomy":"category","embeddable":true,"href":"https:\/\/www.europesays.com\/de\/wp-json\/wp\/v2\/categories?post=179420"},{"taxonomy":"post_tag","embeddable":true,"href":"https:\/\/www.europesays.com\/de\/wp-json\/wp\/v2\/tags?post=179420"}],"curies":[{"name":"wp","href":"https:\/\/api.w.org\/{rel}","templated":true}]}}