{"id":179424,"date":"2025-06-10T13:36:19","date_gmt":"2025-06-10T13:36:19","guid":{"rendered":"https:\/\/www.europesays.com\/de\/179424\/"},"modified":"2025-06-10T13:36:19","modified_gmt":"2025-06-10T13:36:19","slug":"tischtennis-talent-karl-lauterbach-sucht-neuen-trainingsort-panorama","status":"publish","type":"post","link":"https:\/\/www.europesays.com\/de\/179424\/","title":{"rendered":"Tischtennis-Talent Karl Lauterbach sucht neuen Trainingsort &#8211; Panorama"},"content":{"rendered":"<p data-manual=\"paragraph\" data-schema-org-speakable=\"true\" class=\"css-1ylqqlw\"><strong><a href=\"https:\/\/www.sueddeutsche.de\/thema\/Karl_Lauterbach\" target=\"_blank\" rel=\"noopener\">Karl Lauterbach<\/a><\/strong>, 62, Tischtennis-Talent, sucht Platte zum Trainieren. Nachdem der SPD-Politiker seinen Job als Gesundheitsminister verloren hat, darf er nun auch nicht mehr im Ministeriumskeller seiner Leidenschaft als Tischtennisspieler nachgehen. Seine Nachfolgerin im Ministeramt, Nina Warken von der CDU, habe ihm das Privileg ohne Begr\u00fcndung gestrichen, sagte Lauterbach der Bild. Laut Zeitung hatte er von der Ministerin f\u00fcr eine \u00dcbergangszeit eine Sondererlaubnis erhalten, damit ist nun Schluss. Er h\u00e4tte dort gerne weiter gespielt, sagte Lauterbach dem Blatt. Der Raum sei im Keller, wenn er dort spiele, habe er keinen Zutritt zum Ministerium und \u201est\u00f6re niemanden\u201c.<\/p>\n<p><img decoding=\"async\" alt=\"RM (links) und V k\u00f6nnen sich jetzt wieder ihre Musikkarriere widmen.\" data-manual=\"overline, headerImageCaption, headerImageSrc, headerImageSrcSet\" data-testid=\"responsive-image\" loading=\"lazy\"  src=\"https:\/\/www.europesays.com\/de\/wp-content\/uploads\/2025\/06\/93b83189-dbc4-4e7e-9de0-42a684e78925.jpeg\"  role=\"button\" tabindex=\"0\" class=\"css-y4bre2\"\/>RM (links) und V k\u00f6nnen sich jetzt wieder ihre Musikkarriere widmen. (Foto: Chung Sung-Jun\/Getty Images)<\/p>\n<p data-manual=\"paragraph\" data-schema-org-speakable=\"true\" class=\"css-1ylqqlw\"><strong>RM<\/strong>, 30, und <strong>V<\/strong>, 29, S\u00e4nger der s\u00fcdkoreanischen <a href=\"https:\/\/www.sueddeutsche.de\/thema\/K-Pop\" target=\"_blank\" rel=\"noopener\">K-Pop<\/a>-Band BTS, legen die Waffen nieder. Die beiden haben ihren anderthalbj\u00e4hrigen Milit\u00e4rdienst beendet, am Dienstagmorgen (Ortszeit) begr\u00fc\u00dften sie in einer Milit\u00e4rbasis im s\u00fcdkoreanischen Chuncheon die anwesenden Journalisten sowie Hunderte Fans, wie die Nachrichtenagentur Yonhap berichtete. \u201eEs gab viele schwierige und harte Zeiten, aber durch das Milit\u00e4rleben wurde mir klar, dass wir unsere Karrieren aktiv verfolgen konnten, weil Menschen an der Front und im Hinterland unser Land besch\u00fctzten\u201c, wird der 30-j\u00e4hrige Rapper RM von Yonhap zitiert. Vier der insgesamt sieben BTS-Mitglieder haben nun bereits ihren verpflichtenden Milit\u00e4rdienst absolviert. Die Wehrpflicht hatte die extrem erfolgreiche Musikgruppe zu einer l\u00e4ngeren Pause gezwungen. Zwischenzeitlich gab es auch Ger\u00fcchte \u00fcber eine Aufl\u00f6sung, die von den S\u00fcdkoreanern jedoch stets dementiert wurden. Die Fans hoffen nun auf ein baldiges Comeback.<\/p>\n<p><img decoding=\"async\" alt=\"\" data-manual=\"overline, headerImageCaption, headerImageSrc, headerImageSrcSet\" data-testid=\"responsive-image\" loading=\"lazy\"  src=\"https:\/\/www.europesays.com\/de\/wp-content\/uploads\/2025\/06\/3a2226ab-e6cb-48eb-9d51-ba03e20b1d04.jpeg\"  role=\"button\" tabindex=\"0\" class=\"css-y4bre2\"\/> (Foto: Michael Tran\/AFP)<\/p>\n<p data-manual=\"paragraph\" data-schema-org-speakable=\"true\" class=\"css-1ylqqlw\"><strong>Doechii<\/strong>, 26, US-Rapperin, hat genug von Donald Trumps Allmachtsfantasien. \u201eEs gibt r\u00fccksichtslose Angriffe, die f\u00fcr Angst und Chaos in unseren Gemeinden sorgen, im Namen von Recht und Ordnung. Trump nutzt Milit\u00e4rkr\u00e4fte, um den Protest zu stoppen\u201c, sagte die 26-J\u00e4hrige in Los Angeles bei den BET Awards, nachdem der US-Pr\u00e4sident als Reaktion auf die Proteste gegen seine Migrationspolitik Nationalgardisten nach L. A. geschickt hatte. \u201eIch m\u00f6chte, dass ihr dar\u00fcber nachdenkt, was das f\u00fcr eine Regierung ist, wenn bei jeder Aus\u00fcbung unseres demokratischen Rechts auf Protest Milit\u00e4r gegen uns eingesetzt wird\u201c, sagte Doechii. \u201eWas f\u00fcr eine Regierung ist das?\u201c<\/p>\n<p><img decoding=\"async\" alt=\"\" data-manual=\"overline, headerImageCaption, headerImageSrc, headerImageSrcSet\" data-testid=\"responsive-image\" loading=\"lazy\"  src=\"https:\/\/www.europesays.com\/de\/wp-content\/uploads\/2025\/06\/fea69f7b-39b2-4a9b-a8fe-1ff8c50d5226.jpeg\"  role=\"button\" tabindex=\"0\" class=\"css-y4bre2\"\/> (Foto: Mario Anzuoni\/Reuters)<\/p>\n<p data-manual=\"paragraph\" data-schema-org-speakable=\"true\" class=\"css-1ylqqlw\"><strong>Adam Brody<\/strong>, 45, Schauspieler, nimmt die sozialen Medien als Minenfeld wahr. Heute scheine Ruhm \u201eeine unglaubliche Verantwortung zu sein, bei der man in einer Sekunde sein ganzes Leben versauen kann\u201c, sagte Brody, der selbst 2003 mit der Teenager-Serie \u201eO. C. California\u201c ber\u00fchmt wurde, in einem Gespr\u00e4ch mit seiner Kollegin Amanda Seyfried f\u00fcr das Magazin Variety. Er selbst habe es einfacher gehabt, weil er vor der Zeit der sozialen Medien ber\u00fchmt geworden sei. \u201eIch bin wirklich beeindruckt von einigen dieser jungen Leute, die diese unglaubliche Verantwortung von riesigen Plattformen haben, und einige von ihnen sind mutig und tun, was richtig ist\u201c, erkl\u00e4rte Brody.<\/p>\n<p><img decoding=\"async\" alt=\"\" data-manual=\"overline, headerImageCaption, headerImageSrc, headerImageSrcSet\" data-testid=\"responsive-image\" loading=\"lazy\"  src=\"https:\/\/www.europesays.com\/de\/wp-content\/uploads\/2025\/06\/0c987552-8dad-4a95-ba4d-bae8d99170cf.jpeg\"  role=\"button\" tabindex=\"0\" class=\"css-y4bre2\"\/> (Foto: Britta Pedersen\/dpa)<\/p>\n<p data-manual=\"paragraph\" data-schema-org-speakable=\"true\" class=\"css-1ylqqlw\"><strong>Elke B\u00fcdenbender<\/strong>, 63, deutsche First Lady, n\u00e4hert sich dem Ruhestand. \u201eNach 30 Jahren \u2013 mit Unterbrechungen \u2013 als Richterin verabschiede ich mich im Juni aus dem Justizdienst in den Ruhestand\u201c, sagte die Frau von Bundespr\u00e4sident Frank-Walter Steinmeier der Deutschen Presse-Agentur in Berlin. \u201eNat\u00fcrlich werde ich meinen Mann in den verbleibenden Jahren seiner Amtszeit weiter begleiten und mich meinen Aufgaben in Bellevue widmen.\u201c<\/p>\n","protected":false},"excerpt":{"rendered":"Karl Lauterbach, 62, Tischtennis-Talent, sucht Platte zum Trainieren. Nachdem der SPD-Politiker seinen Job als Gesundheitsminister verloren hat, darf&hellip;\n","protected":false},"author":2,"featured_media":179425,"comment_status":"","ping_status":"","sticky":false,"template":"","format":"standard","meta":{"footnotes":""},"categories":[1772],"tags":[29,214,30,12347,1378,36995,1779,810,1974,2045,149,215],"class_list":{"0":"post-179424","1":"post","2":"type-post","3":"status-publish","4":"format-standard","5":"has-post-thumbnail","7":"category-musik","8":"tag-deutschland","9":"tag-entertainment","10":"tag-germany","11":"tag-k-pop","12":"tag-karl-lauterbach","13":"tag-leute-des-tages","14":"tag-music","15":"tag-musik","16":"tag-panorama","17":"tag-promis","18":"tag-sueddeutsche-zeitung","19":"tag-unterhaltung"},"share_on_mastodon":{"url":"https:\/\/pubeurope.com\/@de\/114659340145010011","error":""},"_links":{"self":[{"href":"https:\/\/www.europesays.com\/de\/wp-json\/wp\/v2\/posts\/179424","targetHints":{"allow":["GET"]}}],"collection":[{"href":"https:\/\/www.europesays.com\/de\/wp-json\/wp\/v2\/posts"}],"about":[{"href":"https:\/\/www.europesays.com\/de\/wp-json\/wp\/v2\/types\/post"}],"author":[{"embeddable":true,"href":"https:\/\/www.europesays.com\/de\/wp-json\/wp\/v2\/users\/2"}],"replies":[{"embeddable":true,"href":"https:\/\/www.europesays.com\/de\/wp-json\/wp\/v2\/comments?post=179424"}],"version-history":[{"count":0,"href":"https:\/\/www.europesays.com\/de\/wp-json\/wp\/v2\/posts\/179424\/revisions"}],"wp:featuredmedia":[{"embeddable":true,"href":"https:\/\/www.europesays.com\/de\/wp-json\/wp\/v2\/media\/179425"}],"wp:attachment":[{"href":"https:\/\/www.europesays.com\/de\/wp-json\/wp\/v2\/media?parent=179424"}],"wp:term":[{"taxonomy":"category","embeddable":true,"href":"https:\/\/www.europesays.com\/de\/wp-json\/wp\/v2\/categories?post=179424"},{"taxonomy":"post_tag","embeddable":true,"href":"https:\/\/www.europesays.com\/de\/wp-json\/wp\/v2\/tags?post=179424"}],"curies":[{"name":"wp","href":"https:\/\/api.w.org\/{rel}","templated":true}]}}