{"id":179445,"date":"2025-06-10T13:48:09","date_gmt":"2025-06-10T13:48:09","guid":{"rendered":"https:\/\/www.europesays.com\/de\/179445\/"},"modified":"2025-06-10T13:48:09","modified_gmt":"2025-06-10T13:48:09","slug":"kiel-wie-ein-syrer-seine-ex-frau-misshandelte-und-die-ganze-familie-verschleppte-regional","status":"publish","type":"post","link":"https:\/\/www.europesays.com\/de\/179445\/","title":{"rendered":"Kiel: Wie ein Syrer seine Ex-Frau misshandelte und die ganze Familie verschleppte | Regional"},"content":{"rendered":"<p><b>Was die Staatsanwaltschaft Mahl A. und seinem Bruder Malek A. (26) vorwirft, ist kaum zu ertragen. Der 35-J\u00e4hrigen soll seine Ex-Frau wiederholt vergewaltigt, geschlagen, bedroht und anschlie\u00dfend mit seinem Bruder entf\u00fchrt haben.<\/b><\/p>\n<p>Seit Dienstag wird den Br\u00fcdern aus Syrien (lebten in Deutschland unter mehreren Alias-Namen) vor dem Landgericht Kiel daf\u00fcr der Prozess gemacht. Lesen Sie mit BILDplus alles \u00fcber den ersch\u00fctternden Fall.<\/p>\n","protected":false},"excerpt":{"rendered":"Was die Staatsanwaltschaft Mahl A. und seinem Bruder Malek A. (26) vorwirft, ist kaum zu ertragen. Der 35-J\u00e4hrigen&hellip;\n","protected":false},"author":2,"featured_media":179446,"comment_status":"","ping_status":"","sticky":false,"template":"","format":"standard","meta":{"footnotes":""},"categories":[1852],"tags":[3364,29,548,663,3934,156,2796,1993,30,692,13,4949,14,15,121,1269,12,1971,45,3995],"class_list":{"0":"post-179445","1":"post","2":"type-post","3":"status-publish","4":"format-standard","5":"has-post-thumbnail","7":"category-kiel","8":"tag-de","9":"tag-deutschland","10":"tag-eu","11":"tag-europa","12":"tag-europe","13":"tag-frankreich","14":"tag-geiselnahme","15":"tag-gerichte","16":"tag-germany","17":"tag-hamburg","18":"tag-headlines","19":"tag-kiel","20":"tag-nachrichten","21":"tag-news","22":"tag-polizei","23":"tag-prozess","24":"tag-schlagzeilen","25":"tag-schleswig-holstein","26":"tag-texttospeech","27":"tag-vereinigtes-koenigreich"},"share_on_mastodon":{"url":"https:\/\/pubeurope.com\/@de\/114659387239096505","error":""},"_links":{"self":[{"href":"https:\/\/www.europesays.com\/de\/wp-json\/wp\/v2\/posts\/179445","targetHints":{"allow":["GET"]}}],"collection":[{"href":"https:\/\/www.europesays.com\/de\/wp-json\/wp\/v2\/posts"}],"about":[{"href":"https:\/\/www.europesays.com\/de\/wp-json\/wp\/v2\/types\/post"}],"author":[{"embeddable":true,"href":"https:\/\/www.europesays.com\/de\/wp-json\/wp\/v2\/users\/2"}],"replies":[{"embeddable":true,"href":"https:\/\/www.europesays.com\/de\/wp-json\/wp\/v2\/comments?post=179445"}],"version-history":[{"count":0,"href":"https:\/\/www.europesays.com\/de\/wp-json\/wp\/v2\/posts\/179445\/revisions"}],"wp:featuredmedia":[{"embeddable":true,"href":"https:\/\/www.europesays.com\/de\/wp-json\/wp\/v2\/media\/179446"}],"wp:attachment":[{"href":"https:\/\/www.europesays.com\/de\/wp-json\/wp\/v2\/media?parent=179445"}],"wp:term":[{"taxonomy":"category","embeddable":true,"href":"https:\/\/www.europesays.com\/de\/wp-json\/wp\/v2\/categories?post=179445"},{"taxonomy":"post_tag","embeddable":true,"href":"https:\/\/www.europesays.com\/de\/wp-json\/wp\/v2\/tags?post=179445"}],"curies":[{"name":"wp","href":"https:\/\/api.w.org\/{rel}","templated":true}]}}