{"id":179479,"date":"2025-06-10T14:07:10","date_gmt":"2025-06-10T14:07:10","guid":{"rendered":"https:\/\/www.europesays.com\/de\/179479\/"},"modified":"2025-06-10T14:07:10","modified_gmt":"2025-06-10T14:07:10","slug":"ukraine-liveblog-eu-kommission-stellt-18-sanktionspaket-gegen-russland-vor","status":"publish","type":"post","link":"https:\/\/www.europesays.com\/de\/179479\/","title":{"rendered":"Ukraine-Liveblog: ++ EU-Kommission stellt 18. Sanktionspaket gegen Russland vor ++"},"content":{"rendered":"<p>                    <strong>liveblog<\/strong><\/p>\n<p class=\"metatextline\">Stand: 10.06.2025 15:57 Uhr<\/p>\n<p class=\"textabsatz columns twelve  m-ten  m-offset-one l-eight l-offset-two\">\n        <strong>Die EU-Kommission stellt ihr 18. Sanktionspaket gegen Russland vor. Der ukrainische Pr\u00e4sident wehrt sich gegen eine ungarische Kampagne, die die Ukraine-Hilfen und einen EU-Beitritt verunglimpft.<\/strong>\n    <\/p>\n<p class=\"textabsatz m-ten m-offset-one l-eight l-offset-two columns twelve\">\nDie Entwicklungen im \u00dcberblick:<\/p>\n<p>15:57 Uhr<\/p>\n<p>    <a href=\"#Keine-Einigung-ueber-Rueckgabe-von-Leichen-an-die-Ukraine\"><br \/>\n        Keine Einigung \u00fcber R\u00fcckgabe von Leichen an die Ukraine<br \/>\n    <\/a><\/p>\n<p class=\"textabsatz m-ten m-offset-one l-eight l-offset-two columns twelve\">\nZwischen Russland und der Ukraine stockt der vereinbarte Austausch von Kriegsgefangenen und toten Soldaten. Es gebe zwar Kontakte, Zahlen w\u00fcrden zusammengestellt, aber noch fehle eine abschlie\u00dfende \u00dcbereinkunft, sagte Kremlsprecher Dmitri Peskow in Moskau. &#8222;Sowie diese abschlie\u00dfende \u00dcbereinkunft steht, wird &#8211; das hoffen wir &#8211; der Austausch stattfinden&#8220;, sagte er der staatlichen Nachrichtenagentur Tass zufolge.<\/p>\n<p class=\"textabsatz m-ten m-offset-one l-eight l-offset-two columns twelve\">\nAm Montag lie\u00dfen beide Seiten gefangene Soldaten unter 25 Jahren frei, eine genaue Zahl wurde nicht genannt. Den Austausch von Gefangenen sowie die R\u00fcckgabe von bis zu 6.000 toten ukrainischen Soldaten hatten beide Seiten Anfang Juni in Istanbul vereinbart.<\/p>\n<p>15:26 Uhr<\/p>\n<p>    <a href=\"#Russland\"><br \/>\n        EU-Kommission legt konkrete Vorschl\u00e4ge f\u00fcr neue Russland-Sanktionen vor<br \/>\n    <\/a><\/p>\n<p class=\"textabsatz m-ten m-offset-one l-eight l-offset-two columns twelve\">\nDie EU-Kommission hat konkrete Vorschl\u00e4ge f\u00fcr das bereits angek\u00fcndigte 18. Sanktionspaket gegen Russland vorgelegt. Die neuen Strafma\u00dfnahmen sollen vor allem auf russische Einnahmen aus Energietr\u00e4gern und die R\u00fcstungsindustrie abzielen, wie Kommissionspr\u00e4sidentin Ursula von der Leyen mitteilte. Vorgesehen ist demnach ein Verbot von Transaktionen mit den Nord-Stream-Gaspipelines sowie mit Banken, die an der Umgehung von Sanktionen beteiligt sind.<\/p>\n<p class=\"textabsatz m-ten m-offset-one l-eight l-offset-two columns twelve\">\nZudem schl\u00e4gt die Kommission vor, die Preisobergrenze der G7-Staaten f\u00fcr russisches Roh\u00f6l von 60 Dollar pro Barrel auf 45 Dollar zu senken. Auch sollen weitere Schiffe der russischen Schattenflotte und \u00d6l-Handelsunternehmen mit Russland-Verbindungen sanktioniert werden. Das Sanktionspaket muss von den EU-Staaten beschlossen werden. &#8222;Wir erh\u00f6hen den Druck auf Russland, denn St\u00e4rke ist die einzige Sprache, die Russland verstehen wird&#8220;, sagte von der Leyen.<\/p>\n<p>14:51 Uhr<\/p>\n<p>    <a href=\"#Opferzahl-steigt-auf-drei\"><br \/>\n        Opferzahl steigt auf drei<br \/>\n    <\/a><\/p>\n<p class=\"textabsatz m-ten m-offset-one l-eight l-offset-two columns twelve\">\nBei den n\u00e4chtlichen Angriffen Russlands auf die Ukraine mit mehr als 300 Drohnen und Raketen wurden in der Hauptstadt Kiew und der Hafenstadt Odessa nach ukrainischen Angaben drei Menschen get\u00f6tet. Laut Kiewer Stadtverwaltung wurde eine Frau get\u00f6tet, vier weitere Menschen wurden verletzt. Von den Angriffen waren sieben Bezirke der Hauptstadt betroffen, wie B\u00fcrgermeister Vitali Klitschko mitteilte. H\u00e4user und Autos seien in Brand geraten. Aus Odessa wurden zwei Tote und mindestens neun Verletzte gemeldet. Wie der Gouverneur Oleh Kiper mitteilte, wurden in der s\u00fcdukrainischen Weltkulturerbe-Stadt eine Geburtsklinik, eine Notaufnahme und mehrere Wohngeb\u00e4ude von Angriffsdrohnen getroffen. Die Geburtsklinik sei rechtzeitig evakuiert worden.<\/p>\n<p>14:22 Uhr<\/p>\n<p>    <a href=\"#historischen-Fehler\"><br \/>\n        Selenskyj: Orban macht &#8222;historischen Fehler&#8220;<br \/>\n    <\/a><\/p>\n<p class=\"textabsatz m-ten m-offset-one l-eight l-offset-two columns twelve\">\nDer ukrainische Pr\u00e4sident Wolodymyr Selenskyj hat die gegen sein Land gerichtete Politik des rechtspopulistischen ungarischen Ministerpr\u00e4sidenten Viktor Orban als &#8222;historischen Fehler&#8220; bezeichnet. Er warf Orban zudem vor, Propaganda gegen die Ukraine f\u00fcr seinen eigenen Wahlkampf zu benutzen.\u00a0<\/p>\n<p class=\"textabsatz m-ten m-offset-one l-eight l-offset-two columns twelve\">\n&#8222;Er (Orban) benutzt die Ukraine f\u00fcr seine eigene Wahl. Er versteht nicht, dass dies viel schwerwiegendere und gef\u00e4hrlichere Folgen haben wird: die Radikalisierung und den Antiukrainismus der ungarischen Gesellschaft. Indem er uns nicht hilft, tut er (Kremlchef Wladimir) Putin einen Gefallen. Deshalb habe ich gesagt, dass Viktor einen schweren historischen Fehler begeht&#8220;, sagte Selenskyj in einem Interview der ungarischen Internetzeitung valaszonline.hu.<\/p>\n<p class=\"textabsatz m-ten m-offset-one l-eight l-offset-two columns twelve\">\nSeit Wochen macht Orbans Regierung mit einer Plakatkampagne Stimmung gegen Hilfe f\u00fcr die Ukraine und gegen einen ukrainischen EU-Beitritt. Hilfe f\u00fcr die Ukraine w\u00fcrde Ungarn in den Krieg ziehen und die Wirtschaft sch\u00e4digen, lautet der Tenor der Kampagne. Auf den Plakaten sind auch Portr\u00e4ts von Selenskyj zu sehen. &#8222;Aber dass er mein Gesicht f\u00fcr seine eigene Wahl benutzt? Ich habe ihm das nicht gestattet!&#8220;, sagte Selenskyj dazu.<\/p>\n<p>14:13 Uhr<\/p>\n<p>    <a href=\"#Moskau-Kein-Kriegsende-ohne-Stopp-der-NATO-Osterweiterung\"><br \/>\n        Moskau: Kein Kriegsende ohne Stopp der NATO-Osterweiterung<br \/>\n    <\/a><\/p>\n<p class=\"textabsatz m-ten m-offset-one l-eight l-offset-two columns twelve\">\nRussland verlangt nach Angaben aus dem Au\u00dfenministerium einen Stopp der NATO-Osterweiterung als Voraussetzung f\u00fcr ein Ende des Krieges gegen die Ukraine. Die Bereitschaft dazu sei ein Test, ob die USA ernsthaft ein besseres Verh\u00e4ltnis zu Russland anstrebten, sagte Vizeau\u00dfenminister Sergej Rjabkow der staatlichen Nachrichtenagentur Tass.<\/p>\n<p class=\"textabsatz m-ten m-offset-one l-eight l-offset-two columns twelve\">\n&#8222;Auf amerikanischer Seite sind praktische Schritte erforderlich, die darauf abzielen, die Ursachen f\u00fcr die grundlegenden Widerspr\u00fcche zwischen uns im Bereich der Sicherheit zu beseitigen&#8220;, sagte der f\u00fcr strategische R\u00fcstung zust\u00e4ndige Vizeminister.\u00a0<\/p>\n<p class=\"textabsatz m-ten m-offset-one l-eight l-offset-two columns twelve\">\n&#8222;Bei diesen Gr\u00fcnden steht die NATO-Erweiterung an erster Stelle. Ohne die L\u00f6sung dieses f\u00fcr uns grundlegenden und akuten Problems ist es schlichtweg unm\u00f6glich, den aktuellen Konflikt im euroatlantischen Raum zu l\u00f6sen.&#8220; Die USA sollten &#8222;Respekt vor den ureigensten Interessen Russlands&#8220; zeigen.<\/p>\n<p>12:58 Uhr<\/p>\n<p>    <a href=\"#BND-Chef-warnt-vor-Ausgreifen-Russlands\"><br \/>\n        BND-Chef warnt vor Ausgreifen Russlands<br \/>\n    <\/a><\/p>\n<p class=\"textabsatz m-ten m-offset-one l-eight l-offset-two columns twelve\">\nDer Pr\u00e4sident des Bundesnachrichtendienstes (BND), Bruno Kahl, hat davor gewarnt, die russische Aggression zu untersch\u00e4tzen. &#8222;Wir sind sehr sicher und haben daf\u00fcr auch nachrichtendienstliche Belege, dass die Ukraine nur ein Schritt auf dem Weg nach Westen ist&#8220;, sagte Kahl im Podcast Table Today laut Meldung. Es gebe in Moskau Menschen, die &#8222;gerne testen&#8220; w\u00fcrden, ob der NATO-B\u00fcndnisfall funktioniere.<\/p>\n<p class=\"textabsatz m-ten m-offset-one l-eight l-offset-two columns twelve\">\nZiel der russischen F\u00fchrung sei es, den Einflussbereich nach Westen auszudehnen, sagte der BND-Chef weiter. Sie wolle die NATO &#8222;zur\u00fcckkatapultieren auf den Stand von Ende der 90er Jahre&#8220;. Pr\u00e4sident Wladimir Putin und sein Umfeld &#8222;wollen Amerika aus Europa rauskicken und dazu ist ihnen jedes Mittel recht&#8220;. Er warb daher f\u00fcr Abschreckung &#8211; das sei der &#8222;unblutigste Weg, um Krieg zu verhindern&#8220;.<\/p>\n<p>10:51 Uhr<\/p>\n<p>    <a href=\"#Selenskyj\"><br \/>\n        Selenskyj: Ukraine braucht &#8222;konkrete Taten&#8220;<br \/>\n    <\/a><\/p>\n<p class=\"textabsatz m-ten m-offset-one l-eight l-offset-two columns twelve\">\nNach erneuten massiven russischen Angriffen auf die Ukraine hat der ukrainische Pr\u00e4sident Wolodymyr Selenskyj eine starke Antwort des Westens gefordert. &#8222;Es ist entscheidend, dass die Antwort der Welt auf diese und \u00e4hnliche russische Angriffe kein Schweigen ist, sondern konkrete Taten&#8220;, erkl\u00e4rte Selenskyj in Onlinediensten. In der Nacht habe Moskau die Ukraine mit mindestens 315 Drohnen- und sieben Raketenangriffen \u00fcberzogen.<\/p>\n<p class=\"textabsatz m-ten m-offset-one l-eight l-offset-two columns twelve\">\nSelenskyj wandte sich in seinem Aufruf direkt an die USA und Europa. Es m\u00fcssten Taten von Washington folgen, &#8222;das die Macht hat, Russland in einen Frieden zu zwingen&#8220;. Auch von Europa, &#8222;das keine andere Wahl hat, als stark zu sein&#8220;, m\u00fcssten Taten folgen. Zwei der auf die Ukraine abgefeuerten Raketen seien von Nordkorea hergestellt worden, erkl\u00e4rte Selenskyj. Besonders stark sei die Hauptstadt Kiew beschossen worden, aber auch Odessa sowie die Regionen Dnipro und Tschernihiw seien Ziel von Angriffen geworden.\u00a0<\/p>\n<p>10:48 Uhr<\/p>\n<p>    <a href=\"#Odessa\"><br \/>\n        Medizinische Einrichtungen in Odessa getroffen<br \/>\n    <\/a><\/p>\n<p class=\"textabsatz m-ten m-offset-one l-eight l-offset-two columns twelve\">\nIn der s\u00fcdukrainischen Schwarzmeerstadt Odessa wurden nach \u00f6rtlichen Beh\u00f6rdenangaben bei einem russischen Luftangriff eine Entbindungsstation und eine medizinische Notaufnahme getroffen. Dies teilte der Gouverneur des Gro\u00dfraums Odessa, Oleh Kiper, auf Telegram mit. In der Entbindungsstation habe es keine Verletzten gegeben, Patienten und Personal seien in Sicherheit gebracht worden, so Kiper. Bei dem Angriff im Zentrum der Stadt wurden laut Kiper zwei Menschen get\u00f6tet und mindestens neun weitere verletzt.<\/p>\n<p class=\"absatzbild__info__text\">\n                        Karte der Ukraine und Russlands, hell schraffiert: von Russland besetzte Gebiete\n                    <\/p>\n<p>02:39 Uhr<\/p>\n<p>    <a href=\"#Flugverkehr\"><br \/>\n        Flugverkehr an vier russischen Flugh\u00e4fen gestoppt<br \/>\n    <\/a><\/p>\n<p class=\"textabsatz m-ten m-offset-one l-eight l-offset-two columns twelve\">\nDie russische Zivilluftfahrtbeh\u00f6rde Rosaviatsia hat am fr\u00fchen Dienstagmorgen aus Sicherheitsgr\u00fcnden den Flugverkehr auf allen vier gro\u00dfen Flugh\u00e4fen, die Moskau anfliegen, vor\u00fcbergehend eingestellt. Grund daf\u00fcr sei laut dem russischen Verteidigungsministerium ein Drohnenangriff der Ukraine.<\/p>\n<p>02:37 Uhr<\/p>\n<p>    <a href=\"#Kiew\"><br \/>\n        Heftige Angriffe auf Kiew<br \/>\n    <\/a><\/p>\n<p class=\"textabsatz m-ten m-offset-one l-eight l-offset-two columns twelve\">\nRussland hat die ukrainische Hauptstadt Kiew erneut mit einem heftigen Drohnen- und Raketen-Angriff \u00fcberzogen. In der Nacht war nach Angaben der Nachrichtenagentur dpa starkes Flugabwehrfeuer \u00fcber der Stadt zu h\u00f6ren. Der ukrainischen Luftwaffe zufolge kamen auch ballistische Raketen zum Einsatz.<\/p>\n<p class=\"textabsatz m-ten m-offset-one l-eight l-offset-two columns twelve\">\n&#8222;Feindliche Drohnen greifen gleichzeitig mehrere Bezirke der Stadt an&#8220;, sagte Timur Tkachenko, Leiter der Kiewer Milit\u00e4rverwaltung, \u00fcber die Messaging-App Telegram. &#8222;Es gibt Sch\u00e4den an Wohngeb\u00e4uden und Br\u00e4nde. Rettungskr\u00e4fte sind vor Ort im Einsatz.<\/p>\n<p class=\"textabsatz m-ten m-offset-one l-eight l-offset-two columns twelve\">\nKiews B\u00fcrgermeister Vitali Klitschko sprach von einem anhaltenden &#8222;massiven Angriff auf die Hauptstadt&#8220; und rief die Einwohner von Kiew auf, in den Schutzr\u00e4umen zu bleiben. Sanit\u00e4ter w\u00fcrden in vier Kiewer Stadtteile gerufen, darunter auch in das historische Viertel Podil.<\/p>\n<p>01:03 Uhr<\/p>\n<p>    <a href=\"#Der-Liveblog-vom-Montag-zum-Nachlesen\"><br \/>\n        Der Liveblog vom Montag zum Nachlesen<br \/>\n    <\/a><\/p>\n<p class=\"textabsatz m-ten m-offset-one l-eight l-offset-two columns twelve\">\nRussland und die Ukraine haben gegenseitige Angriffe auf Milit\u00e4rflugpl\u00e4tze gemeldet. Nach ukrainischen Angaben sollen sollen zwei russische Kampfflugzeuge getroffen worden sein. Der Liveblog vom Montag zum Nachlesen.<\/p>\n","protected":false},"excerpt":{"rendered":"liveblog Stand: 10.06.2025 15:57 Uhr Die EU-Kommission stellt ihr 18. Sanktionspaket gegen Russland vor. Der ukrainische Pr\u00e4sident wehrt&hellip;\n","protected":false},"author":2,"featured_media":179480,"comment_status":"","ping_status":"","sticky":false,"template":"","format":"standard","meta":{"footnotes":""},"categories":[4012],"tags":[331,332,13,3272,14,15,12,317],"class_list":{"0":"post-179479","1":"post","2":"type-post","3":"status-publish","4":"format-standard","5":"has-post-thumbnail","7":"category-ukraine","8":"tag-aktuelle-nachrichten","9":"tag-aktuelle-news","10":"tag-headlines","11":"tag-liveblog","12":"tag-nachrichten","13":"tag-news","14":"tag-schlagzeilen","15":"tag-ukraine"},"share_on_mastodon":{"url":"https:\/\/pubeurope.com\/@de\/114659462127950924","error":""},"_links":{"self":[{"href":"https:\/\/www.europesays.com\/de\/wp-json\/wp\/v2\/posts\/179479","targetHints":{"allow":["GET"]}}],"collection":[{"href":"https:\/\/www.europesays.com\/de\/wp-json\/wp\/v2\/posts"}],"about":[{"href":"https:\/\/www.europesays.com\/de\/wp-json\/wp\/v2\/types\/post"}],"author":[{"embeddable":true,"href":"https:\/\/www.europesays.com\/de\/wp-json\/wp\/v2\/users\/2"}],"replies":[{"embeddable":true,"href":"https:\/\/www.europesays.com\/de\/wp-json\/wp\/v2\/comments?post=179479"}],"version-history":[{"count":0,"href":"https:\/\/www.europesays.com\/de\/wp-json\/wp\/v2\/posts\/179479\/revisions"}],"wp:featuredmedia":[{"embeddable":true,"href":"https:\/\/www.europesays.com\/de\/wp-json\/wp\/v2\/media\/179480"}],"wp:attachment":[{"href":"https:\/\/www.europesays.com\/de\/wp-json\/wp\/v2\/media?parent=179479"}],"wp:term":[{"taxonomy":"category","embeddable":true,"href":"https:\/\/www.europesays.com\/de\/wp-json\/wp\/v2\/categories?post=179479"},{"taxonomy":"post_tag","embeddable":true,"href":"https:\/\/www.europesays.com\/de\/wp-json\/wp\/v2\/tags?post=179479"}],"curies":[{"name":"wp","href":"https:\/\/api.w.org\/{rel}","templated":true}]}}