{"id":179493,"date":"2025-06-10T14:14:09","date_gmt":"2025-06-10T14:14:09","guid":{"rendered":"https:\/\/www.europesays.com\/de\/179493\/"},"modified":"2025-06-10T14:14:09","modified_gmt":"2025-06-10T14:14:09","slug":"ex-gesundheitsminister-spahn-rechtfertigt-vorgehen-bei-maskendeals","status":"publish","type":"post","link":"https:\/\/www.europesays.com\/de\/179493\/","title":{"rendered":"Ex-Gesundheitsminister Spahn rechtfertigt Vorgehen bei Maskendeals"},"content":{"rendered":"<p class=\"metatextline\">Stand: 10.06.2025 15:14 Uhr<\/p>\n<p class=\"textabsatz columns twelve  m-ten  m-offset-one l-eight l-offset-two\">\n        <strong>Ex-Gesundheitsminister Spahn hat sich gegen den Verdacht gewehrt, unter dubiosen Umst\u00e4nden Maskendeals w\u00e4hrend Corona in die Wege geleitet zu haben. In einem Interview betonte er, in einer &#8222;Jahrhundertkrise&#8220; unter Handlungsdruck gestanden zu haben.<\/strong>\n    <\/p>\n<p class=\"textabsatz m-ten m-offset-one l-eight l-offset-two columns twelve\">\nUnionsfraktionschef Jens Spahn hat auf Vorw\u00fcrfe reagiert, die in seine Amtszeit als Bundesgesundheitsminister zur\u00fcckreichen. Im Zentrum der Kritik stehen zu teure Maskenbestellungen und ein bestimmter Logistikauftrag w\u00e4hrend der Corona-Pandemie 2020. &#8222;In der Not ist Haben wichtiger als Brauchen. Das war eine Jahrhundertkrise und eine Ausnahmesituation. Es fehlte an allem. Alles war knapp&#8220;, sagte der CDU-Politiker im Podcast Table.Today. Alle h\u00e4tten gesagt: &#8222;Besorgt es, koste es, was es wolle&#8220;. &#8222;Nat\u00fcrlich sind wir finanzielle Risiken eingegangen.&#8220;<\/p>\n<p>    Spahn: &#8222;Seit drei oder vier Jahren bekannt&#8220;<\/p>\n<p class=\"textabsatz m-ten m-offset-one l-eight l-offset-two columns twelve\">\nSpahn reagiert damit <a href=\"https:\/\/www.tagesschau.de\/investigativ\/ndr-wdr\/corona-masken-spahn-sudhof-bericht-100.html\" title=\"Corona-Masken - Interner Bericht bringt Spahn in Bedr\u00e4ngnis\" rel=\"nofollow noopener\" target=\"_blank\">auf einem Bericht von S\u00fcddeutscher Zeitung, WDR und NDR.<\/a> Den drei Medien liegt der bisher unter Verschluss gehaltene Bericht der Sonderermittlerin Margarethe Sudhof zu teuren Maskenk\u00e4ufen in der Anfangszeit der Corona-Pandemie vor. Demnach soll Spahn die Firma Fiege aus seiner westf\u00e4lischen Heimat ohne Teilnahmewettbewerb mit der Logistik der Maskenbeschaffung bevorzugt haben.<\/p>\n<p class=\"textabsatz m-ten m-offset-one l-eight l-offset-two columns twelve\">\nSpahn entgegnete im Interview mit Table.Today, die nun ver\u00f6ffentlichten Details seien &#8222;seit drei oder vier Jahren bekannt&#8220;. &#8222;Das ist alles mehrfach recherchiert worden&#8220;, sagte der Fraktionschef. Zu dem Vorwurf, dass er bei der Maskenlogistik die Firma Fiege aus der N\u00e4he seines Wahlkreises bevorzugt habe, sagte Spahn: &#8222;Ja klar habe ich in der Notlage zuerst mit Leuten geredet, die ich kannte, um zu fragen, wer helfen kann. Und ja, wir haben alles ohne Ausschreibung gemacht. Wie h\u00e4tte das gehen sollen mit einem Ausschreibungsverfahren, das drei oder sechs Monate dauert?&#8220;, sagte Spahn. &#8222;Fiege hatte damals ein fertiges Konzept f\u00fcr den Umgang mit der Pandemie&#8220;, sagte der CDU-Politiker.\u00a0<\/p>\n<p>    Spahn rechnet mit Ver\u00f6ffentlichung<\/p>\n<p class=\"textabsatz m-ten m-offset-one l-eight l-offset-two columns twelve\">\nSpahn erwartet, dass der Bericht der Sonderbeauftragten Sudhof ver\u00f6ffentlicht wird.\u00a0&#8222;Ich bin sicher, dass das Ministerium den Bericht auswertet und transparent den Bundestag und die \u00d6ffentlichkeit dar\u00fcber informieren wird. Da habe ich keine Zweifel.&#8220;\u00a0Das Verfahren, mit dem sein Ministerium damals f\u00fcr einen garantierten Festpreis von 4,50 Euro Masken bestellte, sieht Spahn heute kritisch.<\/p>\n<p class=\"textabsatz m-ten m-offset-one l-eight l-offset-two columns twelve\">\n&#8222;So ein Verfahren w\u00fcrde ich nie wieder machen, kann ich niemandem empfehlen. Wir haben damals alle anderen Kan\u00e4le versucht. Wir wussten gar nicht, ob wir \u00fcberhaupt Angebote bekommen. Teilweise kosteten Masken 30 Euro, wir wollten nichts unversucht lassen. Warum sollten wir absichtlich zu viel und zu teuer beschaffen&#8220;, fragte Spahn.<\/p>\n","protected":false},"excerpt":{"rendered":"Stand: 10.06.2025 15:14 Uhr Ex-Gesundheitsminister Spahn hat sich gegen den Verdacht gewehrt, unter dubiosen Umst\u00e4nden Maskendeals w\u00e4hrend Corona&hellip;\n","protected":false},"author":2,"featured_media":179494,"comment_status":"","ping_status":"","sticky":false,"template":"","format":"standard","meta":{"footnotes":""},"categories":[5],"tags":[331,332,3364,29,30,13,60543,14,15,12,18479],"class_list":{"0":"post-179493","1":"post","2":"type-post","3":"status-publish","4":"format-standard","5":"has-post-thumbnail","7":"category-nachrichten","8":"tag-aktuelle-nachrichten","9":"tag-aktuelle-news","10":"tag-de","11":"tag-deutschland","12":"tag-germany","13":"tag-headlines","14":"tag-masken","15":"tag-nachrichten","16":"tag-news","17":"tag-schlagzeilen","18":"tag-spahn"},"share_on_mastodon":{"url":"https:\/\/pubeurope.com\/@de\/114659489472101547","error":""},"_links":{"self":[{"href":"https:\/\/www.europesays.com\/de\/wp-json\/wp\/v2\/posts\/179493","targetHints":{"allow":["GET"]}}],"collection":[{"href":"https:\/\/www.europesays.com\/de\/wp-json\/wp\/v2\/posts"}],"about":[{"href":"https:\/\/www.europesays.com\/de\/wp-json\/wp\/v2\/types\/post"}],"author":[{"embeddable":true,"href":"https:\/\/www.europesays.com\/de\/wp-json\/wp\/v2\/users\/2"}],"replies":[{"embeddable":true,"href":"https:\/\/www.europesays.com\/de\/wp-json\/wp\/v2\/comments?post=179493"}],"version-history":[{"count":0,"href":"https:\/\/www.europesays.com\/de\/wp-json\/wp\/v2\/posts\/179493\/revisions"}],"wp:featuredmedia":[{"embeddable":true,"href":"https:\/\/www.europesays.com\/de\/wp-json\/wp\/v2\/media\/179494"}],"wp:attachment":[{"href":"https:\/\/www.europesays.com\/de\/wp-json\/wp\/v2\/media?parent=179493"}],"wp:term":[{"taxonomy":"category","embeddable":true,"href":"https:\/\/www.europesays.com\/de\/wp-json\/wp\/v2\/categories?post=179493"},{"taxonomy":"post_tag","embeddable":true,"href":"https:\/\/www.europesays.com\/de\/wp-json\/wp\/v2\/tags?post=179493"}],"curies":[{"name":"wp","href":"https:\/\/api.w.org\/{rel}","templated":true}]}}