{"id":179502,"date":"2025-06-10T14:19:14","date_gmt":"2025-06-10T14:19:14","guid":{"rendered":"https:\/\/www.europesays.com\/de\/179502\/"},"modified":"2025-06-10T14:19:14","modified_gmt":"2025-06-10T14:19:14","slug":"riesentalent-wirbelt-weiter-fuer-den-msv-duisburg","status":"publish","type":"post","link":"https:\/\/www.europesays.com\/de\/179502\/","title":{"rendered":"Riesentalent wirbelt weiter f\u00fcr den MSV Duisburg"},"content":{"rendered":"<p>   Riesentalent wirbelt weiter f\u00fcr den MSV Duisburg &#8211; FuPa                                               <\/p>\n<p>FuPa ben\u00f6tigt JavaScript, um richtig zu funktionieren.<\/p>\n<p> Browser nicht unterst\u00fctzt <\/p>\n<p>  Du verwendest einen veralteten Browser, wodurch die Funktionalit\u00e4t von FuPa eingeschr\u00e4nkt ist und es zu unerwarteten Fehlern kommen kann. Damit du FuPa vollumf\u00e4nglich nutzen kannst und wir dir eine bessere Nutzungserfahrung und mehr Sicherheit auf unserer Anwendung bieten k\u00f6nnen, nutze bitte einen aktuellen Browser.      <img loading=\"lazy\" decoding=\"async\" src=\"https:\/\/www.europesays.com\/de\/wp-content\/uploads\/2025\/06\/vgzm.2780411-3108533.gif\" height=\"1\" width=\"1\" class=\"sc-1wcyr0h-16 hojaCI\"\/>Du wirst automatisch weitergeleitet&#8230;<img fetchpriority=\"high\" decoding=\"async\" loading=\"eager\" src=\"https:\/\/www.europesays.com\/de\/wp-content\/uploads\/2025\/06\/1749565152_268_960x640.jpeg\" alt=\"Simon Symalla hat seinen Vertrag beim MSV Duisburg verl\u00e4ngert.\" title=\"Simon Symalla hat seinen Vertrag beim MSV Duisburg verl\u00e4ngert.\" width=\"960\" height=\"640\" class=\"sc-wadapo-3 klmthQ mui-style-2vfs2l\"\/>Simon Symalla hat seinen Vertrag beim MSV Duisburg verl\u00e4ngert. \u2013 Foto: Imago Images<a data-google-interstitial=\"false\" target=\"_blank\" href=\"https:\/\/rp-online.de\" rel=\"nofollow noopener\"><img decoding=\"async\" loading=\"eager\" src=\"https:\/\/www.europesays.com\/de\/wp-content\/uploads\/2025\/04\/image.svg.svg+xml\" alt=\"\" title=\"\" width=\"400\" height=\"80\" class=\"sc-wadapo-3 ftUxsc\"\/><\/a>Der MSV Duisburg hat langfristig mit Simon Symalla verl\u00e4ngert.<\/p>\n<p>Er hat den wohl gr\u00f6\u00dften Sprung in seiner pers\u00f6nlichen Entwicklung auf dem Fu\u00dfballplatz gemacht. Gemeint ist nat\u00fcrlich Simon Symalla. Der Youngster des MSV Duisburg hat nun seinen Vertrag vorzeitig verl\u00e4ngert. Somit wird er auch &#8222;in den kommenden Jahren&#8220; das Trikot der Zebras tragen.<\/p>\n<p>Eine ganz wichtige Vertragsverl\u00e4ngerung ist den Verantwortlichen des MSV Duisburg gelungen. Der Traditionsverein hat den Kontrakt mit Simon Symalla vorzeitig verl\u00e4ngert. &#8222;Simon hat unsere Erwartungen besonders in der Hinrunde \u00fcbertroffen, die Vertragsverl\u00e4ngerung zu so einem fr\u00fchen Zeitpunkt hat er sich mehr als verdient. Wir freuen uns, seine Entwicklung weiter eng begleiten zu k\u00f6nnen&#8220;, erkl\u00e4rt Chris Schmoldt, Sportlicher Leiter an der Wedau, in einer Mitteilung des Vereins. Der MSV macht wie gewohnt keine Angabe zur Vertragslaufzeit, da er aber von &#8222;mehreren Jahren&#8220; schreibt, ist davon auszugehen, dass der Vertrag f\u00fcr mindestens zwei weitere Spielzeiten gilt.<\/p>\n<p> <a href=\"https:\/\/www.fupa.net\/player\/jan-simon-symalla-1422066\" target=\"_blank\" rel=\"noopener nofollow\">&gt;&gt;&gt; Das ist Simon Symalla<\/a>  <\/p>\n<p>In 29 Ligaspielen lief das Talent aus dem eigenen Nachwuchsleistungszentrum in der vergangenen Saison in der Regionalliga West f\u00fcr den Spielverein auf, erzielte dabei drei Tore und bereitete weitere neun Treffer vor. Von der FuPa-Community wurde er daf\u00fcr dreimal in die Elf der Woche berufen. Zudem verbuchte er drei Tore und drei Assists in f\u00fcnf Eins\u00e4tzen im Niederrheinpokal. In seinem ersten vollen Profijahr hat der 20-J\u00e4hrige einen enormen Entwicklungssprung gezeigt, wie auch Cheftrainer Dietmar Hirsch betont: &#8222;Simon hat seit seiner Zeit in der U19 einen Riesensprung gemacht und sich bereits in der Hinrunde mit tollen Leistungen in den Fokus gespielt. Mit seinem Flei\u00df, seinem Tempo und seiner Art, Fu\u00dfball zu spielen, wird er sich auch im n\u00e4chsten Jahr f\u00fcr Einsatzminuten empfehlen wollen. Ich freue mich, dass er mit uns in die 3. Liga gehen wird.\u201c<\/p>\n<blockquote class=\"instagram-media\" style=\"background: #FFF; border: 0; border-radius: 3px; box-shadow: 0 0 1px 0 rgba(0,0,0,0.5),0 1px 10px 0 rgba(0,0,0,0.15); margin: 1px; max-width: 540px; min-width: 326px; padding: 0; width: calc(100% - 2px);\" data-instgrm-captioned=\"\" data-instgrm-permalink=\"https:\/\/www.instagram.com\/p\/DKuN6WzOGp0\/?utm_source=ig_embed&amp;utm_campaign=loading\" data-instgrm-version=\"14\"><\/blockquote>\n<p>Der offensive Mittelfeldspieler l\u00e4dt aktuell noch seine Akkus auf, ehe es in gut zwei Wochen mit dem MSV in die Sommer-Vorbereitung geht. &#8222;Ich freue mich darauf, mich in der 3. Liga zu beweisen und gemeinsam mit der Mannschaft und den MSV-Fans alles zu geben, um auch nach dem Aufstieg erfolgreich zu sein. Die Stadt ist im vollen Lauf &#8211; wir werden diese Unterst\u00fctzung nutzen, um den MSV weiter nach vorne zu bringen&#8220;, unterstreicht Symalla.<\/p>\n<p>Aufrufe: 010.6.2025, 16:08 Uhr<\/p>\n<p>Marcel EichholzAutor<\/p>\n<p><img decoding=\"async\" loading=\"lazy\" src=\"https:\/\/www.europesays.com\/de\/wp-content\/uploads\/2025\/04\/64x64.jpeg\" alt=\"\" title=\"\" width=\"64\" height=\"64\" class=\"sc-wadapo-3 imUdKn\"\/><\/p>\n<p> <script async src=\"\/\/www.instagram.com\/embed.js\"><\/script><\/p>\n","protected":false},"excerpt":{"rendered":"Riesentalent wirbelt weiter f\u00fcr den MSV Duisburg &#8211; FuPa FuPa ben\u00f6tigt JavaScript, um richtig zu funktionieren. Browser nicht&hellip;\n","protected":false},"author":2,"featured_media":179503,"comment_status":"","ping_status":"","sticky":false,"template":"","format":"standard","meta":{"footnotes":""},"categories":[1838],"tags":[995,3364,29,3715,30,60544,3721,1209],"class_list":{"0":"post-179502","1":"post","2":"type-post","3":"status-publish","4":"format-standard","5":"has-post-thumbnail","7":"category-duisburg","8":"tag-3-liga","9":"tag-de","10":"tag-deutschland","11":"tag-duisburg","12":"tag-germany","13":"tag-jan-simon-symalla","14":"tag-msv-duisburg","15":"tag-nordrhein-westfalen"},"share_on_mastodon":{"url":"https:\/\/pubeurope.com\/@de\/114659509211203021","error":""},"_links":{"self":[{"href":"https:\/\/www.europesays.com\/de\/wp-json\/wp\/v2\/posts\/179502","targetHints":{"allow":["GET"]}}],"collection":[{"href":"https:\/\/www.europesays.com\/de\/wp-json\/wp\/v2\/posts"}],"about":[{"href":"https:\/\/www.europesays.com\/de\/wp-json\/wp\/v2\/types\/post"}],"author":[{"embeddable":true,"href":"https:\/\/www.europesays.com\/de\/wp-json\/wp\/v2\/users\/2"}],"replies":[{"embeddable":true,"href":"https:\/\/www.europesays.com\/de\/wp-json\/wp\/v2\/comments?post=179502"}],"version-history":[{"count":0,"href":"https:\/\/www.europesays.com\/de\/wp-json\/wp\/v2\/posts\/179502\/revisions"}],"wp:featuredmedia":[{"embeddable":true,"href":"https:\/\/www.europesays.com\/de\/wp-json\/wp\/v2\/media\/179503"}],"wp:attachment":[{"href":"https:\/\/www.europesays.com\/de\/wp-json\/wp\/v2\/media?parent=179502"}],"wp:term":[{"taxonomy":"category","embeddable":true,"href":"https:\/\/www.europesays.com\/de\/wp-json\/wp\/v2\/categories?post=179502"},{"taxonomy":"post_tag","embeddable":true,"href":"https:\/\/www.europesays.com\/de\/wp-json\/wp\/v2\/tags?post=179502"}],"curies":[{"name":"wp","href":"https:\/\/api.w.org\/{rel}","templated":true}]}}