{"id":179603,"date":"2025-06-10T15:12:13","date_gmt":"2025-06-10T15:12:13","guid":{"rendered":"https:\/\/www.europesays.com\/de\/179603\/"},"modified":"2025-06-10T15:12:13","modified_gmt":"2025-06-10T15:12:13","slug":"pol-ge-ermittlungen-wegen-gefaehrlicher-koerperverletzung","status":"publish","type":"post","link":"https:\/\/www.europesays.com\/de\/179603\/","title":{"rendered":"POL-GE: Ermittlungen wegen gef\u00e4hrlicher K\u00f6rperverletzung"},"content":{"rendered":"<p class=\"date\">10.06.2025 \u2013 16:15<\/p>\n<p class=\"customer\">\n                        <a class=\"story-customer\" title=\"weiter zum newsroom von Polizei Gelsenkirchen\" href=\"https:\/\/www.presseportal.de\/blaulicht\/nr\/51056\" rel=\"nofollow noopener\" target=\"_blank\">Polizei Gelsenkirchen<\/a>\n                    <\/p>\n<p><a data-category=\"citylink-story-view\" data-action=\"click\" data-label=\"Citylink in Meldungsansicht\" class=\"story-city event-trigger\" href=\"https:\/\/www.presseportal.de\/regional\/Gelsenkirchen\" title=\"News aus Gelsenkirchen \" rel=\"nofollow noopener\" target=\"_blank\">Gelsenkirchen<\/a> (ots)<\/p>\n<p>Die Polizei Gelsenkirchen hat im Fall des Verdachts einer gef\u00e4hrlichen K\u00f6rperverletzung die Ermittlungen aufgenommen. Zwei Jugendliche, ein 13 Jahre alter Junge und ein 14 Jahre altes M\u00e4dchen, riefen am vergangenen Samstag, 7. Juni 2025, die Polizei zur Hilfe. Den eingesetzten Beamten gegen\u00fcber gaben sie an, gegen 18.05 Uhr auf einer Kirchentreppe an der Ecke Boniver-\/Rembrandtstra\u00dfe im Ortsteil Feldmark gesessen zu haben. Dann seien vier oder f\u00fcnf Jugendliche gekommen, h\u00e4tten sie umstellt und beleidigt. Im weiteren Verlauf sollen die T\u00e4ter den Jungen geschlagen und getreten haben. Daraufhin seien die beiden gefl\u00fcchtet. N\u00e4here Angaben zu den Tatverd\u00e4chtigen k\u00f6nnen die beiden Jugendlichen nicht machen. Die Angreifer alle sind zwischen zehn und 15 Jahren alt, trugen dunkle Kleidung und hatten dunkle Haare. Einer von ihnen hatte ein schwarz-orange-wei\u00df-farbiges Fahrrad dabei. Rettungskr\u00e4fte k\u00fcmmerten sich vor Ort um den leicht verletzten Jungen. Die Polizei sucht Zeugen und bittet um Hinweise unter den Telefonnummern 0209 365 7512 oder 0209 365 8240.<\/p>\n<p class=\"contact-headline\">Nachfragen f\u00fcr Journalistinnen und Journalisten:<\/p>\n<p class=\"contact-text\">Polizei Gelsenkirchen<br \/>Thomas Nowaczyk<br \/>Telefon: +49 (0) 209 365-2010<br \/>E-Mail: <a href=\"https:\/\/www.presseportal.de\/blaulicht\/pm\/51056\/mailto: pressestelle.gelsenkirchen@polizei.nrw.de\" class=\"uri-mailto\" rel=\"nofollow noopener\" target=\"_blank\"> pressestelle.gelsenkirchen@polizei.nrw.de<\/a><br \/><a target=\"_blank\" class=\"uri-ext outbound\" rel=\"noopener nofollow\" href=\"https:\/\/gelsenkirchen.polizei.nrw\/\">https:\/\/gelsenkirchen.polizei.nrw\/<\/a><\/p>\n<p class=\"originator\">Original-Content von: Polizei Gelsenkirchen, \u00fcbermittelt durch news aktuell<\/p>\n","protected":false},"excerpt":{"rendered":"10.06.2025 \u2013 16:15 Polizei Gelsenkirchen Gelsenkirchen (ots) Die Polizei Gelsenkirchen hat im Fall des Verdachts einer gef\u00e4hrlichen K\u00f6rperverletzung&hellip;\n","protected":false},"author":2,"featured_media":108,"comment_status":"","ping_status":"","sticky":false,"template":"","format":"standard","meta":{"footnotes":""},"categories":[1848],"tags":[3364,29,548,663,3934,3658,30,13,177,14,15,1209,176,121,178,180,179,181,12],"class_list":{"0":"post-179603","1":"post","2":"type-post","3":"status-publish","4":"format-standard","5":"has-post-thumbnail","7":"category-gelsenkirchen","8":"tag-de","9":"tag-deutschland","10":"tag-eu","11":"tag-europa","12":"tag-europe","13":"tag-gelsenkirchen","14":"tag-germany","15":"tag-headlines","16":"tag-kriminalitt","17":"tag-nachrichten","18":"tag-news","19":"tag-nordrhein-westfalen","20":"tag-nrw","21":"tag-polizei","22":"tag-presse","23":"tag-pressemeldung","24":"tag-pressemitteilung","25":"tag-pressemitteilungen","26":"tag-schlagzeilen"},"share_on_mastodon":{"url":"https:\/\/pubeurope.com\/@de\/114659717703720876","error":""},"_links":{"self":[{"href":"https:\/\/www.europesays.com\/de\/wp-json\/wp\/v2\/posts\/179603","targetHints":{"allow":["GET"]}}],"collection":[{"href":"https:\/\/www.europesays.com\/de\/wp-json\/wp\/v2\/posts"}],"about":[{"href":"https:\/\/www.europesays.com\/de\/wp-json\/wp\/v2\/types\/post"}],"author":[{"embeddable":true,"href":"https:\/\/www.europesays.com\/de\/wp-json\/wp\/v2\/users\/2"}],"replies":[{"embeddable":true,"href":"https:\/\/www.europesays.com\/de\/wp-json\/wp\/v2\/comments?post=179603"}],"version-history":[{"count":0,"href":"https:\/\/www.europesays.com\/de\/wp-json\/wp\/v2\/posts\/179603\/revisions"}],"wp:featuredmedia":[{"embeddable":true,"href":"https:\/\/www.europesays.com\/de\/wp-json\/wp\/v2\/media\/108"}],"wp:attachment":[{"href":"https:\/\/www.europesays.com\/de\/wp-json\/wp\/v2\/media?parent=179603"}],"wp:term":[{"taxonomy":"category","embeddable":true,"href":"https:\/\/www.europesays.com\/de\/wp-json\/wp\/v2\/categories?post=179603"},{"taxonomy":"post_tag","embeddable":true,"href":"https:\/\/www.europesays.com\/de\/wp-json\/wp\/v2\/tags?post=179603"}],"curies":[{"name":"wp","href":"https:\/\/api.w.org\/{rel}","templated":true}]}}