{"id":179621,"date":"2025-06-10T15:23:16","date_gmt":"2025-06-10T15:23:16","guid":{"rendered":"https:\/\/www.europesays.com\/de\/179621\/"},"modified":"2025-06-10T15:23:16","modified_gmt":"2025-06-10T15:23:16","slug":"bildung-grossgeschrieben-zum-welttag-gegen-ausbeuterische-kinderarbeit-zeigt-die-gepa","status":"publish","type":"post","link":"https:\/\/www.europesays.com\/de\/179621\/","title":{"rendered":"Bildung gro\u00dfgeschrieben: Zum Welttag gegen ausbeuterische Kinderarbeit zeigt die GEPA,"},"content":{"rendered":"<p>GEPA: Durch Lernen wachsen\/ Welttag gegen Kinderarbeit. Beide Genossenschaften setzen auf fr\u00fche F\u00f6rderung: CECAQ-11 errichtete mehrere Kinderg\u00e4rten. ACPCU investiert Fairtrade-Pr\u00e4mien in den Ausbau zweier Schulen und vergibt High-School-Stipendien f\u00fcr besonders begabte Kinder.<\/p>\n<p> Demgegen\u00fcber sind laut Weltorganisation f\u00fcr Arbeit (ILO) weltweit 160 Millionen Kinder in ausbeuterischer Arbeit gefangen &#8211; die H\u00e4lfte davon in Afrika, oft unsichtbar in informellen Lieferketten und ohne Bildungschance. Die ILO ruft mit einem Aktionsplan zu Schutz, Pr\u00e4vention und Partnerschaft auf. Bildung ist dabei zentral &#8211; und das Mindestalter f\u00fcr Erwerbsarbeit soll bei mindestens 15 Jahren liegen. <a target=\"_blank\" rel=\"noopener nofollow\" href=\"http:\/\/www.ilo.org\">www.ilo.org<\/a><\/p>\n<p><b>CECAQ-11 (S\u00e3o Tom\u00e9): Kinderg\u00e4rten als Investition in die Zukunft<\/b><\/p>\n<p> Bei CECAQ-11 werden schon die Kleinsten gef\u00f6rdert. Denn aus den Geldern des Fairen Handels der GEPA konnte in der Gemeinde Quimpo ein gut ausgestatteter Kindergarten f\u00fcr Kinder bis f\u00fcnf Jahren eingerichtet werden &#8211; auch f\u00fcr Kinder von Mitgliedern der Gemeinde, die kein eigenes Land besitzen. Leiterin Solange wird von CECAQ-11 bezahlt. Sie sagt: &#8222;Ich bin sehr froh, hier mein t\u00e4glich Brot zu verdienen, die Arbeit mit den Kindern macht mir sehr viel Spa\u00df!&#8220; <\/p>\n<p> Danilson dos Santos engagiert sich neben seiner T\u00e4tigkeit als Kakaobauer sehr f\u00fcr die fr\u00fche F\u00f6rderung von Kindern. In der Kindertagesst\u00e4tte Bernardo Faro wurde 2016 ein alter Waschraum zur Kita f\u00fcr ca. 20 Kinder von zwei bis f\u00fcnf Jahren umgebaut. &#8222;Ich danke der GEPA, die uns beim Umbau finanziell unterst\u00fctzt hat&#8220;, sagt Danilson. &#8222;So k\u00f6nnen die Eltern weiterarbeiten, um unsere Produktion von Qualit\u00e4tskakao zu steigern.&#8220; <\/p>\n<p> Seit Anfang dieses Jahres gibt es in der Gemeinde Claudino Faro eine weitere Kindertagesst\u00e4tte f\u00fcr 27 Kinder von zwei bis f\u00fcnf Jahren, in der Danilson jetzt als Vorschullehrer arbeitet. Das Grundst\u00fcck, auf dem der Kindergarten gebaut wurde, hat CECAQ-11 von der Gemeinde mithilfe der Fairtrade-Pr\u00e4mie gekauft und dem Staat f\u00fcr den Bau des Kindergartens zur Verf\u00fcgung gestellt. Der Neubau zeichnet sich durch gro\u00dfz\u00fcgig geschnittene, lichtdurchflutete R\u00e4ume und moderne Sanit\u00e4ranlagen aus. Es gibt auch eine kleine Bibliothek f\u00fcr die Kinder. <\/p>\n<p><b>ACPCU (Uganda): Wo fairer Kaffee Schule macht<\/b><\/p>\n<p> Mit Fairtrade-Pr\u00e4mien unterst\u00fctzt ACPCU den Erhalt und Ausbau von Schulen in der Region Ankole. An der Nyandozo Primary School aus den 1950er-Jahren wurde ein geschlechtergetrennter Waschraum gebaut &#8211; ein wichtiger Schritt, damit M\u00e4dchen auch w\u00e4hrend ihrer Periode am Unterricht teilnehmen k\u00f6nnen. Im Schulgarten lernen die Kinder Agroforstwirtschaft mit Kaffee- und Bananenpflanzen. <\/p>\n<p> Auch die Nyakashambya Boarding School f\u00fcr M\u00e4dchen profitiert: Seit ihrer Sanierung 2023 wurden neue Klassen-, Verwaltungs- und Schlafr\u00e4ume errichtet. Die Sch\u00fclerinnen-Zahl stieg von 87 auf rund 900 &#8211; nicht zuletzt durch das Bildungskonzept, das sehr auf Entwicklung von Sozialkompetenzen wie F\u00fcrsorge, Ehrlichkeit und Toleranz setzt. Ein Ausbau der Schule ist geplant &#8211; ebenfalls finanziert durch Fairtrade-Pr\u00e4mien. <\/p>\n<p> Ein weiteres Beispiel f\u00fcr den Bildungserfolg bei ACPCU: Bauer Kavundu Yoram konnte durch den Kaffeehandel die Ausbildung seiner sechs T\u00f6chter finanzieren. Heute arbeiten alle in Regierungs\u00e4mtern &#8211; ein Zeichen f\u00fcr die nachhaltige Wirkung von Bildung und Fairem Handel. <\/p>\n<p> <a target=\"_blank\" rel=\"noopener nofollow\" href=\"https:\/\/www.gepa.de\/blog\/neuigkeiten\/detail\/zu-gast-bei-gepa-kaffeepartnern-in-ostafrika\">https:\/\/www.gepa.de\/blog\/neuigkeiten\/detail\/zu-gast-bei-gepa-kaffeepartnern-in-ostafrika<\/a><\/p>\n<p><b>Strukturelle Ursachen f\u00fcr Kinderarbeit<\/b><\/p>\n<p> Die Ursachen ausbeuterischer Kinderarbeit sind meist strukturell: niedrige L\u00f6hne der Eltern, zu niedrige Rohwarenpreise, Gewinnmaximierung der aufkaufenden Unternehmen &#8211; selbst bei hohen Weltmarktpreisen wie jetzt bei Kakao. Hinzu kommen finanzielle Notlagen entlang der Lieferkette und kriminelle Machenschaften einzelner Akteure. <\/p>\n<p> Der Faire Handel setzt hier an: Durch faire Preise und L\u00f6hne, langfristige Handelsbeziehungen und Bildungsf\u00f6rderung &#8211; oft finanziert \u00fcber Fair-Handels-Pr\u00e4mien &#8211; soll Kinderarbeit \u00fcberfl\u00fcssig werden. Auch die Sensibilisierung der Produzent*innen f\u00fcr die gesunde Entwicklung ihrer Kinder ist ein zentraler Bestandteil. Das Einhalten menschenrechtlicher Sorgfaltspflichten, Risikomanagement sowie R\u00fcckverfolgbarkeit der Lieferkette stehen f\u00fcr die GEPA und ihre Partnerkooperativen an erster Stelle. <\/p>\n<p> Weitere Hintergrundinfos unter <a target=\"_blank\" rel=\"noopener nofollow\" href=\"http:\/\/www.gepa.de\/welttag-gegen-kinderarbeit\">www.gepa.de\/welttag-gegen-kinderarbeit<\/a><\/p>\n<p><b>Als Fair Trade-Pionierin steht die GEPA seit 50 Jahren (Gr\u00fcndungsdatum: 14.05.1975) f\u00fcr Transparenz und Glaubw\u00fcrdigkeit ihrer Arbeit. Wir handeln als gr\u00f6\u00dfte europ\u00e4ische Fair Handelsorganisation mit Genossenschaften und sozial engagierten Privatbetrieben aus Lateinamerika, Afrika, Asien und Europa. Durch faire Preise und langfristige Handelsbeziehungen haben die Partner mehr Planungssicherheit. Hinter der GEPA stehen MISEREOR, Brot f\u00fcr die Welt, die Arbeitsgemeinschaft der Evangelischen Jugend in Deutschland (aej), der Bund der Deutschen Katholischen Jugend (BDKJ) und das Kindermissionswerk &#8222;Die Sternsinger&#8220;. F\u00fcr ihre Verdienste um den Fairen Handel und die Nachhaltigkeit ist die GEPA vielfach ausgezeichnet worden, u. a. beim Deutschen Nachhaltigkeitspreis mit TOP3 in der Kategorie &#8222;Unternehmenspartnerschaften 2020&#8220; f\u00fcr die langj\u00e4hrige Zusammenarbeit mit dem Teepartner Tea Promoters India und mit dem &#8222;CSR-Preis der Bundesregierung 2020&#8220; in der Kategorie &#8222;Verantwortungsvolles Lieferkettenmanagement&#8220; sowie Ende 2023 mit dem German SDG-Award Kategorie &#8222;Unternehmen&#8220;. Als eines von wenigen Unternehmen in Deutschland hat sich die GEPA nach dem Garantiesystem der WFTO pr\u00fcfen lassen. N\u00e4heres zu Preisen und Auszeichnungen sowie zur GEPA allgemein unter <a target=\"_blank\" rel=\"noopener nofollow\" href=\"http:\/\/www.gepa.de\">www.gepa.de<\/a>, alle Produkte unter <a target=\"_blank\" rel=\"noopener nofollow\" href=\"http:\/\/www.gepa-shop.de\">www.gepa-shop.de<\/a>.<\/b><\/p>\n<p><b>Mitgliedschaften:<\/b><\/p>\n<p>Pressekontakt:<\/p>\n<p>GEPA &#8211; The Fair Trade Company<\/p>\n<p>Barbara Schimmelpfennig<br \/>Pressesprecherin<\/p>\n<p>Fon: 0202 &#8211; 266 83 60<br \/>Fax: 0202 &#8211; 266 83 10<br \/>Mail: <a href=\"https:\/\/www.ad-hoc-news.de\/wissenschaft\/wuppertal-bildung-grossgeschrieben-zum-welttag-gegen-ausbeuterische\/mailto: presse@gepa.de\" rel=\"nofollow noopener\" target=\"_blank\"> presse@gepa.de<\/a><\/p>\n<p>GEPA-Weg 1<br \/>42327 Wuppertal<\/p>\n<p class=\"origin\">Original-Content von: GEPA mbH \u00fcbermittelt durch news aktuell<\/p>\n<p>http:\/\/ots.de\/5c5ac9<\/p>\n","protected":false},"excerpt":{"rendered":"GEPA: Durch Lernen wachsen\/ Welttag gegen Kinderarbeit. Beide Genossenschaften setzen auf fr\u00fche F\u00f6rderung: CECAQ-11 errichtete mehrere Kinderg\u00e4rten. ACPCU&hellip;\n","protected":false},"author":2,"featured_media":179622,"comment_status":"","ping_status":"","sticky":false,"template":"","format":"standard","meta":{"footnotes":""},"categories":[1840],"tags":[14068,31509,752,3364,29,15798,42969,30,57785,1209,60568,30534,21980,4418],"class_list":{"0":"post-179621","1":"post","2":"type-post","3":"status-publish","4":"format-standard","5":"has-post-thumbnail","7":"category-wuppertal","8":"tag-lernen","9":"tag-beispiel","10":"tag-bildung","11":"tag-de","12":"tag-deutschland","13":"tag-fair","14":"tag-gepa","15":"tag-germany","16":"tag-kinderarbeit","17":"tag-nordrhein-westfalen","18":"tag-persoenlichkeitsentwicklung","19":"tag-trade","20":"tag-welttag","21":"tag-wuppertal"},"share_on_mastodon":{"url":"https:\/\/pubeurope.com\/@de\/114659760805191658","error":""},"_links":{"self":[{"href":"https:\/\/www.europesays.com\/de\/wp-json\/wp\/v2\/posts\/179621","targetHints":{"allow":["GET"]}}],"collection":[{"href":"https:\/\/www.europesays.com\/de\/wp-json\/wp\/v2\/posts"}],"about":[{"href":"https:\/\/www.europesays.com\/de\/wp-json\/wp\/v2\/types\/post"}],"author":[{"embeddable":true,"href":"https:\/\/www.europesays.com\/de\/wp-json\/wp\/v2\/users\/2"}],"replies":[{"embeddable":true,"href":"https:\/\/www.europesays.com\/de\/wp-json\/wp\/v2\/comments?post=179621"}],"version-history":[{"count":0,"href":"https:\/\/www.europesays.com\/de\/wp-json\/wp\/v2\/posts\/179621\/revisions"}],"wp:featuredmedia":[{"embeddable":true,"href":"https:\/\/www.europesays.com\/de\/wp-json\/wp\/v2\/media\/179622"}],"wp:attachment":[{"href":"https:\/\/www.europesays.com\/de\/wp-json\/wp\/v2\/media?parent=179621"}],"wp:term":[{"taxonomy":"category","embeddable":true,"href":"https:\/\/www.europesays.com\/de\/wp-json\/wp\/v2\/categories?post=179621"},{"taxonomy":"post_tag","embeddable":true,"href":"https:\/\/www.europesays.com\/de\/wp-json\/wp\/v2\/tags?post=179621"}],"curies":[{"name":"wp","href":"https:\/\/api.w.org\/{rel}","templated":true}]}}