{"id":179662,"date":"2025-06-10T15:44:12","date_gmt":"2025-06-10T15:44:12","guid":{"rendered":"https:\/\/www.europesays.com\/de\/179662\/"},"modified":"2025-06-10T15:44:12","modified_gmt":"2025-06-10T15:44:12","slug":"gusseisenrelief-der-alten-carolabruecke-geborgen","status":"publish","type":"post","link":"https:\/\/www.europesays.com\/de\/179662\/","title":{"rendered":"Gusseisenrelief der alten Carolabr\u00fccke geborgen"},"content":{"rendered":"<p>Ein Gusseisenrelief der alten Carolabr\u00fccke ist geborgen worden. Die Br\u00fccke wurde zwischen 1892 und 1895 errichtet und im Zweiten Weltkrieg zerst\u00f6rt. Seitdem lag das Relief im Flussbett der Elbe. Bei Niedrigwasser war es auf der Neust\u00e4dter Seite zu sehen und galt als kleine Attraktion.<br \/>\n<img fetchpriority=\"high\" decoding=\"async\" src=\"https:\/\/www.europesays.com\/de\/wp-content\/uploads\/2025\/06\/2025-06-10-Relief.jpg\" alt=\"Relief der alten Carolabr\u00fccke geborgen. Foto: Stadtverwaltung Dresden\" width=\"2400\" height=\"1350\" class=\"size-full wp-image-227638\"  \/>Relief der alten Carolabr\u00fccke geborgen. Foto: Stadtverwaltung Dresden\n<\/p>\n<p>Eine Bergung war bisher aus Kostengr\u00fcnden nicht erfolgt. Nun wurde das Relief im Rahmen der Abrissarbeiten der neueren Carolabr\u00fccke geborgen. Ziel ist es, das Objekt vor Sch\u00e4den zu sch\u00fctzen.\n<\/p>\n<p>Das Relief wird an das Dresdner <a target=\"_blank\" href=\"https:\/\/www.dresden.de\/de\/kultur\/denkmalschutz\/lapidarium.php\" rel=\"noopener\">Lapidarum<\/a> \u00fcbergeben. Dort erfolgt die Einlagerung. Eine Restaurierung ist m\u00f6glich. Die Denkmalschutzbeh\u00f6rde der Stadt Dresden stimmt die n\u00e4chsten Schritte der Metallkonservierung mit dem Landesamt f\u00fcr Denkmalpflege Sachsen ab.\n<\/p>\n<p>In der Pressemitteilung der Stadt Dresden hei\u00dft es: \u201eVielleicht findet sich im Umfeld der dann neuen, dritten Carolabr\u00fccke ein Platz f\u00fcr dieses Erinnerungsst\u00fcck.\u201c <\/p>\n<p>Initiative Carolabr\u00fccke legt neues Br\u00fcckenkonzept vor<\/p>\n<p>Da die letzte Idee der Initiative Carolabr\u00fccke f\u00fcr eine Interimsbr\u00fccke im Stadtrat auf keine Zustimmung stie\u00df, hat die Initiative, die sich f\u00fcr eine nachhaltige, \u00e4sthetisch ansprechende und zukunftsf\u00e4hige Elbquerung einsetzt, ein neues Konzept vorgelegt. Das vorgestellte Modell orientiert sich an historischen Vorbildern und kommt dabei ohne zus\u00e4tzliche Strompfeiler aus. Laut der Initiative erf\u00fcllt es alle Anforderungen, darunter auch jene des Denkmalschutzes.<br \/>\n<img loading=\"lazy\" decoding=\"async\" src=\"https:\/\/www.europesays.com\/de\/wp-content\/uploads\/2025\/06\/2025-06-10-CarolabrueckeInitiative.jpg\" alt=\"Bogenbr\u00fccke mit historischen Anleihen - Visualisierung: Initiative Carolabr\u00fccke\" width=\"1920\" height=\"1080\" class=\"size-full wp-image-227639\"  \/>Bogenbr\u00fccke mit historischen Anleihen \u2013 Visualisierung: Initiative Carolabr\u00fccke\n<\/p>\n<p>Zuletzt habe Baub\u00fcrgermeister Stephan K\u00fchn dem CDU-Vorschlag einer zweigeschossigen Br\u00fccke prinzipielle Umsetzbarkeit attestiert. Im Vergleich dazu sei eine an die typische Dresdner Bogenbr\u00fccke angepasste Gestaltung einfacher umzusetzen, so die Initiative. Die Gestaltung der Br\u00fccke d\u00fcrfe nicht allein von der Stadtspitze definiert werden. Vielmehr m\u00fcsse die Bev\u00f6lkerung einbezogen werden.\n<\/p>\n<p>Die Initiative Carolabr\u00fccke fordert daher, dass Planungsb\u00fcros verpflichtet werden, je zwei Gestaltungsvarianten vorzulegen. Eine davon soll sich an der \u00c4sthetik der urspr\u00fcnglichen Carolabr\u00fccke von 1895 orientieren. Au\u00dferdem solle das Wettbewerbsverfahren unter Beteiligung des Stadtrates und der \u00d6ffentlichkeit durchgef\u00fchrt werden. Das bisherige Meinungsbild, das sich in Petitionen und Umfragen zugunsten einer historischen Gestaltung zeige, d\u00fcrfe nicht ignoriert werden.\n<\/p>\n<p>Unabh\u00e4ngig vom vorgestellten Entwurf bef\u00fcrwortet die Initiative weiterhin eine statisch sichere Bogenbr\u00fccke. Die geforderte Spannweite von 120 Metern sei bei schmaler Konstruktion und hohen Lasten selbst mit modernen Materialien eine Herausforderung. Der Einsturz der alten Br\u00fccke zeige, dass physikalische Grenzen beachtet werden m\u00fcssen. Viele Spannbetonbr\u00fccken weisen heute Sch\u00e4den auf, eingest\u00fcrzt ist jedoch die Carolabr\u00fccke. Daraus leite sich die Forderung nach einer robusten Bogenkonstruktion ab.<\/p>\n<p>Eine rechtliche M\u00f6glichkeit f\u00fcr eine neue Bogenbr\u00fccke sei vorhanden. Die Stadt hatte f\u00fcr den Wiederaufbau der eingest\u00fcrzten Br\u00fccke eine Sondergenehmigung f\u00fcr einen Strompfeiler erhalten. Diese erlaubt eine vom Erlass abweichende L\u00f6sung. Auch das Wasserstra\u00dfen- und Schifffahrtsamt sowie das Bundesverkehrsministerium haben sich mit einem historisch orientierten Br\u00fcckentyp befasst. Aus Sicht des Wasserstra\u00dfenrechts k\u00f6nne eine solche L\u00f6sung au\u00dferhalb des Fahrwassers genehmigt werden. Die Breite des heutigen Fahrwassers vertr\u00e4gt sich mit den B\u00f6gen der historischen Br\u00fccke.<br \/>\n<img loading=\"lazy\" decoding=\"async\" src=\"https:\/\/www.europesays.com\/de\/wp-content\/uploads\/2025\/06\/2025-06-10-Prinzipdarstellung.jpg\" alt=\"Zeichnung Reiner Gr\u00f6tzschel, Ma\u00dfstab 1:400, ohne Statik-Nachweis, Dampfer &quot;Dresden&quot; als Gr\u00f6\u00dfenbezug. Visualisierung Maximilian Georg Liebscher f\u00fcr die Initiative Carolabr\u00fccke\" width=\"1769\" height=\"705\" class=\"size-full wp-image-227640\"  \/>Zeichnung Reiner Gr\u00f6tzschel, Ma\u00dfstab 1:400, ohne Statik-Nachweis, Dampfer \u201eDresden\u201c als Gr\u00f6\u00dfenbezug. Visualisierung Maximilian Georg Liebscher f\u00fcr die Initiative Carolabr\u00fccke\n<\/p>\n<p>Die Initiative geht davon aus, dass eine Genehmigung als einfacher Ersatzneubau nicht m\u00f6glich sein wird. Die eingest\u00fcrzte Br\u00fccke entspricht weder aktuellen statischen Anforderungen noch den Vorgaben zur Verkehrsf\u00fchrung und zum St\u00e4dtebau. Umfangreiche Anpassungen seien n\u00f6tig. Deshalb werde ein Planfeststellungsverfahren unausweichlich sein.\n<\/p>\n<p>Genau solch ein Planfeststellungsverfahren will die Stadtverwaltung jedoch vermeiden, da sich sonst der Baubeginn weiter nach hinten verschieben w\u00fcrde. Bereits bei schnellstm\u00f6glicher Planung mit einem Ersatzneubau rechnet die Verwaltung aktuell mit einem Baubeginn 2027.\n<\/p>\n<p>\u00c4hnliche Beitr\u00e4ge vergangener Tage<\/p>\n","protected":false},"excerpt":{"rendered":"Ein Gusseisenrelief der alten Carolabr\u00fccke ist geborgen worden. Die Br\u00fccke wurde zwischen 1892 und 1895 errichtet und im&hellip;\n","protected":false},"author":2,"featured_media":179663,"comment_status":"","ping_status":"","sticky":false,"template":"","format":"standard","meta":{"footnotes":""},"categories":[1835],"tags":[13426,3364,29,2386,30,4229,859],"class_list":{"0":"post-179662","1":"post","2":"type-post","3":"status-publish","4":"format-standard","5":"has-post-thumbnail","7":"category-dresden","8":"tag-carolabruecke","9":"tag-de","10":"tag-deutschland","11":"tag-dresden","12":"tag-germany","13":"tag-neustadt","14":"tag-sachsen"},"share_on_mastodon":{"url":"https:\/\/pubeurope.com\/@de\/114659843428761702","error":""},"_links":{"self":[{"href":"https:\/\/www.europesays.com\/de\/wp-json\/wp\/v2\/posts\/179662","targetHints":{"allow":["GET"]}}],"collection":[{"href":"https:\/\/www.europesays.com\/de\/wp-json\/wp\/v2\/posts"}],"about":[{"href":"https:\/\/www.europesays.com\/de\/wp-json\/wp\/v2\/types\/post"}],"author":[{"embeddable":true,"href":"https:\/\/www.europesays.com\/de\/wp-json\/wp\/v2\/users\/2"}],"replies":[{"embeddable":true,"href":"https:\/\/www.europesays.com\/de\/wp-json\/wp\/v2\/comments?post=179662"}],"version-history":[{"count":0,"href":"https:\/\/www.europesays.com\/de\/wp-json\/wp\/v2\/posts\/179662\/revisions"}],"wp:featuredmedia":[{"embeddable":true,"href":"https:\/\/www.europesays.com\/de\/wp-json\/wp\/v2\/media\/179663"}],"wp:attachment":[{"href":"https:\/\/www.europesays.com\/de\/wp-json\/wp\/v2\/media?parent=179662"}],"wp:term":[{"taxonomy":"category","embeddable":true,"href":"https:\/\/www.europesays.com\/de\/wp-json\/wp\/v2\/categories?post=179662"},{"taxonomy":"post_tag","embeddable":true,"href":"https:\/\/www.europesays.com\/de\/wp-json\/wp\/v2\/tags?post=179662"}],"curies":[{"name":"wp","href":"https:\/\/api.w.org\/{rel}","templated":true}]}}