{"id":179667,"date":"2025-06-10T15:47:11","date_gmt":"2025-06-10T15:47:11","guid":{"rendered":"https:\/\/www.europesays.com\/de\/179667\/"},"modified":"2025-06-10T15:47:11","modified_gmt":"2025-06-10T15:47:11","slug":"niedersachsen-bremen-werder-torfrau-livia-peng-wechselt-zum-fc-chelsea","status":"publish","type":"post","link":"https:\/\/www.europesays.com\/de\/179667\/","title":{"rendered":"Niedersachsen &#038; Bremen: Werder-Torfrau Livia Peng wechselt zum FC Chelsea"},"content":{"rendered":"<p>                    Niedersachsen &amp; Bremen<br \/>\n                Werder-Torfrau Livia Peng wechselt zum FC Chelsea<\/p>\n<p>\t\t\t\t              10.06.2025, 17:27 Uhr<\/p>\n<p><strong>Zwei Jahre lang h\u00fctete Livia Peng das Tor von Werder Bremen. Jetzt wechselt die Schweizer National-Schlussfrau zum englischen Meister.<\/strong><\/p>\n<p>Bremen (dpa\/lni) &#8211; Frauen-Bundesligist Werder Bremen verliert seine Torh\u00fcterin Livia Peng. Wie der Club mitteilte, wechselt die Schweizer National-Schlussfrau zum englischen Meister FC Chelsea. \u00dcber die Abl\u00f6semodalit\u00e4ten vereinbarten beide Vereine Stillschweigen.<\/p>\n<p>&#8222;Wir haben bei diesem Transfer ein lachendes und ein weinendes Auge. Der Wechsel von Livia ist menschlich und sportlich ein herber Verlust f\u00fcr uns, gleichzeitig haben wir uns beim Vertragsabschluss vor zwei Jahren diese tolle Entwicklung bei ihr erhofft&#8220;, sagte Werders Abteilungsleiterin f\u00fcr Frauen- und M\u00e4dchenfu\u00dfball, Birte Br\u00fcggemann.<\/p>\n<p>Peng wechselte im Sommer 2023 aus Spanien von Levante UD nach Bremen. Insgesamt bestritt sie 45 Pflichtspiel-Eins\u00e4tze und erreichte in der abgelaufenen Saison das Finale im DFB-Pokal. Dort unterlag sie mit Werder dem FC Bayern mit 2:4.<\/p>\n","protected":false},"excerpt":{"rendered":"Niedersachsen &amp; Bremen Werder-Torfrau Livia Peng wechselt zum FC Chelsea 10.06.2025, 17:27 Uhr Zwei Jahre lang h\u00fctete Livia&hellip;\n","protected":false},"author":2,"featured_media":179668,"comment_status":"","ping_status":"","sticky":false,"template":"","format":"standard","meta":{"footnotes":""},"categories":[1824],"tags":[2420,33299,3364,29,7579,30,60575,1411,60576,60574],"class_list":{"0":"post-179667","1":"post","2":"type-post","3":"status-publish","4":"format-standard","5":"has-post-thumbnail","7":"category-bremen","8":"tag-bremen","9":"tag-chelsea","10":"tag-de","11":"tag-deutschland","12":"tag-fc","13":"tag-germany","14":"tag-livia","15":"tag-niedersachsen","16":"tag-peng","17":"tag-werder-torfrau"},"share_on_mastodon":{"url":"https:\/\/pubeurope.com\/@de\/114659855390011687","error":""},"_links":{"self":[{"href":"https:\/\/www.europesays.com\/de\/wp-json\/wp\/v2\/posts\/179667","targetHints":{"allow":["GET"]}}],"collection":[{"href":"https:\/\/www.europesays.com\/de\/wp-json\/wp\/v2\/posts"}],"about":[{"href":"https:\/\/www.europesays.com\/de\/wp-json\/wp\/v2\/types\/post"}],"author":[{"embeddable":true,"href":"https:\/\/www.europesays.com\/de\/wp-json\/wp\/v2\/users\/2"}],"replies":[{"embeddable":true,"href":"https:\/\/www.europesays.com\/de\/wp-json\/wp\/v2\/comments?post=179667"}],"version-history":[{"count":0,"href":"https:\/\/www.europesays.com\/de\/wp-json\/wp\/v2\/posts\/179667\/revisions"}],"wp:featuredmedia":[{"embeddable":true,"href":"https:\/\/www.europesays.com\/de\/wp-json\/wp\/v2\/media\/179668"}],"wp:attachment":[{"href":"https:\/\/www.europesays.com\/de\/wp-json\/wp\/v2\/media?parent=179667"}],"wp:term":[{"taxonomy":"category","embeddable":true,"href":"https:\/\/www.europesays.com\/de\/wp-json\/wp\/v2\/categories?post=179667"},{"taxonomy":"post_tag","embeddable":true,"href":"https:\/\/www.europesays.com\/de\/wp-json\/wp\/v2\/tags?post=179667"}],"curies":[{"name":"wp","href":"https:\/\/api.w.org\/{rel}","templated":true}]}}