{"id":179753,"date":"2025-06-10T16:32:10","date_gmt":"2025-06-10T16:32:10","guid":{"rendered":"https:\/\/www.europesays.com\/de\/179753\/"},"modified":"2025-06-10T16:32:10","modified_gmt":"2025-06-10T16:32:10","slug":"flucht-mit-weissem-kombi-nach-unfall-auf-der-a-52-bei-gladbeck","status":"publish","type":"post","link":"https:\/\/www.europesays.com\/de\/179753\/","title":{"rendered":"Flucht mit wei\u00dfem Kombi nach Unfall auf der A 52 bei Gladbeck"},"content":{"rendered":"<p><a title=\"gesucht\" href=\"https:\/\/neue-gladbecker-zeitung.de\/unfallflucht-gladbeckerin-von-auto-erfasst\/gesucht-4\/\" target=\"_blank\" rel=\"noopener\"><img decoding=\"async\" fetchpriority=\"high\" width=\"678\" height=\"381\" src=\"https:\/\/www.europesays.com\/de\/wp-content\/uploads\/2025\/06\/gesucht.webp.webp\" alt=\"Flucht mit wei\u00dfem Kombi nach Unfall auf der A 52\" title=\"gesucht\"\/><\/a><br \/>\nDie Polizei sucht einen wei\u00dfen Kombi (evtl. BMW).<\/p>\n<p>Mehrere PKW beteiligt \u2013 Polizei bittet um Hinweise<\/p>\n<p class=\"ai-optimize-7 ai-optimize-introduction\"><strong>Gladbeck \u2013 10.06.2025 \u2013 Flucht<\/strong>\u00a0\u2013 Nach einem Unfall mit vier beteiligten Fahrzeugen am Sonntagabend (08.06., 20:05 Uhr) auf der Autobahn 52 bei <strong><a style=\"color: #ff0000;\" href=\"https:\/\/www.gladbeck.de\" target=\"_blank\" rel=\"noopener\">Gladbeck<\/a><\/strong> ist die Polizei auf der Suche nach Zeugen.<\/p>\n<p class=\"ai-optimize-7 ai-optimize-introduction\">Ersten Erkenntnissen zufolge befuhr eine 37-j\u00e4hrige Frau aus <strong><a style=\"color: #ff0000;\" href=\"https:\/\/www.bottrop.de\" target=\"_blank\" rel=\"noopener\">Bottrop<\/a><\/strong> mit ihrem Pkw die Bundesstra\u00dfe 224 in Fahrtrichtung Haltern auf dem rechten Fahrstreifen. Im Bereich des \u00dcbergangs von der B 224 zur A 52 n\u00e4herte sich ihr auf dem linken Fahrstreifen von hinten ein wei\u00dfer Kombi, vermutlich ein BMW.<\/p>\n<p>Die NGZ-News aus Gladbeck immer sofort auf das Handy?<br \/>Dann abonniere kostenlos den <a style=\"color: #ff0000;\" href=\"https:\/\/whatsapp.com\/channel\/0029VaAJZdH8F2pIH21PF72X\" target=\"_blank\" rel=\"noopener\">WhatsApp-Kanal<\/a><br \/>\nDie Gladbecker Zusammenfassung des Tages der NGZ?<br \/>Dann abonniere den kostenlosen <a href=\"https:\/\/neue-gladbecker-zeitung.de\/newsletter-2\/\" target=\"_blank\" rel=\"noopener\"><strong>Newsletter<\/strong><\/a><br \/>\nFolgen Sie uns auf Facebook: <strong><a style=\"color: #ff0000;\" href=\"https:\/\/www.facebook.com\/NeueGladbeckerZeitung\/\" target=\"_blank\" rel=\"noopener\">NeueGladbeckerZeitung<\/a><\/strong><\/p>\n<p>Flucht: der Verursacher des Unfalls machte sich aus dem Staub<\/p>\n<p class=\"ai-optimize-7 ai-optimize-introduction\">Nach Aussage der 37-J\u00e4hrigen setzte der Kombi pl\u00f6tzlich zu einem \u00dcberholman\u00f6ver an, um ein vor ihm fahrendes Fahrzeug rechts zu \u00fcberholen. Um einen Zusammensto\u00df zu vermeiden, wich die 37-J\u00e4hrige nach rechts aus.<\/p>\n<p class=\"ai-optimize-7 ai-optimize-introduction\">Ihr Fahrzeug kam ins Schleudern und kollidierte schlie\u00dflich mit der linksseitigen Schutzwand. Ein hinter ihr fahrender 24-j\u00e4hriger Mann aus Essen leitete eine Notbremsung ein. Hinter ihm wiederum war eine 25-j\u00e4hrige Frau aus Essen mit ihrem Pkw unterwegs. Auch sie bremste, konnte die Kollision mit dem Auto des 24-J\u00e4hrigen aber nicht verhindern.<\/p>\n<p class=\"ai-optimize-7 ai-optimize-introduction\">Die unbekannte Person am Steuer des wei\u00dfen Kombis entfernte sich in Richtung Haltern vom Unfallort.<\/p>\n<p class=\"ai-optimize-7 ai-optimize-introduction\">Die Polizei bittet m\u00f6gliche Zeugen, sich unter der<strong> Rufnummer (0251) 275-0<\/strong> zu melden.<\/p>\n<p><a style=\"color: #ff0000;\" href=\"https:\/\/neue-gladbecker-zeitung.de\" target=\"_blank\" rel=\"noopener\">Zur Startseite<\/a><\/p>\n","protected":false},"excerpt":{"rendered":"Die Polizei sucht einen wei\u00dfen Kombi (evtl. BMW). Mehrere PKW beteiligt \u2013 Polizei bittet um Hinweise Gladbeck \u2013&hellip;\n","protected":false},"author":2,"featured_media":179754,"comment_status":"","ping_status":"","sticky":false,"template":"","format":"standard","meta":{"footnotes":""},"categories":[1848],"tags":[18674,3364,29,548,663,3934,8036,3658,30,17275,13,14,15,1209,121,12,60599],"class_list":{"0":"post-179753","1":"post","2":"type-post","3":"status-publish","4":"format-standard","5":"has-post-thumbnail","7":"category-gelsenkirchen","8":"tag-a52","9":"tag-de","10":"tag-deutschland","11":"tag-eu","12":"tag-europa","13":"tag-europe","14":"tag-flucht","15":"tag-gelsenkirchen","16":"tag-germany","17":"tag-gladbeck","18":"tag-headlines","19":"tag-nachrichten","20":"tag-news","21":"tag-nordrhein-westfalen","22":"tag-polizei","23":"tag-schlagzeilen","24":"tag-weisser-kombi"},"share_on_mastodon":{"url":"https:\/\/pubeurope.com\/@de\/114660032107716063","error":""},"_links":{"self":[{"href":"https:\/\/www.europesays.com\/de\/wp-json\/wp\/v2\/posts\/179753","targetHints":{"allow":["GET"]}}],"collection":[{"href":"https:\/\/www.europesays.com\/de\/wp-json\/wp\/v2\/posts"}],"about":[{"href":"https:\/\/www.europesays.com\/de\/wp-json\/wp\/v2\/types\/post"}],"author":[{"embeddable":true,"href":"https:\/\/www.europesays.com\/de\/wp-json\/wp\/v2\/users\/2"}],"replies":[{"embeddable":true,"href":"https:\/\/www.europesays.com\/de\/wp-json\/wp\/v2\/comments?post=179753"}],"version-history":[{"count":0,"href":"https:\/\/www.europesays.com\/de\/wp-json\/wp\/v2\/posts\/179753\/revisions"}],"wp:featuredmedia":[{"embeddable":true,"href":"https:\/\/www.europesays.com\/de\/wp-json\/wp\/v2\/media\/179754"}],"wp:attachment":[{"href":"https:\/\/www.europesays.com\/de\/wp-json\/wp\/v2\/media?parent=179753"}],"wp:term":[{"taxonomy":"category","embeddable":true,"href":"https:\/\/www.europesays.com\/de\/wp-json\/wp\/v2\/categories?post=179753"},{"taxonomy":"post_tag","embeddable":true,"href":"https:\/\/www.europesays.com\/de\/wp-json\/wp\/v2\/tags?post=179753"}],"curies":[{"name":"wp","href":"https:\/\/api.w.org\/{rel}","templated":true}]}}