{"id":179887,"date":"2025-06-10T17:44:11","date_gmt":"2025-06-10T17:44:11","guid":{"rendered":"https:\/\/www.europesays.com\/de\/179887\/"},"modified":"2025-06-10T17:44:11","modified_gmt":"2025-06-10T17:44:11","slug":"ehemaliger-schueler-toetet-in-oesterreich-zehn-menschen-was-wir-bisher-wissen","status":"publish","type":"post","link":"https:\/\/www.europesays.com\/de\/179887\/","title":{"rendered":"Ehemaliger Sch\u00fcler t\u00f6tet in \u00d6sterreich zehn Menschen \u2013 was wir bisher wissen"},"content":{"rendered":"<p class=\"tspBFke tspBFkf\">Nach dem Amoklauf an einer Schule im \u00f6sterreichischen Graz ist die Zahl der Todesopfer am Dienstagabend auf elf gestiegen. \u00dcbereinstimmenden Berichten zufolge starb eine der schwer verletzten Personen im Krankenhaus. Unter den elf Get\u00f6teten ist auch der mutma\u00dfliche T\u00e4ter. Au\u00dferdem gibt es elf Verletzte, manche davon schwer.<\/p>\n<p class=\"tspBFke\">Bundeskanzler Christian Stocker (\u00d6VP) sprach am Dienstag in einer ersten Reaktion von einer \u201enationalen Trag\u00f6die\u201c, die das gesamte Land ersch\u00fcttere. <\/p>\n<p><a href=\"https:\/\/abo.tagesspiegel.de\/tagesspiegel-app?icid=single-topic_13827466___\" data-gtm-class=\"article-mzt-link\" class=\"tspCJn1\" rel=\"nofollow noopener\" target=\"_blank\">Die Tagesspiegel-App Aktuelle Nachrichten, Hintergr\u00fcnde und Analysen direkt auf Ihr Smartphone. Dazu die digitale Zeitung. Hier gratis herunterladen.  <\/a> Was ist in Graz passiert? <\/p>\n<p class=\"tspBFke\">An dem Bundesoberstufenrealgymnasium (BORG) Dreiersch\u00fctzengasse in Graz waren am Vormittag gegen 10.00 Uhr Sch\u00fcsse gefallen, in zwei Klassenr\u00e4umen wurde offenbar das Feuer er\u00f6ffnet, berichten die Zeitungen \u201e<a href=\"https:\/\/www.krone.at\/3808844\" target=\"_blank\" rel=\"noopener nofollow\" class=\"link link--external\" data-gtm-class=\"article-text-link\" data-gtm-val=\"external\" aria-describedby=\"message-target-blank\">Krone<\/a>\u201c und \u201e<a href=\"https:\/\/kurier.at\/chronik\/steiermark\/graz-dreierschuetzengasse-schule-amoklauf-toter\/403048807\" target=\"_blank\" rel=\"noopener nofollow\" class=\"link link--external\" data-gtm-class=\"article-text-link\" data-gtm-val=\"external\" aria-describedby=\"message-target-blank\">Kurier<\/a>\u201c.<\/p>\n<p class=\"tspBFke\">Zum genauen Ablauf des Amoklaufs gab es zun\u00e4chst von den Ermittlern keine Einzelheiten. Erst soll eine Rekonstruktion der Ereignisse abgewartet werden. So ist noch unklar, ob die t\u00f6dlichen Sch\u00fcsse in Klassen oder am Gang abgefeuert worden sind.<\/p>\n<p class=\"tspUez\">Empfohlener redaktioneller Inhalt<\/p>\n<p> An dieser Stelle finden Sie einen von unseren Redakteuren ausgew\u00e4hlten, externen Inhalt, der den Artikel f\u00fcr Sie mit zus\u00e4tzlichen Informationen anreichert. Sie k\u00f6nnen sich hier den externen Inhalt mit einem Klick anzeigen lassen oder wieder ausblenden. <\/p>\n<p> Externen Inhalt anzeigen <\/p>\n<p class=\"tspUe5\"> Ich bin damit einverstanden, dass mir der externe Inhalt angezeigt wird. Damit k\u00f6nnen personenbezogene Daten an Drittplattformen \u00fcbermittelt werden.  Mehr Informationen dazu erhalten Sie in den Datenschutz-Einstellungen. Diese finden Sie ganz unten auf unserer Seite im Footer, sodass Sie Ihre Einstellungen jederzeit verwalten oder widerrufen k\u00f6nnen. <\/p>\n<p class=\"tspBFke\">Ein Vater schilderte in einem Video des Senders Puls24, was sein Sohn ihm am Telefon erz\u00e4hlt habe, w\u00e4hrend dieser in der Schule gewesen sei. Der Amokl\u00e4ufer habe in einem Klassenzimmer auf Sch\u00fclerinnen und Sch\u00fcler geschossen. Sein Sohn habe berichtet, dass er sich auf den Boden geworfen und tot gestellt habe.<\/p>\n<p class=\"tspBFke\">\u201eIch habe mit eigenen Augen gesehen: drei Kollegen sind get\u00f6tet worden in der Schule\u201c, berichtete der Vater dem Sender, was sein Sohn am Telefon erz\u00e4hlt habe. Er sei unverletzt geblieben.\u00a0<\/p>\n<p class=\"tspBFke\">Sein zweiter Sohn sei erst nicht zu erreichen gewesen, berichtete der Vater, dem mehrfach die Stimme brach. Er habe gro\u00dfe Sorge gehabt. Der Sohn habe sich dann aber aus der Halle gemeldet, in die alle \u00fcberlebenden und nicht verletzten Sch\u00fclerinnen und Sch\u00fcler gebracht worden waren.<\/p>\n<p class=\"tspBFke\">Dutzende Spezialeinheiten waren vor Ort, das Gymnasium wurde evakuiert. Sch\u00fcler und Lehrer wurden zu einem sicheren Treffpunkt geleitet. F\u00fcr die Eltern wurde ein Sammelplatz eingerichtet. Wie ein Sprecher des \u00f6rtlichen Roten Kreuzes der Deutschen Presse-Agentur sagte, waren mehr als 160 Retter im Einsatz. <\/p>\n<p class=\"tspBFke\">Sie seien mit 65 Fahrzeugen anger\u00fcckt. Auch mehrere Rettungshubschrauber waren im Einsatz. Ein spezieller Alarmplan des Landes f\u00fcr die Versorgung zahlreicher Verletzte sei aktiviert worden.\u00a0<\/p>\n<p><img decoding=\"async\" src=\"https:\/\/www.europesays.com\/de\/wp-content\/uploads\/2025\/06\/gro-einsatz-an-schule-in-graz.jpeg\"   alt=\"\" aria-labelledby=\"caption-13828372\" width=\"440\" height=\"330\" loading=\"lazy\" class=\"tspBDkc\"\/> Einsatzkr\u00e4fte stehen in der N\u00e4he des Tatorts. <\/p>\n<p class=\"tspAVir\"> \u00a9 dpa\/APA\/ERWIN SCHERIAU <\/p>\n<p class=\"tspBFke\">Gegen 11.30 Uhr gab die Polizei Entwarnung: \u201eDie Lage ist gesichert. Es wird von keiner weiteren Gefahr ausgegangen\u201c, hie\u00df es auf X. Die Polizei geht von einem Einzelt\u00e4ter aus. <\/p>\n<p class=\"tspBFke\">Die Beh\u00f6rden baten eindringlich darum, keine Videos in den sozialen Netzwerken zu posten, um die Privatsph\u00e4re der Betroffenen zu wahren.<\/p>\n<p> Was ist \u00fcber den Angreifer bekannt? <\/p>\n<p class=\"tspBFke\">Der mutma\u00dfliche T\u00e4ter ist nach Angaben der Polizei ein 21-j\u00e4hriger \u00d6sterreicher aus dem Raum Graz. Es handelt sich um einen ehemaligen Sch\u00fcler des Gymnasiums in der Grazer Dreiersch\u00fctzengasse, der jedoch keinen Abschluss gemacht habe, sagte Innenminister Gerhard Karner (\u00d6VP) am Dienstagnachmittag.<\/p>\n<p class=\"tspBFke\">Einem Bericht der \u201eKronen Zeitung\u201c zufolge soll er sich als Mobbingopfer gesehen und aus Rache gehandelt haben. Die verwendeten Waffen, eine Pistole und eine Schrotflinte, habe er legal besessen.<\/p>\n<p class=\"tspBFke\">Das best\u00e4tigten auch die Beh\u00f6rden. Er habe eine Waffenbesitzkarte gehabt, so der Landespolizeidirektor der Steiermark, Gerald Ortner. Bei einem der Tatorte soll es sich laut \u00f6sterreichischen Medien um seinen fr\u00fcheren Klassenraum handeln.<\/p>\n<p><img decoding=\"async\" src=\"https:\/\/www.europesays.com\/de\/wp-content\/uploads\/2025\/06\/1749577451_969_gro-einsatz-an-schule-in-graz.jpeg\"   alt=\"\" aria-labelledby=\"caption-13828903\" width=\"440\" height=\"330\" loading=\"lazy\" class=\"tspBDkc\"\/> Rettungskr\u00e4fte stehen in der N\u00e4he des Tatorts. <\/p>\n<p class=\"tspAVir\"> \u00a9 dpa\/APA\/ERWIN SCHERIAU <\/p>\n<p class=\"tspBFke\">Laut \u201e<a href=\"https:\/\/www.krone.at\/3808844\" target=\"_blank\" rel=\"noopener nofollow\" class=\"link link--external\" data-gtm-class=\"article-text-link\" data-gtm-val=\"external\" aria-describedby=\"message-target-blank\">Kronen Zeitung<\/a>\u201c sollen die Ermittler bei einer Hausdurchsuchung bei dem 21-J\u00e4hrigen am Nachmittag einen Abschiedsbrief gefunden haben, gesichert ist diese Information aber noch nicht.<\/p>\n<p class=\"tspBFke\">Der T\u00e4ter war \u00fcbereinstimmenden Berichten zufolge zuvor nicht beh\u00f6rdlich bekannt gewesen.  <\/p>\n<p> Wie viele Menschen sind betroffen? <\/p>\n<p class=\"tspBFke\">Zw\u00f6lf Menschen waren nach dem Amoklauf teils schwer verletzt worden, zwei befanden sich in kritischem Zustand. Mittlerweile ist eine dieser Personen im Krankenhaus ihren Verletzungen erlegen. Sechs der neun unmittelbar Get\u00f6teten waren laut Innenminister Gerhard Karner weiblich, drei m\u00e4nnlich.<\/p>\n<p class=\"tspBFke\">\u00d6sterreich wird der Opfer nun mit einer dreit\u00e4gigen Staatstrauer gedenken. Am Mittwoch soll es eine landesweite Schweigeminute geben. Die Flaggen an Pr\u00e4sidentschaftskanzlei und Bundeskanzleramt sowie an anderen offiziellen Geb\u00e4uden werden auf halbmast gesetzt<\/p>\n<p> Wie reagiert die Politik? <\/p>\n<p class=\"tspBFke\">\u201eDer Amoklauf an einer Schule in Graz ist eine nationale Trag\u00f6die, die unser gesamtes Land tief ersch\u00fcttert\u201c, schrieb Bundeskanzler Stocker auf X. \u201eDurch diese unfassbare Tat wurden Jugendliche pl\u00f6tzlich aus dem Leben gerissen, das sie noch vor sich hatten.\u201c Es gebe keine Worte f\u00fcr den Schmerz und die Trauer.<\/p>\n<p class=\"tspBFke\">\u201eWas heute passiert ist, trifft uns alle \u2013 als Menschen, als Eltern, als Gesellschaft\u201c, betonte Stocker. Schule sei ein Ort des Vertrauens, der Geborgenheit, der Hoffnung. Dieser sichere Raum sei \u201ebrutal ersch\u00fcttert\u201c worden. Auf m\u00f6gliche politische Konsequenzen ging der Bundeskanzler zun\u00e4chst nicht ein: \u201eHeute geht es vor allem um Mitgef\u00fchl.\u201c<\/p>\n<p class=\"tspUez\">Empfohlener redaktioneller Inhalt<\/p>\n<p> An dieser Stelle finden Sie einen von unseren Redakteuren ausgew\u00e4hlten, externen Inhalt, der den Artikel f\u00fcr Sie mit zus\u00e4tzlichen Informationen anreichert. Sie k\u00f6nnen sich hier den externen Inhalt mit einem Klick anzeigen lassen oder wieder ausblenden. <\/p>\n<p> Externen Inhalt anzeigen <\/p>\n<p class=\"tspUe5\"> Ich bin damit einverstanden, dass mir der externe Inhalt angezeigt wird. Damit k\u00f6nnen personenbezogene Daten an Drittplattformen \u00fcbermittelt werden.  Mehr Informationen dazu erhalten Sie in den Datenschutz-Einstellungen. Diese finden Sie ganz unten auf unserer Seite im Footer, sodass Sie Ihre Einstellungen jederzeit verwalten oder widerrufen k\u00f6nnen. <\/p>\n<p class=\"tspBFke\">Stocker war wie Innenminister Karner am Tatort, um sich ein Bild von der Lage zu machen. Das best\u00e4tigte eine Sprecherin des Kanzleramts der Deutschen Presse-Agentur. Auch der Ministerpr\u00e4sident der Steiermark Mario Kunasek (FP\u00d6) hat seine Termine abgesagt und ist dorthin unterwegs.<\/p>\n<p><img decoding=\"async\" src=\"https:\/\/www.europesays.com\/de\/wp-content\/uploads\/2025\/06\/1749577451_230_gro-einsatz-an-schule-in-graz.jpeg\"   alt=\"\" aria-labelledby=\"caption-13832065\" width=\"440\" height=\"330\" loading=\"lazy\" class=\"tspBDkc\"\/> \u00d6sterreichs Innenminister Gerhard Karner (links) und \u00d6sterreichs Bundeskanzler Christian Stocker (rechts) geben eine Pressekonferenz.  <\/p>\n<p class=\"tspAVir\"> \u00a9 dpa\/ERWIN SCHERIAU <\/p>\n<p class=\"tspBFke\">\u00d6sterreichs Staatsoberhaupt Alexander Van der Bellen zeigte sich tief ersch\u00fcttert. \u201eDieser Horror ist nicht in Worte zufassen\u201c, schrieb der Bundespr\u00e4sident auf X. Es gebe in diesem Moment nichts, was in diesem Moment den Schmerz von Eltern und Gro\u00dfeltern, von Geschwistern, Freunden und Freundinnen lindern k\u00f6nne. \u201e\u00d6sterreich trauert.\u201c\u00a0<\/p>\n<p class=\"tspBFke\">Jetzt sei Zusammenhalt geboten. \u201eHeute und in den schweren Tagen, die kommen, wird unser Land zeigen, dass in diesem Miteinander seine St\u00e4rke liegt\u201c, so Van der Bellen weiter.\u00a0<\/p>\n<p> Auch Steinmeier und Merz zeigen sich betroffen <\/p>\n<p class=\"tspBFke\">Bundespr\u00e4sident Frank-Walter Steinmeier hat sich entsetzt \u00fcber den t\u00f6dlichen Angriff in einer Schule in \u00d6sterreich gezeigt. \u201eMit gro\u00dfer Best\u00fcrzung und tiefer Trauer habe ich von der Gewalttat in Graz erfahren, bei der so viele unschuldige Menschen ihr Leben verloren haben\u201c, erkl\u00e4rte Steinmeier am Dienstag. <\/p>\n<p class=\"tspBFke\">Er sprach dem \u00f6sterreichischen Bundespr\u00e4sidenten Alexander Van der Bellen im Namen aller Deutschen seine \u201eaufrichtige Anteilnahme\u201c aus und w\u00fcnschte den Verletzten \u201eeine rasche und vollst\u00e4ndige Genesung\u201c.<\/p>\n<p class=\"tspBFke\">Auch Kanzler Friedrich Merz (CDU) zeigte sich betroffen. \u201eMit gro\u00dfer Best\u00fcrzung habe ich die Nachrichten aus Graz vernommen\u201c, schrieb er in einem Kondolenztelegramm an den \u00f6sterreichischen Bundeskanzler Christian Stocker. \u201eEs ersch\u00fcttert mich zutiefst, dass junge Menschen so j\u00e4h aus dem Leben gerissen wurden.\u201c <\/p>\n<p class=\"tspBFke\">Merz sprach den Familien der Opfer seine Anteilnahme aus. \u201eWir teilen ihren Schmerz und ihre Trauer\u201c, erkl\u00e4rte er. \u201eDen Verletzten w\u00fcnschen wir rasche und m\u00f6glichst vollst\u00e4ndige Genesung.\u201c<\/p>\n<p> Lesen Sie auch <a href=\"https:\/\/www.tagesspiegel.de\/internationales\/es-ware-eine-grossartige-sache-trump-befurwortet-festnahme-von-kaliforniens-gouverneur-newsom-13826245.html?icid=topic-list_13827466___\" data-gtm-class=\"article-mzt-link\" class=\"tspCJn1\" rel=\"nofollow noopener\" target=\"_blank\">\u201eEs w\u00e4re eine gro\u00dfartige Sache\u201c Trump bef\u00fcrwortet m\u00f6gliche Festnahme von Kaliforniens Gouverneur Newsom <\/a><a href=\"https:\/\/www.tagesspiegel.de\/politik\/nachfolgerin-warken-streicht-sondererlaubnis-lauterbach-darf-kein-tischtennis-mehr-im-ministeriumskeller-spielen-13826272.html?icid=topic-list_13827466___\" data-gtm-class=\"article-mzt-link\" class=\"tspCJn1\" rel=\"nofollow noopener\" target=\"_blank\">Nachfolgerin Warken streicht Sondererlaubnis Lauterbach darf kein Tischtennis mehr im Ministeriumskeller spielen <\/a><a href=\"https:\/\/www.tagesspiegel.de\/gesellschaft\/panorama\/kurz-nach-dem-start-flugzeug-mit-20-menschen-an-bord-in-den-usa-abgesturzt-13823095.html?icid=topic-list_13827466___\" data-gtm-class=\"article-mzt-link\" class=\"tspCJn1\" rel=\"nofollow noopener\" target=\"_blank\">Kurz nach dem Start Flugzeug mit 20 Menschen an Bord in den USA abgest\u00fcrzt <\/a><\/p>\n<p class=\"tspBFke\">Die EU-Kommission sprach ebenfalls ihr Beileid aus: \u201eWir m\u00f6chten den Familien der Opfer und der ganzen Stadt Graz unser tiefstes Beileid aussprechen\u201c, sagte eine Kommissionssprecherin in Br\u00fcssel. \u201eWir stehen gemeinsam in Trauer und suchen nach Klarheit nach diesem schrecklichen Ereignis in einer Schule.\u201c Es seien \u201eabsolut schreckliche und tragische Nachrichten\u201c. (Tsp mit Agenturen)<\/p>\n<p class=\"tspBFke\">Der Artikel wird laufend aktualisiert.<\/p>\n<p> Haben Sie Suizidgedanken? <\/p>\n<p class=\"tspBFke\">Wenn es Ihnen nicht gut geht oder Sie daran denken, sich das Leben zu nehmen, versuchen Sie, mit anderen Menschen dar\u00fcber zu sprechen. Das k\u00f6nnen Freunde oder Verwandte sein. Es gibt aber auch eine <strong>Vielzahl von Hilfsangeboten<\/strong>, die Sie nutzen k\u00f6nnen.<\/p>\n<p class=\"tspBFke\">Der <strong>Berliner Krisendienst<\/strong> ist anonym, kostenlos und rund um die Uhr erreichbar. Die Telefonnummern variieren nach Bezirk, <a href=\"https:\/\/www.berliner-krisendienst.de\/\" target=\"_blank\" rel=\"noopener nofollow\" class=\"link link--external\" data-gtm-class=\"article-text-link\" data-gtm-val=\"external\" aria-describedby=\"message-target-blank\">die richtige Durchwahl f\u00fcr Ihren Bezirk finden Sie hier<\/a>. <\/p>\n<p class=\"tspBFke\">Die <strong>Telefonseelsorge<\/strong> ist Tag und Nacht unter der Telefonnummer 0800 1110111 erreichbar. Zudem gibt es das Angebot eines Hilfe-Chats und die M\u00f6glichkeit einer E-Mail-Beratung. Die Anmeldung erfolgt \u2013 ebenfalls anonym und kostenlos \u2013 auf der Webseite: <a href=\"https:\/\/www.telefonseelsorge.de\/\" target=\"_blank\" rel=\"noopener nofollow\" class=\"link link--external\" data-gtm-class=\"article-text-link\" data-gtm-val=\"external\" aria-describedby=\"message-target-blank\">www.telefonseelsorge.de<\/a>. <\/p>\n<p class=\"tspBFke\">Aufkl\u00e4rung und Informationen zum Thema Suizidpr\u00e4vention, die sich <strong>vor allem an Kinder und junge Erwachsene<\/strong> wenden, bietet der <a href=\"https:\/\/www.frnd.de\/\" target=\"_blank\" rel=\"noopener nofollow\" class=\"link link--external\" data-gtm-class=\"article-text-link\" data-gtm-val=\"external\" aria-describedby=\"message-target-blank\">Verein Freunde f\u00fcrs Leben<\/a>. <\/p>\n","protected":false},"excerpt":{"rendered":"Nach dem Amoklauf an einer Schule im \u00f6sterreichischen Graz ist die Zahl der Todesopfer am Dienstagabend auf elf&hellip;\n","protected":false},"author":2,"featured_media":179888,"comment_status":"","ping_status":"","sticky":false,"template":"","format":"standard","meta":{"footnotes":""},"categories":[3],"tags":[13,14,15,1433,12,10,8,9,11,103,104],"class_list":{"0":"post-179887","1":"post","2":"type-post","3":"status-publish","4":"format-standard","5":"has-post-thumbnail","7":"category-welt","8":"tag-headlines","9":"tag-nachrichten","10":"tag-news","11":"tag-oesterreich","12":"tag-schlagzeilen","13":"tag-top-news","14":"tag-top-meldungen","15":"tag-topmeldungen","16":"tag-topnews","17":"tag-welt","18":"tag-world"},"share_on_mastodon":{"url":"https:\/\/pubeurope.com\/@de\/114660315344949024","error":""},"_links":{"self":[{"href":"https:\/\/www.europesays.com\/de\/wp-json\/wp\/v2\/posts\/179887","targetHints":{"allow":["GET"]}}],"collection":[{"href":"https:\/\/www.europesays.com\/de\/wp-json\/wp\/v2\/posts"}],"about":[{"href":"https:\/\/www.europesays.com\/de\/wp-json\/wp\/v2\/types\/post"}],"author":[{"embeddable":true,"href":"https:\/\/www.europesays.com\/de\/wp-json\/wp\/v2\/users\/2"}],"replies":[{"embeddable":true,"href":"https:\/\/www.europesays.com\/de\/wp-json\/wp\/v2\/comments?post=179887"}],"version-history":[{"count":0,"href":"https:\/\/www.europesays.com\/de\/wp-json\/wp\/v2\/posts\/179887\/revisions"}],"wp:featuredmedia":[{"embeddable":true,"href":"https:\/\/www.europesays.com\/de\/wp-json\/wp\/v2\/media\/179888"}],"wp:attachment":[{"href":"https:\/\/www.europesays.com\/de\/wp-json\/wp\/v2\/media?parent=179887"}],"wp:term":[{"taxonomy":"category","embeddable":true,"href":"https:\/\/www.europesays.com\/de\/wp-json\/wp\/v2\/categories?post=179887"},{"taxonomy":"post_tag","embeddable":true,"href":"https:\/\/www.europesays.com\/de\/wp-json\/wp\/v2\/tags?post=179887"}],"curies":[{"name":"wp","href":"https:\/\/api.w.org\/{rel}","templated":true}]}}