{"id":180001,"date":"2025-06-10T18:42:09","date_gmt":"2025-06-10T18:42:09","guid":{"rendered":"https:\/\/www.europesays.com\/de\/180001\/"},"modified":"2025-06-10T18:42:09","modified_gmt":"2025-06-10T18:42:09","slug":"greuther-fuerth-holt-neuzugang-aus-koeln","status":"publish","type":"post","link":"https:\/\/www.europesays.com\/de\/180001\/","title":{"rendered":"Greuther F\u00fcrth holt Neuzugang aus K\u00f6ln"},"content":{"rendered":"\n<p>Die SpVgg Greuther F\u00fcrth hat f\u00fcr die kommende Saison in der 2. Fu\u00dfball-Bundesliga den luxemburgischen Nationalspieler Mathias Olesen unter Vertrag genommen.<\/p>\n<p>Der 24 Jahre alte defensive Mittelfeldspieler kommt abl\u00f6sefrei vom Bundesliga-Aufsteiger 1. FC K\u00f6ln, f\u00fcr den er in der abgelaufenen Saison 18 Spiele absolvierte und in den drei Spielzeiten davor zu 23 meist kurzen Eins\u00e4tzen in der Bundesliga kam.<\/p>\n<p>Olesen, der bislang 30 L\u00e4nderspiele f\u00fcr Luxemburg bestritt, unterschrieb beim Kleeblatt f\u00fcr zwei Jahre.<\/p>\n<p>&#8222;Mathias steht f\u00fcr ein intensives Spiel, f\u00fcr Leidenschaft. Mit seiner Arbeitermentalit\u00e4t wird er sich in den Dienst der Mannschaft stellen. Er ist ein starker Kommunikator auf dem Platz und wird damit auch Verantwortung \u00fcbernehmen&#8220;, erkl\u00e4rte Trainer Thomas Kleine.<\/p>\n","protected":false},"excerpt":{"rendered":"Die SpVgg Greuther F\u00fcrth hat f\u00fcr die kommende Saison in der 2. Fu\u00dfball-Bundesliga den luxemburgischen Nationalspieler Mathias Olesen&hellip;\n","protected":false},"author":2,"featured_media":180002,"comment_status":"","ping_status":"","sticky":false,"template":"","format":"standard","meta":{"footnotes":""},"categories":[1828],"tags":[623,621,29,347,30,1420,3160,1209,8306,4443],"class_list":{"0":"post-180001","1":"post","2":"type-post","3":"status-publish","4":"format-standard","5":"has-post-thumbnail","7":"category-koeln","8":"tag-1-fc-koeln","9":"tag-2-bundesliga","10":"tag-deutschland","11":"tag-fussball","12":"tag-germany","13":"tag-koeln","14":"tag-mathias-olesen","15":"tag-nordrhein-westfalen","16":"tag-spvgg-greuther-fuerth","17":"tag-transfers-und-geruechte"},"share_on_mastodon":{"url":"https:\/\/pubeurope.com\/@de\/114660543324751702","error":""},"_links":{"self":[{"href":"https:\/\/www.europesays.com\/de\/wp-json\/wp\/v2\/posts\/180001","targetHints":{"allow":["GET"]}}],"collection":[{"href":"https:\/\/www.europesays.com\/de\/wp-json\/wp\/v2\/posts"}],"about":[{"href":"https:\/\/www.europesays.com\/de\/wp-json\/wp\/v2\/types\/post"}],"author":[{"embeddable":true,"href":"https:\/\/www.europesays.com\/de\/wp-json\/wp\/v2\/users\/2"}],"replies":[{"embeddable":true,"href":"https:\/\/www.europesays.com\/de\/wp-json\/wp\/v2\/comments?post=180001"}],"version-history":[{"count":0,"href":"https:\/\/www.europesays.com\/de\/wp-json\/wp\/v2\/posts\/180001\/revisions"}],"wp:featuredmedia":[{"embeddable":true,"href":"https:\/\/www.europesays.com\/de\/wp-json\/wp\/v2\/media\/180002"}],"wp:attachment":[{"href":"https:\/\/www.europesays.com\/de\/wp-json\/wp\/v2\/media?parent=180001"}],"wp:term":[{"taxonomy":"category","embeddable":true,"href":"https:\/\/www.europesays.com\/de\/wp-json\/wp\/v2\/categories?post=180001"},{"taxonomy":"post_tag","embeddable":true,"href":"https:\/\/www.europesays.com\/de\/wp-json\/wp\/v2\/tags?post=180001"}],"curies":[{"name":"wp","href":"https:\/\/api.w.org\/{rel}","templated":true}]}}