{"id":180011,"date":"2025-06-10T18:48:10","date_gmt":"2025-06-10T18:48:10","guid":{"rendered":"https:\/\/www.europesays.com\/de\/180011\/"},"modified":"2025-06-10T18:48:10","modified_gmt":"2025-06-10T18:48:10","slug":"ulf-poschardt-bei-buchvorstellung-beleidigt","status":"publish","type":"post","link":"https:\/\/www.europesays.com\/de\/180011\/","title":{"rendered":"Ulf Poschardt bei Buchvorstellung beleidigt"},"content":{"rendered":"<p class=\"article_paragraph__hXYKJ\">Ulf <a href=\"https:\/\/www.berliner-zeitung.de\/news\/ulf-poschardt-bezeichnet-heidi-reichinnek-als-ranzig-so-kontert-sie-auf-instagram-li.2329856\" rel=\"nofollow noopener\" target=\"_blank\">Poschardt<\/a> ist bei einem B\u00fchnenauftritt in Wien offenbar ausgebuht worden. D<a href=\"https:\/\/www.berliner-zeitung.de\/politik-gesellschaft\/ulf-poschardt-der-gesunde-menschenverstand-ist-aus-der-linken-vertrieben-worden-li.2325564\" rel=\"nofollow noopener\" target=\"_blank\">er Welt-Herausgeber<\/a>\u00a0wollte sein neues Buch \u201eShitb\u00fcrgertum\u201c\u00a0im Theater Akzent\u00a0vorstellen und ebenso \u00fcber Cancel Culture sprechen, berichtet das Medienportal Newsroom.\u00a0<\/p>\n<p>Doch der 58-J\u00e4hrige musste seine Rede abbrechen und sprach stattdessen \u00fcber die Israelischen Defense Force (IDF). \u201eDiese Rede widme ich der IDF, weil sie den Antisemitismus mit Waffengewalt bek\u00e4mpfen muss, der auch im deutschen Kulturbetrieb sein Unwesen treibt\u201c, wird\u00a0Poschardt zitiert. <\/p>\n<p>In den Zuschauerr\u00e4ngen soll dies nicht fl\u00e4chendeckend auf Zustimmung gesto\u00dfen sein. Es sollen Beleidigungen wie etwa \u201egenozidales Schwein\u201c gefallen sein und auch Buhrufe sollen ert\u00f6nt sein. Vorangegangen war eine Auseinandersetzung mit seinem Vorredner, Festwochen-Intendant <a href=\"https:\/\/www.berliner-zeitung.de\/topics\/milo-rau\" rel=\"nofollow noopener\" target=\"_blank\">Milo Rau<\/a>, der Israels Politik kritisch sah. Poschardt kommentierte dies mit \u201eBenjamin Netanjahu ist mir n\u00e4her als Milo Rau\u201c.<\/p>\n","protected":false},"excerpt":{"rendered":"Ulf Poschardt ist bei einem B\u00fchnenauftritt in Wien offenbar ausgebuht worden. Der Welt-Herausgeber\u00a0wollte sein neues Buch \u201eShitb\u00fcrgertum\u201c\u00a0im Theater&hellip;\n","protected":false},"author":2,"featured_media":180012,"comment_status":"","ping_status":"","sticky":false,"template":"","format":"standard","meta":{"footnotes":""},"categories":[1825],"tags":[1941,1939,296,1937,29,30,1940,1938],"class_list":{"0":"post-180011","1":"post","2":"type-post","3":"status-publish","4":"format-standard","5":"has-post-thumbnail","7":"category-berlin","8":"tag-aktuelle-nachrichten-aus-berlin","9":"tag-aktuelle-news-aus-berlin","10":"tag-berlin","11":"tag-berlin-news","12":"tag-deutschland","13":"tag-germany","14":"tag-nachrichten-aus-berlin","15":"tag-news-aus-berlin"},"share_on_mastodon":{"url":"https:\/\/pubeurope.com\/@de\/114660566985044468","error":""},"_links":{"self":[{"href":"https:\/\/www.europesays.com\/de\/wp-json\/wp\/v2\/posts\/180011","targetHints":{"allow":["GET"]}}],"collection":[{"href":"https:\/\/www.europesays.com\/de\/wp-json\/wp\/v2\/posts"}],"about":[{"href":"https:\/\/www.europesays.com\/de\/wp-json\/wp\/v2\/types\/post"}],"author":[{"embeddable":true,"href":"https:\/\/www.europesays.com\/de\/wp-json\/wp\/v2\/users\/2"}],"replies":[{"embeddable":true,"href":"https:\/\/www.europesays.com\/de\/wp-json\/wp\/v2\/comments?post=180011"}],"version-history":[{"count":0,"href":"https:\/\/www.europesays.com\/de\/wp-json\/wp\/v2\/posts\/180011\/revisions"}],"wp:featuredmedia":[{"embeddable":true,"href":"https:\/\/www.europesays.com\/de\/wp-json\/wp\/v2\/media\/180012"}],"wp:attachment":[{"href":"https:\/\/www.europesays.com\/de\/wp-json\/wp\/v2\/media?parent=180011"}],"wp:term":[{"taxonomy":"category","embeddable":true,"href":"https:\/\/www.europesays.com\/de\/wp-json\/wp\/v2\/categories?post=180011"},{"taxonomy":"post_tag","embeddable":true,"href":"https:\/\/www.europesays.com\/de\/wp-json\/wp\/v2\/tags?post=180011"}],"curies":[{"name":"wp","href":"https:\/\/api.w.org\/{rel}","templated":true}]}}