{"id":180026,"date":"2025-06-10T18:56:11","date_gmt":"2025-06-10T18:56:11","guid":{"rendered":"https:\/\/www.europesays.com\/de\/180026\/"},"modified":"2025-06-10T18:56:11","modified_gmt":"2025-06-10T18:56:11","slug":"brennpunkt-amoklauf-in-schule-tragoedie-in-oesterreich-im-tv-sendung-tv-spielfilm","status":"publish","type":"post","link":"https:\/\/www.europesays.com\/de\/180026\/","title":{"rendered":"Brennpunkt: Amoklauf in Schule \u2013 Trag\u00f6die in \u00d6sterreich im TV &#8211; Sendung &#8211; TV Spielfilm"},"content":{"rendered":"<ol>\n<li><a href=\"https:\/\/news.google.com\/rss\/articles\/CBMiywFBVV95cUxQTG52NHRSMl9kQkdMaXhRSUd4ZU0tZGRDN0hialh0WmFxUVFxekZIYVhXeEltV0lrekF6eTNZejdvOExHYlY4R3BCVHBIU0hJV3pFNUpuS3VxTkRxaWtIQjZxaVhqa2U4QWJRUTJVb3ZoMWd0THAxVTM4RjA3ZkFEektuN0RSeWJudWVIS3ZCNGhtX3N0WkxDcFNQNUZDVjVFUXJRNjR1QTFOS1RYQS1ORG4wUXRSRlEwem5zS0R4cEFVWTVraTdJejU5WQ?oc=5\" target=\"_blank\" rel=\"noopener\">Brennpunkt: Amoklauf in Schule \u2013 Trag\u00f6die in \u00d6sterreich im TV &#8211; Sendung<\/a>&nbsp;&nbsp;TV Spielfilm<\/li>\n<li><a href=\"https:\/\/news.google.com\/rss\/articles\/CBMisAFBVV95cUxNNHNJOGZXRXRsSGpxUUxLQlRWVno5RjFzX3JraHZpUEttYUxDa2t5eUtyVk9HZmxfeExhVmx2Ym1sal81R3F4TlQ4Z3dPY1hsOURxLTdKWVVJTjV6aWZueGJMa3U0WHRMQ3l5bDQtUndiTlVnbi1QMUdJNXAxTmxqV1gxTDNZenl0VXZnbnZGbjlxOGp2UV9lN1VTOFpmNUluZ1pxdHQwR3JDeDBqVmNiTw?oc=5\" target=\"_blank\" rel=\"noopener\">Schul-Amok in \u00d6sterreich: \u201eMama, ich lauf\u2019 um mein Leben!\u201c<\/a>&nbsp;&nbsp;BILD<\/li>\n<li><a href=\"https:\/\/news.google.com\/rss\/articles\/CBMi3AFBVV95cUxOUF9KUU5ieXBZVkVwYlI5T2hwZlRhUnVFZ3FkalNueGdpVVVKSXNlZjFYLTMxRXBwR2pjUmRWUFRqVFBvOGQ3eUs5MW5jNjlIUEZ1aFNRc3RkbnZheXhfa2J5WXowbllqNGZ0ZU1rVHBSTjN2aEVlTThYcWZqb3p1eGZNRGVCYW51LTQ4dHdCS01vNkVvWWNqbS1qZ3BlM1pOWnJqeE9vZGxMYlBQV2hNVmxfWHg4OW14ZGtiZTJWdGRWN3NRYnB6bGFobFpxTk9TSG9NdkNtRnhOd1Fw?oc=5\" target=\"_blank\" rel=\"noopener\">&#8222;Nationale Trag\u00f6die&#8220;: \u00d6sterreich nach Amoklauf in Graz unter Schock<\/a>&nbsp;&nbsp;T-Online<\/li>\n<li><a href=\"https:\/\/news.google.com\/rss\/articles\/CBMisgFBVV95cUxPSXVvRjJmQy1GM3A1bkp4d1c2UklMcmVWXzU3YXlpN3IzNlBLUDRpb0Nad2ptcXNtMXktRDZ2SldXdTBkc0ZGajNJS3FZTFVDZGxvZExMX0NfNnBFczRIaUx5djloYVhZRDhfbVFQTUR6elpkZlVodmNudGJtdUluYW90YllZRGdOUVpvRzc4c3ZITURZLXJDanNhNm5wMEl0MzNNWjJLQTV4bXVzYWVNd0t3?oc=5\" target=\"_blank\" rel=\"noopener\">\u00d6sterreich &#8211; Viele Tote nach Amoktat an Schule in Graz &#8211; Kanzler ordnet Staatstrauer an<\/a>&nbsp;&nbsp;Deutschlandfunk<\/li>\n<li><a href=\"https:\/\/news.google.com\/rss\/articles\/CBMiqwFBVV95cUxPVndFZ29zNUFZUGh2SVZWR1BSRExOVHE0MmliZ2F1eFJzQWpSSmpKbHlEUENLVVhrNkpMbWpIQ19wRWYwNUtlWlFYN0RJaHNyM2lIUzRWQXY1d0ZrWjNmZE1Id0pjZEhybHdhX052RnZZRXo1bE0talg0VUdablN2aF8wSGFiVEozMHEyVnNpSnpsSUlVcWVnVTFBTkhmODNONDNYbkhjTG9hZ00?oc=5\" target=\"_blank\" rel=\"noopener\">(S+) Amoklauf von Graz: 17 Minuten Albtraum<\/a>&nbsp;&nbsp;Spiegel<\/li>\n<\/ol>\n","protected":false},"excerpt":{"rendered":"Brennpunkt: Amoklauf in Schule \u2013 Trag\u00f6die in \u00d6sterreich im TV &#8211; Sendung&nbsp;&nbsp;TV Spielfilm Schul-Amok in \u00d6sterreich: \u201eMama, ich&hellip;\n","protected":false},"author":2,"featured_media":180027,"comment_status":"","ping_status":"","sticky":false,"template":"","format":"standard","meta":{"footnotes":""},"categories":[1773],"tags":[60650,29,214,30,48176,48177,48175,48178,471,1780,215],"class_list":{"0":"post-180026","1":"post","2":"type-post","3":"status-publish","4":"format-standard","5":"has-post-thumbnail","7":"category-serien","8":"tag-brennpunkt-amoklauf-in-schule-tragoedie-in-oesterreich","9":"tag-deutschland","10":"tag-entertainment","11":"tag-germany","12":"tag-im-fernsehen","13":"tag-im-fernsehprogramm","14":"tag-im-tv","15":"tag-im-tv-programm","16":"tag-serien","17":"tag-series","18":"tag-unterhaltung"},"share_on_mastodon":{"url":"https:\/\/pubeurope.com\/@de\/114660598484549864","error":""},"_links":{"self":[{"href":"https:\/\/www.europesays.com\/de\/wp-json\/wp\/v2\/posts\/180026","targetHints":{"allow":["GET"]}}],"collection":[{"href":"https:\/\/www.europesays.com\/de\/wp-json\/wp\/v2\/posts"}],"about":[{"href":"https:\/\/www.europesays.com\/de\/wp-json\/wp\/v2\/types\/post"}],"author":[{"embeddable":true,"href":"https:\/\/www.europesays.com\/de\/wp-json\/wp\/v2\/users\/2"}],"replies":[{"embeddable":true,"href":"https:\/\/www.europesays.com\/de\/wp-json\/wp\/v2\/comments?post=180026"}],"version-history":[{"count":0,"href":"https:\/\/www.europesays.com\/de\/wp-json\/wp\/v2\/posts\/180026\/revisions"}],"wp:featuredmedia":[{"embeddable":true,"href":"https:\/\/www.europesays.com\/de\/wp-json\/wp\/v2\/media\/180027"}],"wp:attachment":[{"href":"https:\/\/www.europesays.com\/de\/wp-json\/wp\/v2\/media?parent=180026"}],"wp:term":[{"taxonomy":"category","embeddable":true,"href":"https:\/\/www.europesays.com\/de\/wp-json\/wp\/v2\/categories?post=180026"},{"taxonomy":"post_tag","embeddable":true,"href":"https:\/\/www.europesays.com\/de\/wp-json\/wp\/v2\/tags?post=180026"}],"curies":[{"name":"wp","href":"https:\/\/api.w.org\/{rel}","templated":true}]}}