{"id":180028,"date":"2025-06-10T18:57:09","date_gmt":"2025-06-10T18:57:09","guid":{"rendered":"https:\/\/www.europesays.com\/de\/180028\/"},"modified":"2025-06-10T18:57:09","modified_gmt":"2025-06-10T18:57:09","slug":"tour-geht-mit-live-saengerersatz-weiter","status":"publish","type":"post","link":"https:\/\/www.europesays.com\/de\/180028\/","title":{"rendered":"Tour geht mit Live-S\u00e4ngerersatz weiter"},"content":{"rendered":"<p>Wie allgemein bekannt ist, mussten <a href=\"https:\/\/www.metal-hammer.de\/artists\/heaven-shall-burn\/\" rel=\"nofollow noopener\" target=\"_blank\">Heaven Shall Burn<\/a> ihren Auftritt bei Rock am Ring 2025 nach einem Song leider abbrechen. \u2018\u00dcbermacht\u2019 z\u00fcndete die Fans sofort an. Doch etwas klang seltsam. S\u00e4nger Marcus Bischoff fasste sich wiederholt an den Hals. Nach dem St\u00fcck wendete sich der Heaven Shall Burn-S\u00e4nger an das Publikum: \u201eDas ist die schwerste Ansage, die man als S\u00e4nger einer Band machen muss\u201c, begann er h\u00f6rbar heiser. Seine Stimme machte dicht \u2013 an eine Fortsetzung des Auftritts war nicht zu denken.<\/p>\n<p>Nach dem Abbruch des Rock am Ring-Konzerts und einem Gesundheits-Check im Krankenhaus meldete sich Heaven Shall Burn-S\u00e4nger Marcus Bischoff mit <a href=\"https:\/\/www.facebook.com\/share\/p\/1DnkiVf4ZP\/?mibextid=wwXIfr\" target=\"_blank\" rel=\"noopener nofollow\">einem Update zu seinen Stimmproblemen<\/a>. Hinter den Kulissen wurde versucht, das Unm\u00f6gliche m\u00f6glich zu machen und kurzfristig einen Ersatz f\u00fcr Bischoff zu finden, damit die Tournee und die geplanten Konzerte stattfinden k\u00f6nnen.<\/p>\n<p>Empfehlungen der Redaktion<\/p>\n<p><strong>Und es hat geklappt, wie Heaven Shall Burn am Dienstag Abend mitteilten:<\/strong><\/p>\n<p>\u201eSo, wir haben einen Plan! Niemand Geringeres als Britta von <a class=\"x1i10hfl xjbqb8w x1ejq31n x18oe1m7 x1sy0etr xstzfhl x972fbf x10w94by x1qhh985 x14e42zd x9f619 x1ypdohk xt0psk2 xe8uvvx xdj266r x14z9mp xat24cr x1lziwak xexx8yu xyri2b x18d9i69 x1c1uobl x16tdsg8 x1hl2dhg xggy1nq x1a2a7pz xkrqix3 x1sur9pj x1fey0fg x1s688f\" tabindex=\"0\" role=\"link\" href=\"https:\/\/l.facebook.com\/l.php?u=https%3A%2F%2Fwww.instagram.com%2F_u%2Fhiraes.official%3Ffbclid%3DIwZXh0bgNhZW0CMTAAAR5T7cTqdxZ4CCcOgJ5UC3IOZIlgnjIx34k5IDkXc6-8pBUamiBlyXSGkIL2IA_aem_nK7b9iF3F0X0h8wbN0Lj6g&amp;h=AT1V8-c62NSUF1mv4bTDL18uok5UWOR9CfZOYDCw8MH1hOppby9WTSNAbg5vanHtZ2Bmd4csaMhWdtoqzxH7O6F8pQKdYe3IlSvkNoMl9nWctitK0AX81FXRKRpA2xtVR-Ajd-ZDbfwpAj4n_w2b&amp;__tn__=-UK-R&amp;c[0]=AT3k968DMvNZ_N72NPHcfCKROT03aloraXNLtdW4nW9anyw5qpn-lqocrTyUX3F9yTFgWe9E-MnCAFNB_AoYvWyqHygowOZS_MlhILmi65dOWSiUcNdKNt_As2g-w66t0lav7kp1rGuA_5YFmBToBOdRjEbn2HmjZ7_M34lh-aeW4Efc20Fco4jnA4LafRkjDA\" target=\"_blank\" rel=\"nofollow noopener noreferrer\">@hiraes.official<\/a> wird mich bei den Shows morgen in Kufstein und am kommenden Wochenende vertreten! Hei\u00dft mir die Frau ordentlich willkommen, zeigt ihr wozu HSB Fans f\u00e4hig sind und macht die Shows zu etwas ganz Besonderem in der Bandgeschichte! Wir freuen uns riesig drauf! Bei mir geht es auch wieder bergauf! Euer Molle und die HSB Jungs!\u201e<\/p>\n<p>An dieser Stelle findest du Inhalte aus Facebook<\/p>\n<p>Um mit Inhalten aus Sozialen Netzwerken zu interagieren oder diese darzustellen, brauchen wir deine Zustimmung.<\/p>\n<p>\tSoziale Netzwerke aktivieren<\/p>\n<p>Britta G\u00f6rtz wurde bekannt als S\u00e4ngerin von <a href=\"https:\/\/www.metal-hammer.de\/artists\/cripper\/\" rel=\"nofollow noopener\" target=\"_blank\">Cripper<\/a>, sp\u00e4ter <a href=\"https:\/\/www.metal-hammer.de\/artists\/critical-mess\/\" rel=\"nofollow noopener\" target=\"_blank\">Critical Mess<\/a> und aktuell <a href=\"https:\/\/www.metal-hammer.de\/artists\/hiraes\/\" rel=\"nofollow noopener\" target=\"_blank\">Hiraes<\/a>. Zudem ist sie Extreme Metal Vocalcoach und veranstaltet regelm\u00e4\u00dfige Workshops, unter anderem \u201eMetal Up Your Voice\u201c, \u201e<a href=\"https:\/\/voicefactoryaugsburg.de\/\" target=\"_blank\" rel=\"noopener nofollow\">Rock Your Voice<\/a>\u201c und das \u201e<a href=\"https:\/\/harsh-vocal-camp.de\/\" target=\"_blank\" rel=\"noopener nofollow\">Harsh Vocal Camp<\/a>\u201e.<\/p>\n<p>Das am 27. Juni erscheinende neue Album HEIMAT wurde im Band-eigenen Studio The Dude Ranch, das Gitarrist Alexander Dietz betreibt, produziert. Wie schon in der Vergangenheit sorgte der d\u00e4nische Produzent Tue Madsen im Mix und Mastering f\u00fcr den Feinschliff. F\u00fcr das Artwork verpflichteten die Th\u00fcringer erneut den renommierten K\u00fcnstler Eliran Kantor.<\/p>\n<p><img fetchpriority=\"high\" decoding=\"async\" class=\"size-large wp-image-2412901 aligncenter\" src=\"https:\/\/www.europesays.com\/de\/wp-content\/uploads\/2025\/06\/heimat-1024x1024.jpg\" alt=\"\" width=\"1024\" height=\"1024\"  \/><\/p>\n<p>\u2014<br \/>Bestens informiert \u00fcber dieses und alle weiteren wichtigen Themen im Metal bleibt ihr au\u00dferdem mit unserem Newsletter. Einmal pro Woche flattert euch \u00fcbersichtlich sortiert ein Update ins Postfach. <a href=\"https:\/\/www.metal-hammer.de\/news\/newsletter\/\" target=\"_blank\" rel=\"noopener noreferrer nofollow\"><strong>Einfach anmelden<\/strong><\/a>, damit euch auch sicher nichts entgeht.<\/p>\n<p>\t\t\t\t\t<script async src=\"\/\/www.instagram.com\/embed.js\"><\/script><\/p>\n","protected":false},"excerpt":{"rendered":"Wie allgemein bekannt ist, mussten Heaven Shall Burn ihren Auftritt bei Rock am Ring 2025 nach einem Song&hellip;\n","protected":false},"author":2,"featured_media":180029,"comment_status":"","ping_status":"","sticky":false,"template":"","format":"standard","meta":{"footnotes":""},"categories":[1772],"tags":[29737,60651,29,214,30,33945,60652,60653,59543,1779,810,3972,2270,215],"class_list":{"0":"post-180028","1":"post","2":"type-post","3":"status-publish","4":"format-standard","5":"has-post-thumbnail","7":"category-musik","8":"tag-ersatz","9":"tag-britta-goertz","10":"tag-deutschland","11":"tag-entertainment","12":"tag-germany","13":"tag-heaven-shall-burn","14":"tag-hiraes","15":"tag-live-saenger","16":"tag-marcus-bischoff","17":"tag-music","18":"tag-musik","19":"tag-rock-am-ring","20":"tag-saenger","21":"tag-unterhaltung"},"share_on_mastodon":{"url":"https:\/\/pubeurope.com\/@de\/114660602324593765","error":""},"_links":{"self":[{"href":"https:\/\/www.europesays.com\/de\/wp-json\/wp\/v2\/posts\/180028","targetHints":{"allow":["GET"]}}],"collection":[{"href":"https:\/\/www.europesays.com\/de\/wp-json\/wp\/v2\/posts"}],"about":[{"href":"https:\/\/www.europesays.com\/de\/wp-json\/wp\/v2\/types\/post"}],"author":[{"embeddable":true,"href":"https:\/\/www.europesays.com\/de\/wp-json\/wp\/v2\/users\/2"}],"replies":[{"embeddable":true,"href":"https:\/\/www.europesays.com\/de\/wp-json\/wp\/v2\/comments?post=180028"}],"version-history":[{"count":0,"href":"https:\/\/www.europesays.com\/de\/wp-json\/wp\/v2\/posts\/180028\/revisions"}],"wp:featuredmedia":[{"embeddable":true,"href":"https:\/\/www.europesays.com\/de\/wp-json\/wp\/v2\/media\/180029"}],"wp:attachment":[{"href":"https:\/\/www.europesays.com\/de\/wp-json\/wp\/v2\/media?parent=180028"}],"wp:term":[{"taxonomy":"category","embeddable":true,"href":"https:\/\/www.europesays.com\/de\/wp-json\/wp\/v2\/categories?post=180028"},{"taxonomy":"post_tag","embeddable":true,"href":"https:\/\/www.europesays.com\/de\/wp-json\/wp\/v2\/tags?post=180028"}],"curies":[{"name":"wp","href":"https:\/\/api.w.org\/{rel}","templated":true}]}}