{"id":180037,"date":"2025-06-10T19:02:31","date_gmt":"2025-06-10T19:02:31","guid":{"rendered":"https:\/\/www.europesays.com\/de\/180037\/"},"modified":"2025-06-10T19:02:31","modified_gmt":"2025-06-10T19:02:31","slug":"apple-report-wwdc-2025-ios-26-macos-26-ipados-26","status":"publish","type":"post","link":"https:\/\/www.europesays.com\/de\/180037\/","title":{"rendered":"Apple Report: WWDC 2025 &#8211; iOS 26, macOS 26, iPadOS 26"},"content":{"rendered":"<p>                            Was bieten macOS, iOS und iPadOS 26?<\/p>\n<p>10. Juni 2025<\/p>\n<p>                    <a href=\"https:\/\/www.europesays.com\/de\/wp-content\/uploads\/2025\/06\/apple-wwdc-2025-macos-26-ios26-ipados-26-aufmacher.jpg\"><img fetchpriority=\"high\" decoding=\"async\" aria-describedby=\"caption-attachment-661312\" class=\"wp-image-661312 size-full\" src=\"https:\/\/www.europesays.com\/de\/wp-content\/uploads\/2025\/06\/apple-wwdc-2025-macos-26-ios26-ipados-26-aufmacher.jpg\" alt=\"apple wwdc 2025 macos 26 ios26 ipadOS 26 \" width=\"1459\" height=\"917\"  \/><\/a><\/p>\n<p id=\"caption-attachment-661312\" class=\"wp-caption-text\">Apple Report: WWDC 2025 \u2013 iOS 26, macOS 26, iPadOS 26<\/p>\n<p>Am 9. Juni 2025 hat Apple die gr\u00f6\u00dfte Design\u00e4nderung ihrer Betriebsysteme seit 2013 vorgestellt und man folgt in der Versionsnummer nun dem aktuellen Trend der Jahreszahlen. Aber nicht nur das Oberfl\u00e4chendesign der Betriebssysteme wird vereinheitlicht, auch unter der Haube werden die Wege f\u00fcr mehr ger\u00e4te\u00fcbergreifende Funktionen und bessere Integration von Diensten wie Apple Intelligence bereitgestellt.<\/p>\n<p>Das r\u00fcckt die OS-Versionen noch n\u00e4her zusammen, nicht nur mit dem neuen Liquid Glass-Design. Hier das Beste der WWDC 2025 und die wichtigsten Informationen zu iOS 26, macOS 26 Tahoe und iPadOS 26.<\/p>\n<p><a href=\"https:\/\/www.amazona.de\/wp-content\/uploads\/2030\/01\/apple-wwdc-2025-ios-26-39-liquid-glass.jpg\" rel=\"nofollow noopener\" target=\"_blank\"><img loading=\"lazy\" decoding=\"async\" aria-describedby=\"caption-attachment-661230\" class=\"size-large wp-image-661230\" src=\"https:\/\/www.europesays.com\/de\/wp-content\/uploads\/2025\/06\/apple-wwdc-2025-ios-26-39-liquid-glass-730x411.jpg\" alt=\"\" width=\"730\" height=\"411\"  \/><\/a><\/p>\n<p id=\"caption-attachment-661230\" class=\"wp-caption-text\">Liquid Glass<\/p>\n<p>Apple Intelligence<\/p>\n<p>Apple Intelligence ist nat\u00fcrlich das gro\u00dfe Schlagwort dieser Zeit und gegen\u00fcber den meisten \u201eVorspiegelung falscher Tatsachen\u201c-Spielchen die einem unter \u201eK\u00fcnstliche Intelligenz\u201c verkauft werden, beginnen hier langsam ausnahmsweise mal ein paar n\u00fctzliche Funktionen f\u00fcr die AnwenderInnen herum zu kommen.<\/p>\n<p><a href=\"https:\/\/www.amazona.de\/wp-content\/uploads\/2030\/01\/apple-wwdc-2025-ios-26-9-ai.jpg\" rel=\"nofollow noopener\" target=\"_blank\"><img loading=\"lazy\" decoding=\"async\" aria-describedby=\"caption-attachment-661229\" class=\"size-large wp-image-661229\" src=\"https:\/\/www.europesays.com\/de\/wp-content\/uploads\/2025\/06\/apple-wwdc-2025-ios-26-9-ai-730x411.jpg\" alt=\"\" width=\"730\" height=\"411\"  \/><\/a><\/p>\n<p id=\"caption-attachment-661229\" class=\"wp-caption-text\">Apple Intelligence<\/p>\n<p>Zun\u00e4chst einmal ist es m\u00f6glich, dass die KI, nein, die <strong>AI<\/strong> \u201eOn-Device\u201c arbeitet, also auf dem Ger\u00e4t selber, wo die Neuronalen Kerne ganz spezifisch zum Einsatz kommen. Das kennen wir ja schon l\u00e4nger.<\/p>\n<p>Die n\u00e4chste Stufe w\u00e4re dann Private Cloud Computing, was nat\u00fcrlich eine Internetverbindung ben\u00f6tigt. Dort erfolgt der verschl\u00fcsselte Datenaustausch mit den Apple-Servern auf eine Weise, dass die Nutzeranfragen und die erzeugten Ergebnisse von niemandem eingesehen werden k\u00f6nnen, nicht mal von Apple. Oder es kann wahlweise ChatGPT benutzt werden. Die letzteren beiden Optionen sind dann wohl auch kostenpflichtig.<\/p>\n<p>WWDC 2025: Apple iOS 26<\/p>\n<p>Bei iOS macht sich Apple Intelligence mit der Integration sogenannter Large-Language-Modelle, also KI-Systeme, die \u00fcber Texteingabe in nat\u00fcrlicher Sprache Aufgaben erledigen k\u00f6nnen und neue Inhalte aus den Medien erzeugen k\u00f6nnen, die auf dem Ger\u00e4t gespeichert sind, bemerkbar.<\/p>\n<p>So ist z.B. On-Device das Suchen von Bildern und Videos oder das Erstellen von Erinnerungsvideos \u00fcber text-\/sprachliche Beschreibungen m\u00f6glich. Auch aus umfassenden Notizen lassen sich (mit der entsprechenden App) Frageb\u00f6gen erstellen (Zusammenfassung ist im OS schon enthalten).<\/p>\n<p>iOS 26: Visual Intelligence<br \/>\n<a href=\"https:\/\/www.amazona.de\/wp-content\/uploads\/2030\/01\/apple-wwdc-2025-ios-26-131-vi-create-event.jpg\" rel=\"nofollow noopener\" target=\"_blank\"><img loading=\"lazy\" decoding=\"async\" aria-describedby=\"caption-attachment-661240\" class=\"size-large wp-image-661240\" src=\"https:\/\/www.europesays.com\/de\/wp-content\/uploads\/2025\/06\/apple-wwdc-2025-ios-26-131-vi-create-event-730x411.jpg\" alt=\"VI - Termin erzeugen\" width=\"730\" height=\"411\"  \/><\/a><\/p>\n<p id=\"caption-attachment-661240\" class=\"wp-caption-text\">VI \u2013 Termin erzeugen<\/p>\n<p>Mit Visual Intelligence k\u00f6nnen aus lokalen Bildern vergleichbare Inhalte im Internet gesucht werden.<br \/>Also z.B. eine gute Hilfe f\u00fcr Gear-Spotter die gerne wissen m\u00f6chten, welcher elektronische Krachmacher da gerade von jemandem benutzt wird, oder wieviel er kostet oder in welchen Songs er noch benutzt wurde.<\/p>\n<p>Auch aus einem Bilder eines Konzertplakats etc. l\u00e4sst sich ein Termineintrag mit Ort und Datum erzeugen und gleich nach Karten suchen. Das k\u00f6nnte sicher bei einigen ein ziemliches Impulskaufverhalten ausl\u00f6sen, aber zumindest muss immer noch selbst aktiv danach suchen.<\/p>\n<p><a href=\"https:\/\/www.amazona.de\/wp-content\/uploads\/2030\/01\/apple-wwdc-2025-ios-26-132vi-identify.jpg\" rel=\"nofollow noopener\" target=\"_blank\"><img loading=\"lazy\" decoding=\"async\" aria-describedby=\"caption-attachment-661241\" class=\"size-large wp-image-661241\" src=\"https:\/\/www.europesays.com\/de\/wp-content\/uploads\/2025\/06\/apple-wwdc-2025-ios-26-132vi-identify-730x411.jpg\" alt=\"VI - Identifizieren\" width=\"730\" height=\"411\"  \/><\/a><\/p>\n<p id=\"caption-attachment-661241\" class=\"wp-caption-text\">VI \u2013 Identifizieren<\/p>\n<p>iOS 26: Anrufe und Messages<br \/>\n<a href=\"https:\/\/www.amazona.de\/wp-content\/uploads\/2030\/01\/apple-wwdc-2025-ios-26-74-spam-risk.jpg\" rel=\"nofollow noopener\" target=\"_blank\"><img loading=\"lazy\" decoding=\"async\" aria-describedby=\"caption-attachment-661232\" class=\"size-large wp-image-661232\" src=\"https:\/\/www.europesays.com\/de\/wp-content\/uploads\/2025\/06\/apple-wwdc-2025-ios-26-74-spam-risk-730x411.jpg\" alt=\"keine Kaltaqusitionen mehr!\" width=\"730\" height=\"411\"  \/><\/a><\/p>\n<p id=\"caption-attachment-661232\" class=\"wp-caption-text\">Keine Kaltakquise mehr!<\/p>\n<p>Das iPhone bekommt aber noch andere n\u00fctzliche Funktion in der Phone- und Messenger App spendiert.<br \/>So lassen sich unbekannte bzw. unerw\u00fcnschte Anrufe blocken, wenn sie weder Rufnummer, noch eine Mailboxnachricht hinterlassen haben. Das iPhone kann dann vor solchen Anrufen warnen.<\/p>\n<p>Auch eine Funktion, die vielen Menschen das Leben leichter machen wird, ist das Erkennen von Warteschleifen. Ist man z.B. in einer Support-Warteschleife und wartet darauf mit einem menschlichen Kundendienstkontakt verbunden zu werden, kann man das iPhone weglegen und es ruft einen dann zur\u00fcck, wenn der Anruf schlie\u00dflich zu einem Menschen durchgedrungen ist. Das nennt sich dann Hold-Assist.<\/p>\n<p><a href=\"https:\/\/www.amazona.de\/wp-content\/uploads\/2030\/01\/apple-wwdc-2025-ios-26-79-hold-assist.jpg\" rel=\"nofollow noopener\" target=\"_blank\"><img loading=\"lazy\" decoding=\"async\" aria-describedby=\"caption-attachment-661234\" class=\"size-large wp-image-661234\" src=\"https:\/\/www.europesays.com\/de\/wp-content\/uploads\/2025\/06\/apple-wwdc-2025-ios-26-79-hold-assist-730x411.jpg\" alt=\"\" width=\"730\" height=\"411\"  \/><\/a><\/p>\n<p id=\"caption-attachment-661234\" class=\"wp-caption-text\">Keine Warteschleifen mehr!<\/p>\n<p>In Messages k\u00f6nnen im Gruppen-Chat nun Abstimmungen und Zahlungen vorgenommen werden.<\/p>\n<p><a href=\"https:\/\/www.amazona.de\/wp-content\/uploads\/2030\/01\/apple-wwdc-2025-ios-26-83-groudchat-polls.jpg\" rel=\"nofollow noopener\" target=\"_blank\"><img loading=\"lazy\" decoding=\"async\" aria-describedby=\"caption-attachment-661235\" class=\"size-large wp-image-661235\" src=\"https:\/\/www.europesays.com\/de\/wp-content\/uploads\/2025\/06\/apple-wwdc-2025-ios-26-83-groudchat-polls-730x411.jpg\" alt=\"\" width=\"730\" height=\"411\"  \/><\/a><\/p>\n<p id=\"caption-attachment-661235\" class=\"wp-caption-text\">Group-Chat-Polls<\/p>\n<p>iOS 26: \u00dcbersetzungen in Echtzeit mit Apple iPhone<br \/>\n<a href=\"https:\/\/www.amazona.de\/wp-content\/uploads\/2030\/01\/apple-wwdc-2025-ios-26-103-live-translations.jpg\" rel=\"nofollow noopener\" target=\"_blank\"><img loading=\"lazy\" decoding=\"async\" aria-describedby=\"caption-attachment-661236\" class=\"size-large wp-image-661236\" src=\"https:\/\/www.europesays.com\/de\/wp-content\/uploads\/2025\/06\/apple-wwdc-2025-ios-26-103-live-translations-730x411.jpg\" alt=\"Live Translations\" width=\"730\" height=\"411\"  \/><\/a><\/p>\n<p id=\"caption-attachment-661236\" class=\"wp-caption-text\">Live Translations<\/p>\n<p>Die n\u00e4chste gro\u00dfe Hilfe wird Live-Translations sein. Damit l\u00e4sst sich s\u00e4mtliche Kommunikation, ob Telefonie, Text oder FaceTime, mit minimaler Verz\u00f6gerung live in eine andere Sprache \u00fcbersetzen. Die API dazu ist im \u00fcbrigen f\u00fcr alle Entwickler verf\u00fcgbar.<\/p>\n<p>iOS 26: Live Lyrics<br \/>\n<a href=\"https:\/\/www.amazona.de\/wp-content\/uploads\/2030\/01\/apple-wwdc-2025-ios-26-106-lyrics-translation.jpg\" rel=\"nofollow noopener\" target=\"_blank\"><img loading=\"lazy\" decoding=\"async\" aria-describedby=\"caption-attachment-661238\" class=\"size-large wp-image-661238\" src=\"https:\/\/www.europesays.com\/de\/wp-content\/uploads\/2025\/06\/apple-wwdc-2025-ios-26-106-lyrics-translation-730x411.jpg\" alt=\"Live Lyrics\" width=\"730\" height=\"411\"  \/><\/a><\/p>\n<p id=\"caption-attachment-661238\" class=\"wp-caption-text\">Live Lyrics<\/p>\n<p>Mit dem \u00dcbersetzen von Songtexte h\u00e4lt Live Translations auch Einzug in Apple Music, was vielen Menschen weiterhelfen wird ihre Lieblingsmusik zu verstehen. Realbeispiel aus dem Internet: Suzanne Vega (neues Album gerade erschienen) postete k\u00fcrzlich einen Clip ihres Live Auftritts mit dem Song \u201eLuka\u201c. Darunter postete eine Teilnehmerin (paraphrasiert): Das w\u00e4re ihr Lieblingslied und sie singt es immer so gerne mit ihrer Tochter\u2026<\/p>\n<p>iOS 26: Automix<br \/>\n<a href=\"https:\/\/www.amazona.de\/wp-content\/uploads\/2030\/01\/apple-wwdc-2025-ios-26-107-automix.jpg\" rel=\"nofollow noopener\" target=\"_blank\"><img loading=\"lazy\" decoding=\"async\" aria-describedby=\"caption-attachment-661237\" class=\"size-large wp-image-661237\" src=\"https:\/\/www.europesays.com\/de\/wp-content\/uploads\/2025\/06\/apple-wwdc-2025-ios-26-107-automix-730x411.jpg\" alt=\"Automix\" width=\"730\" height=\"411\"  \/><\/a><\/p>\n<p id=\"caption-attachment-661237\" class=\"wp-caption-text\">Automix<\/p>\n<p>Die n\u00e4chste Neuerung bei Apple Music k\u00f6nnte einigen DJs das Leben schwer machen. Sie hei\u00dft \u201eAutomix\u201c und sorgt f\u00fcr einen nahtlosen \u00dcbergang zwischen zwei Songs, inklusive Timestretching und Beat-Matching. Damit kann dann jeder seine Lieblingssongliste als perfekten DJ-Mix ablaufen lassen.<\/p>\n<p>Ob das mit professionellen DJ-Sets mithalten kann wird sich zeigen, f\u00fcr den Party-Mix reicht es aber allemal und alles wird On-Device erledigt.<\/p>\n<p>iOS 26 ist kompatibel mit allen iPhones mit Apple Silicon A12 (iPhone 11 \/ SE 2) oder neuer.<\/p>\n<p><a href=\"https:\/\/www.amazona.de\/wp-content\/uploads\/2030\/01\/apple-wwdc-2025-ios-26-138-ios-features.jpg\" rel=\"nofollow noopener\" target=\"_blank\"><img loading=\"lazy\" decoding=\"async\" aria-describedby=\"caption-attachment-661242\" class=\"size-large wp-image-661242\" src=\"https:\/\/www.europesays.com\/de\/wp-content\/uploads\/2025\/06\/apple-wwdc-2025-ios-26-138-ios-features-730x411.jpg\" alt=\"iOS Features\" width=\"730\" height=\"411\"  \/><\/a><\/p>\n<p id=\"caption-attachment-661242\" class=\"wp-caption-text\">iOS Features<\/p>\n<p>\u00a0<\/p>\n<p><a href=\"https:\/\/www.amazona.de\/wp-content\/uploads\/2030\/01\/apple-wwdc-2025-ios-26-139-ios-feature-2.jpg\" rel=\"nofollow noopener\" target=\"_blank\"><img loading=\"lazy\" decoding=\"async\" aria-describedby=\"caption-attachment-661243\" class=\"size-large wp-image-661243\" src=\"https:\/\/www.europesays.com\/de\/wp-content\/uploads\/2025\/06\/apple-wwdc-2025-ios-26-139-ios-feature-2-730x411.jpg\" alt=\"iOS Feature 2\" width=\"730\" height=\"411\"  \/><\/a><\/p>\n<p id=\"caption-attachment-661243\" class=\"wp-caption-text\">iOS Feature 2<\/p>\n<p>WWDC 2025: Apple macOS 26<br \/>\n<a href=\"https:\/\/www.amazona.de\/wp-content\/uploads\/2030\/01\/apple-wwdc-2025-macos-26-152-macos-menu.jpg\" rel=\"nofollow noopener\" target=\"_blank\"><img loading=\"lazy\" decoding=\"async\" aria-describedby=\"caption-attachment-661245\" class=\"size-large wp-image-661245\" src=\"https:\/\/www.europesays.com\/de\/wp-content\/uploads\/2025\/06\/apple-wwdc-2025-macos-26-152-macos-menu-730x411.jpg\" alt=\"\" width=\"730\" height=\"411\"  \/><\/a><\/p>\n<p id=\"caption-attachment-661245\" class=\"wp-caption-text\">macOS Tahoe<\/p>\n<p>Auch das Desktop-Betriebssystem macOS hat weitere Neuerungen erfahren und l\u00e4sst sich nun mehr personalisieren als je zuvor. Ordner k\u00f6nnen nun mit Farben und Emojis versehen werden, was die Organisation sicher erleichtert.<\/p>\n<p>Die \u201eContinuity\u201c, also auf einem anderen Ger\u00e4t (iPhone, iPad etc.) ein Dokument beginnen und praktisch nahtlos auf dem Mac weiter bearbeiten, wurde weiter vorangetrieben. Hier sind die \u201eLive Activities\u201c hinzugekommen, so dass z.B. iPhone App-Aktivit\u00e4ten am Mac gespiegelt und dort auch per iPhone-Mirroring (der Spiegelung des iPhone-Bildschirms auf dem Mac-Bildschirm) bearbeitet werden k\u00f6nnen. So k\u00f6nnen u.a. nun auch iPhone-Anrufe \u00fcber die neue Phone-App vom Mac aus get\u00e4tigt werden.<\/p>\n<p><a href=\"https:\/\/www.amazona.de\/wp-content\/uploads\/2030\/01\/apple-wwdc-2025-macos-26-162-macos-phone-app.jpg\" rel=\"nofollow noopener\" target=\"_blank\"><img loading=\"lazy\" decoding=\"async\" aria-describedby=\"caption-attachment-661246\" class=\"size-large wp-image-661246\" src=\"https:\/\/www.europesays.com\/de\/wp-content\/uploads\/2025\/06\/apple-wwdc-2025-macos-26-162-macos-phone-app-730x411.jpg\" alt=\"\" width=\"730\" height=\"411\"  \/><\/a><\/p>\n<p id=\"caption-attachment-661246\" class=\"wp-caption-text\">macOS Phone-App<\/p>\n<p>macOS 26: Shortcuts<br \/>\n<a href=\"https:\/\/www.amazona.de\/wp-content\/uploads\/2030\/01\/apple-wwdc-2025-macos-26-189-quickkeys.jpg\" rel=\"nofollow noopener\" target=\"_blank\"><img loading=\"lazy\" decoding=\"async\" aria-describedby=\"caption-attachment-661247\" class=\"size-large wp-image-661247\" src=\"https:\/\/www.europesays.com\/de\/wp-content\/uploads\/2025\/06\/apple-wwdc-2025-macos-26-189-quickkeys-730x411.jpg\" alt=\"\" width=\"730\" height=\"411\"  \/><\/a><\/p>\n<p id=\"caption-attachment-661247\" class=\"wp-caption-text\">macOS Quick Keys<\/p>\n<p>Shortcut sind kombinierbare Befehlsbausteine, die situationsabh\u00e4ngig und automatisch ausgef\u00fchrt werden k\u00f6nnen. Z.B. das Bilder in bestimmter Weise bearbeitet werden, so bald sie in einem spezifischen Ordner abgelegt werden.<\/p>\n<p>Oder morgens vor Schichtbeginn erstmal alle ungelesesen Mails l\u00f6schen, die in der Nacht herein kamen (Serviervorschlag).<\/p>\n<p>Diese Shortcuts werden nun mit \u201eIntelligent Actions\u201c versehen, um z.B. Dateien unterschiedlicher Art zu vergleichen bzw. abzugleichen, wie beispielsweise Textskripte mit Sprachaufnahmen. Das kann On-Device oder per Private Cloud Computing oder ChatGPT erfolgen. Die letzteren beiden sind wahrscheinlich schneller, aber sehr wahrscheinlich auch kostenpflichtig.<\/p>\n<p>macOS 26: Spotlight<br \/>\n<a href=\"https:\/\/www.amazona.de\/wp-content\/uploads\/2030\/01\/apple-wwdc-2025-macos-26-193-spotlicht-actions.jpg\" rel=\"nofollow noopener\" target=\"_blank\"><img loading=\"lazy\" decoding=\"async\" aria-describedby=\"caption-attachment-661248\" class=\"size-large wp-image-661248\" src=\"https:\/\/www.europesays.com\/de\/wp-content\/uploads\/2025\/06\/apple-wwdc-2025-macos-26-193-spotlicht-actions-730x411.jpg\" alt=\"macOS App-Aktionen per Spotlight\" width=\"730\" height=\"411\"  \/><\/a><\/p>\n<p id=\"caption-attachment-661248\" class=\"wp-caption-text\">macOS App-Aktionen per Spotlight<\/p>\n<p>Das Spotlight liegt hier aber eindeutig auf \u201eSpotlight\u201c, der Suchfunktion von macOS. Hier ist es nun m\u00f6glich z.B. per Texteingabe Shortcuts aufzurufen und auf Inhalte anzuwenden, wie z.B. Hintergr\u00fcnde aus Bildern zu entfernen, die wichtigsten Dateien stets parat zu haben\/zu suchen oder Apps auf dem iPhone aufzurufen.<\/p>\n<p>Eine weitere Erweiterung sind \u201eApp-Actions\u201c. Hier lassen sich per Spotlight Audioaufnahmen starten, Dateien abspielen, Emails versenden, inklusive Eingabeparameter f\u00fcr Empf\u00e4nger und Betreff etc. (nur \u00fcber eine Spotlight Texteingabe).<\/p>\n<p>Was hingegen weniger kitzelt, sind die Quick Keys. Tendenziell ist es eine gute Idee Funktionen mit Tastaturk\u00fcrzeln zu verbinden, aber das hier k\u00f6nnte sehr schnell in deutlich zu vielen nichtssagenden alphanumerischen Abk\u00fcrzungen enden, die man sich merken muss \u2013 und ja irgendwie den Sinn der Anwendung von KI untergr\u00e4bt. Zumal diese Quick Keys auch noch automatisch erstellt werden, je nachdem mit welchen Apps und Daten gerade gearbeitet wird. Irgendwann ist der Mac dann so stark personalisiert, dass niemand anderes mehr damit arbeiten kann.<\/p>\n<p>Ob das Ganze auch funktioniert, wenn man Spotlight nicht erlaubt, die Inhalte\u00a0 zu indizieren? Sensible Daten oder Datentr\u00e4ger sollte man ohnehin in der Systemeinstellung \u201eSpotlight\u201c aus der Suchliste ausschlie\u00dfen. Zumindest geht das in macOS Sonoma noch.<\/p>\n<p>F\u00fcr Entwickler d\u00fcrfte die KI-unterst\u00fctzte Code-Generieung, die in Xcode Einzug gehalten hat, von Interesse sein.<\/p>\n<p><a href=\"https:\/\/www.amazona.de\/wp-content\/uploads\/2030\/01\/apple-wwdc-2025-macos-26-279-xcode-ki.jpg\" rel=\"nofollow noopener\" target=\"_blank\"><img loading=\"lazy\" decoding=\"async\" aria-describedby=\"caption-attachment-661250\" class=\"size-large wp-image-661250\" src=\"https:\/\/www.europesays.com\/de\/wp-content\/uploads\/2025\/06\/apple-wwdc-2025-macos-26-279-xcode-ki-730x411.jpg\" alt=\"Xcode &amp; AI\" width=\"730\" height=\"411\"  \/><\/a><\/p>\n<p id=\"caption-attachment-661250\" class=\"wp-caption-text\">Xcode &amp; AI<\/p>\n<p>macOS 26 Tahoe ist kompatibel mit allen M-Serie Macs und dem Mac Pro von 2019.<\/p>\n<p><a href=\"https:\/\/www.amazona.de\/wp-content\/uploads\/2030\/01\/apple-wwdc-2025-macos-26-206-macos-features.jpg\" rel=\"nofollow noopener\" target=\"_blank\"><img loading=\"lazy\" decoding=\"async\" aria-describedby=\"caption-attachment-661249\" class=\"size-large wp-image-661249\" src=\"https:\/\/www.europesays.com\/de\/wp-content\/uploads\/2025\/06\/apple-wwdc-2025-macos-26-206-macos-features-730x411.jpg\" alt=\"macOS Features\" width=\"730\" height=\"411\"  \/><\/a><\/p>\n<p id=\"caption-attachment-661249\" class=\"wp-caption-text\">macOS Features<\/p>\n<p>WWDC 2025: Apple iPadOS 26<br \/>\n<a href=\"https:\/\/www.amazona.de\/wp-content\/uploads\/2030\/01\/apple-wwdc-2025-ipados-26-215-ipados-windows.jpg\" rel=\"nofollow noopener\" target=\"_blank\"><img loading=\"lazy\" decoding=\"async\" aria-describedby=\"caption-attachment-661252\" class=\"size-large wp-image-661252\" src=\"https:\/\/www.europesays.com\/de\/wp-content\/uploads\/2025\/06\/apple-wwdc-2025-ipados-26-215-ipados-windows-730x411.jpg\" alt=\"iPad Fenster\" width=\"730\" height=\"411\"  \/><\/a><\/p>\n<p id=\"caption-attachment-661252\" class=\"wp-caption-text\">iPad Fenster<\/p>\n<p>iPadOS 26: App-Fenster<br \/>\n<a href=\"https:\/\/www.amazona.de\/wp-content\/uploads\/2030\/01\/apple-wwdc-2025-ipados-26-222-windows-2.jpg\" rel=\"nofollow noopener\" target=\"_blank\"><img loading=\"lazy\" decoding=\"async\" aria-describedby=\"caption-attachment-661253\" class=\"size-large wp-image-661253\" src=\"https:\/\/www.europesays.com\/de\/wp-content\/uploads\/2025\/06\/apple-wwdc-2025-ipados-26-222-windows-2-730x411.jpg\" alt=\"iPad Fenster\" width=\"730\" height=\"411\"  \/><\/a><\/p>\n<p id=\"caption-attachment-661253\" class=\"wp-caption-text\">iPad Fenster<\/p>\n<p>Die gr\u00f6\u00dften Neuerungen hat aber das iPad bekommen und r\u00fcckt damit nun auf relevante Weise den Macs auf den Pelz.<\/p>\n<p>Da w\u00e4re zu allerest \u201eWindowing\u201c. Auf dem iPad k\u00f6nnen n\u00e4mlich nun alle Apps als Fenster verkleinert und auf dem Bildschirm platziert werden. \u201eTiling\u201c ist nun auch m\u00f6glich, also das geordnete Arrangieren und Anpassen der App-Fenster.<\/p>\n<p>Damit einhergehend, ist nun auch Multitasking kein m\u00fchsames Vollbildumschalten der Apps \u00fcber den App-Manager mehr und macht das Arbeiten insgesamt deutlich angenehmer.<\/p>\n<p><a href=\"https:\/\/www.amazona.de\/wp-content\/uploads\/2030\/01\/apple-wwdc-2025-ipados-26-225-windows-3.jpg\" rel=\"nofollow noopener\" target=\"_blank\"><img loading=\"lazy\" decoding=\"async\" aria-describedby=\"caption-attachment-661254\" class=\"size-large wp-image-661254\" src=\"https:\/\/www.europesays.com\/de\/wp-content\/uploads\/2025\/06\/apple-wwdc-2025-ipados-26-225-windows-3-730x411.jpg\" alt=\"iPad Fenster-Kontrolle\" width=\"730\" height=\"411\"  \/><\/a><\/p>\n<p id=\"caption-attachment-661254\" class=\"wp-caption-text\">iPad Fenster-Kontrolle<\/p>\n<p>\u00a0<\/p>\n<p><a href=\"https:\/\/www.amazona.de\/wp-content\/uploads\/2030\/01\/apple-wwdc-2025-ipados-26-230-tiling-2.jpg\" rel=\"nofollow noopener\" target=\"_blank\"><img loading=\"lazy\" decoding=\"async\" aria-describedby=\"caption-attachment-661256\" class=\"size-large wp-image-661256\" src=\"https:\/\/www.europesays.com\/de\/wp-content\/uploads\/2025\/06\/apple-wwdc-2025-ipados-26-230-tiling-2-730x411.jpg\" alt=\"iPad Fensterkacheln\" width=\"730\" height=\"411\"  \/><\/a><\/p>\n<p id=\"caption-attachment-661256\" class=\"wp-caption-text\">iPad Fensterkacheln<\/p>\n<p>\u00a0<\/p>\n<p><a href=\"https:\/\/www.amazona.de\/wp-content\/uploads\/2030\/01\/apple-wwdc-2025-ipados-26-228-tiling.jpg\" rel=\"nofollow noopener\" target=\"_blank\"><img loading=\"lazy\" decoding=\"async\" aria-describedby=\"caption-attachment-661257\" class=\"size-large wp-image-661257\" src=\"https:\/\/www.europesays.com\/de\/wp-content\/uploads\/2025\/06\/apple-wwdc-2025-ipados-26-228-tiling-730x411.jpg\" alt=\"iPad Fensterkacheln\" width=\"730\" height=\"411\"  \/><\/a><\/p>\n<p id=\"caption-attachment-661257\" class=\"wp-caption-text\">iPad Fensterkacheln<\/p>\n<p>Die Fenster bieten nun die selben Fensterkontrollen wie bei macOS. Sogar \u201eExpose\u201c, also das Anzeigen aller ge\u00f6ffneten Apps, hat es auf das iPad geschafft. Genauso wie die System-Men\u00fczeile aus macOS.<\/p>\n<p>Au\u00dferdem gibt es jetzt einen \u201eMauszeiger\u201c f\u00fcr jene die unbedingt eine Maus benutzen m\u00fcssen, statt Finger oder Pencil. Und das Ganze funktioniert auch mit externen Displays.<\/p>\n<p><a href=\"https:\/\/www.amazona.de\/wp-content\/uploads\/2030\/01\/apple-wwdc-2025-ipados-26-234-system-menu.jpg\" rel=\"nofollow noopener\" target=\"_blank\"><img loading=\"lazy\" decoding=\"async\" aria-describedby=\"caption-attachment-661258\" class=\"size-large wp-image-661258\" src=\"https:\/\/www.europesays.com\/de\/wp-content\/uploads\/2025\/06\/apple-wwdc-2025-ipados-26-234-system-menu-730x411.jpg\" alt=\"iPad System-Men\u00fc und Mauszeiger\" width=\"730\" height=\"411\"  \/><\/a><\/p>\n<p id=\"caption-attachment-661258\" class=\"wp-caption-text\">iPad System-Men\u00fc und Mauszeiger<\/p>\n<p>iPadOS 26: Dateien<br \/>\n<a href=\"https:\/\/www.amazona.de\/wp-content\/uploads\/2030\/01\/apple-wwdc-2025-ipados-26-243-files.jpg\" rel=\"nofollow noopener\" target=\"_blank\"><img loading=\"lazy\" decoding=\"async\" aria-describedby=\"caption-attachment-661259\" class=\"size-large wp-image-661259\" src=\"https:\/\/www.europesays.com\/de\/wp-content\/uploads\/2025\/06\/apple-wwdc-2025-ipados-26-243-files-730x411.jpg\" alt=\"iPad Dateien\" width=\"730\" height=\"411\"  \/><\/a><\/p>\n<p id=\"caption-attachment-661259\" class=\"wp-caption-text\">iPad Dateien<\/p>\n<p>Die Dateien-App hat jetzt die gleichen Farboptionen zur Personalisierung wie macOS mit anpassbaren Anzeigenspalten, die sich ger\u00e4te\u00fcbergreifend sychnronisieren. Dazu lassen sich auch Ordner auf dem Schreibtisch und im Dock erzeugen.<\/p>\n<p>Au\u00dferdem gibt es jetzt Default-Apps. Es l\u00e4sst sich also festlegen, mit welchen Apps diverse Dateien ge\u00f6ffnet werden sollen \u2013 also der liebste Audio-Editor oder die liebste Schreib-App etc.<\/p>\n<p><a href=\"https:\/\/www.amazona.de\/wp-content\/uploads\/2030\/01\/apple-wwdc-2025-ipados-26-245-folders.jpg\" rel=\"nofollow noopener\" target=\"_blank\"><img loading=\"lazy\" decoding=\"async\" aria-describedby=\"caption-attachment-661260\" class=\"size-large wp-image-661260\" src=\"https:\/\/www.europesays.com\/de\/wp-content\/uploads\/2025\/06\/apple-wwdc-2025-ipados-26-245-folders-730x411.jpg\" alt=\"iPad Ordner\" width=\"730\" height=\"411\"  \/><\/a><\/p>\n<p id=\"caption-attachment-661260\" class=\"wp-caption-text\">iPad Ordner<\/p>\n<p>\u00a0<\/p>\n<p><a href=\"https:\/\/www.amazona.de\/wp-content\/uploads\/2030\/01\/apple-wwdc-2025-ipados-26-248-dock-folder.jpg\" rel=\"nofollow noopener\" target=\"_blank\"><img loading=\"lazy\" decoding=\"async\" aria-describedby=\"caption-attachment-661262\" class=\"size-large wp-image-661262\" src=\"https:\/\/www.europesays.com\/de\/wp-content\/uploads\/2025\/06\/apple-wwdc-2025-ipados-26-248-dock-folder-730x411.jpg\" alt=\"iPad Ordner im Dock\" width=\"730\" height=\"411\"  \/><\/a><\/p>\n<p id=\"caption-attachment-661262\" class=\"wp-caption-text\">iPad Ordner im Dock<\/p>\n<p>iPadOS 26: Background-Tasks<\/p>\n<p>Mit flexiblen App-Fenstern, Multitasking und Dateisystem kommt auch unweigerlich das Problem von gleichzeitigen Prozessen ins Spiel, die mitunter sehr zeitaufw\u00e4ndig sein k\u00f6nnen. Daher gibt es nun Hintergrundprozesse. So kann z.B. ein Video im Hintergrund gerendert werden und das iPad ist trotzdem anderweitig verwendbar.<\/p>\n<p><a href=\"https:\/\/www.amazona.de\/wp-content\/uploads\/2030\/01\/apple-wwdc-2025-ipados-26-269-bg-tasks.jpg\" rel=\"nofollow noopener\" target=\"_blank\"><img loading=\"lazy\" decoding=\"async\" aria-describedby=\"caption-attachment-661264\" class=\"size-large wp-image-661264\" src=\"https:\/\/www.europesays.com\/de\/wp-content\/uploads\/2025\/06\/apple-wwdc-2025-ipados-26-269-bg-tasks-730x411.jpg\" alt=\"iPad Hintergrundprozesse\" width=\"730\" height=\"411\"  \/><\/a><\/p>\n<p id=\"caption-attachment-661264\" class=\"wp-caption-text\">iPad Hintergrundprozesse<\/p>\n<p>iPadOS 26: Preview-App<br \/>\n<a href=\"https:\/\/www.amazona.de\/wp-content\/uploads\/2030\/01\/apple-wwdc-2025-ipados-26-246-default-app.jpg\" rel=\"nofollow noopener\" target=\"_blank\"><img loading=\"lazy\" decoding=\"async\" aria-describedby=\"caption-attachment-661261\" class=\"size-large wp-image-661261\" src=\"https:\/\/www.europesays.com\/de\/wp-content\/uploads\/2025\/06\/apple-wwdc-2025-ipados-26-246-default-app-730x411.jpg\" alt=\"iPad Default-App\" width=\"730\" height=\"411\"  \/><\/a><\/p>\n<p id=\"caption-attachment-661261\" class=\"wp-caption-text\">iPad Default-App<\/p>\n<p>Die Preview-App von macOS ist nun auch zu iPadOS gekommen, mit exakt dem selben Funktionsumfang,\u00a0 z.B. um PDFs zu editieren und ausf\u00fcllen zu k\u00f6nnen sowie mit allen M\u00f6glichkeiten der Bildbearbeitung.<\/p>\n<p>Was damit wohl einher geht, ist das unverhinderliche Arbeiten mit der Originaldatei. L\u00e4dt man eine Dateien in Preview und bearbeitet sie \u2013 z.B. schneit man etwas aus \u2013\u00a0 wird das unwiderruflich auf der Originaldatei ausgef\u00fchrt. Hat man kein Backup, war\u2019s das. Dieses Verhalten ist den meisten Apps von Apple zu eigen, weswegen ich pers\u00f6nlich diese meide wo es nur geht.<\/p>\n<p><a href=\"https:\/\/www.amazona.de\/wp-content\/uploads\/2030\/01\/apple-wwdc-2025-ipados-26-253-preview.jpg\" rel=\"nofollow noopener\" target=\"_blank\"><img loading=\"lazy\" decoding=\"async\" aria-describedby=\"caption-attachment-661265\" class=\"size-large wp-image-661265\" src=\"https:\/\/www.europesays.com\/de\/wp-content\/uploads\/2025\/06\/apple-wwdc-2025-ipados-26-253-preview-730x411.jpg\" alt=\"iPad Vorschau-App\" width=\"730\" height=\"411\"  \/><\/a><\/p>\n<p id=\"caption-attachment-661265\" class=\"wp-caption-text\">iPad Vorschau-App<\/p>\n<p>iPadOS 26: Audio-Eingang<br \/>\n<a href=\"https:\/\/www.amazona.de\/wp-content\/uploads\/2030\/01\/apple-wwdc-2025-ipados-26-256-audio-input.jpg\" rel=\"nofollow noopener\" target=\"_blank\"><img loading=\"lazy\" decoding=\"async\" aria-describedby=\"caption-attachment-661266\" class=\"size-large wp-image-661266\" src=\"https:\/\/www.europesays.com\/de\/wp-content\/uploads\/2025\/06\/apple-wwdc-2025-ipados-26-256-audio-input-730x411.jpg\" alt=\"Wahl des Audioeingangs in der App\" width=\"730\" height=\"411\"  \/><\/a><\/p>\n<p id=\"caption-attachment-661266\" class=\"wp-caption-text\">Wahl des Audio-Eingangs in der App<\/p>\n<p>F\u00fcr Audio-Anwender und Podcaster d\u00fcrfte die Neuerung interessant sein, das Aufnahmeger\u00e4t\/Mikrofon f\u00fcr den Audioeingang direkt in der App ausw\u00e4hlen zu k\u00f6nnen. Au\u00dferdem kann Ambient-, Raumunterdr\u00fcckung bzw. Stimmenisolation unabh\u00e4ngig von einer bestimmten App aktiviert werden. Damit l\u00e4sst sich die Qualit\u00e4t der Aufnahme deutlich steigern und eventuell kann man sogar auf eine Gesangskabine verzichten.<\/p>\n<p>Es l\u00e4sst sich zumindest zwischen dem internen Mikrofon, einem Bluetooth-Mikrofon und sehr wahrscheinlich auch einem angeschlossenen Audiointerface w\u00e4hlen. Beim Einsatz von AirPods kann nun sogar \u00fcber diese aufgenommen werden und auch eine Videoaufnahme kann per Ber\u00fchrung der AirPods gesteuert werden.<\/p>\n<p><a href=\"https:\/\/www.amazona.de\/wp-content\/uploads\/2030\/01\/apple-wwdc-2025-ipados-26-259-voice-isolations.jpg\" rel=\"nofollow noopener\" target=\"_blank\"><img loading=\"lazy\" decoding=\"async\" aria-describedby=\"caption-attachment-661267\" class=\"size-large wp-image-661267\" src=\"https:\/\/www.europesays.com\/de\/wp-content\/uploads\/2025\/06\/apple-wwdc-2025-ipados-26-259-voice-isolations-730x411.jpg\" alt=\"App-Unabh\u00e4ngige Stimmenisolation\" width=\"730\" height=\"411\"  \/><\/a><\/p>\n<p id=\"caption-attachment-661267\" class=\"wp-caption-text\">App-Unabh\u00e4ngige Stimmenisolation<\/p>\n<p>Extra f\u00fcr Podcaster wurde die Option \u201eLocal Capture\u201c eingef\u00fchrt. Damit kann z.B. ein entfernter Gast (Facetime etc.) eine lokale Aufnahme seines Beitrags erstellen. Diese Aufnahme kann dann nach Beendigung der Gespr\u00e4chs dem Gastgeber \u00fcbermittelt werden \u2013 v\u00f6llig frei von eventuellen Verbindungsproblemen, Knacksern, Echos etc., wie sie bei jedem Telefonat fast unweigerlich auftreten.<\/p>\n<p><a href=\"https:\/\/www.amazona.de\/wp-content\/uploads\/2030\/01\/apple-wwdc-2025-ipados-26-264-local-capture-1.jpg\" rel=\"nofollow noopener\" target=\"_blank\"><img loading=\"lazy\" decoding=\"async\" aria-describedby=\"caption-attachment-661268\" class=\"size-large wp-image-661268\" src=\"https:\/\/www.europesays.com\/de\/wp-content\/uploads\/2025\/06\/apple-wwdc-2025-ipados-26-264-local-capture-1-730x411.jpg\" alt=\"\" width=\"730\" height=\"411\"  \/><\/a><\/p>\n<p id=\"caption-attachment-661268\" class=\"wp-caption-text\">iPad Local Capture<\/p>\n<p>\u00a0<\/p>\n<p><a href=\"https:\/\/www.amazona.de\/wp-content\/uploads\/2030\/01\/apple-wwdc-2025-ipados-26-266-local-capture-2.jpg\" rel=\"nofollow noopener\" target=\"_blank\"><img loading=\"lazy\" decoding=\"async\" aria-describedby=\"caption-attachment-661269\" class=\"size-large wp-image-661269\" src=\"https:\/\/www.europesays.com\/de\/wp-content\/uploads\/2025\/06\/apple-wwdc-2025-ipados-26-266-local-capture-2-730x411.jpg\" alt=\"iPad Local Capture\" width=\"730\" height=\"411\"  \/><\/a><\/p>\n<p id=\"caption-attachment-661269\" class=\"wp-caption-text\">iPad Local Capture<\/p>\n<p>iPadOS 26 ist kompatibel mit allen iPads mit Apple Silicon A12 (iPad 8, iPad mini 5th) oder neuer, so wie den M-Serie iPads.<\/p>\n<p><a href=\"https:\/\/www.amazona.de\/wp-content\/uploads\/2030\/01\/apple-wwdc-2025-ipados-26-272-features-1.jpg\" rel=\"nofollow noopener\" target=\"_blank\"><img loading=\"lazy\" decoding=\"async\" aria-describedby=\"caption-attachment-661270\" class=\"size-large wp-image-661270\" src=\"https:\/\/www.europesays.com\/de\/wp-content\/uploads\/2025\/06\/apple-wwdc-2025-ipados-26-272-features-1-730x411.jpg\" alt=\"iPad Features \" width=\"730\" height=\"411\"  \/><\/a><\/p>\n<p id=\"caption-attachment-661270\" class=\"wp-caption-text\">iPad Features<\/p>\n","protected":false},"excerpt":{"rendered":"Was bieten macOS, iOS und iPadOS 26? 10. Juni 2025 Apple Report: WWDC 2025 \u2013 iOS 26, macOS&hellip;\n","protected":false},"author":2,"featured_media":180038,"comment_status":"","ping_status":"","sticky":false,"template":"","format":"standard","meta":{"footnotes":""},"categories":[135],"tags":[29,30,190,189,194,191,193,192],"class_list":{"0":"post-180037","1":"post","2":"type-post","3":"status-publish","4":"format-standard","5":"has-post-thumbnail","7":"category-wissenschaft-technik","8":"tag-deutschland","9":"tag-germany","10":"tag-science","11":"tag-science-technology","12":"tag-technik","13":"tag-technology","14":"tag-wissenschaft","15":"tag-wissenschaft-technik"},"share_on_mastodon":{"url":"https:\/\/pubeurope.com\/@de\/114660622559978583","error":""},"_links":{"self":[{"href":"https:\/\/www.europesays.com\/de\/wp-json\/wp\/v2\/posts\/180037","targetHints":{"allow":["GET"]}}],"collection":[{"href":"https:\/\/www.europesays.com\/de\/wp-json\/wp\/v2\/posts"}],"about":[{"href":"https:\/\/www.europesays.com\/de\/wp-json\/wp\/v2\/types\/post"}],"author":[{"embeddable":true,"href":"https:\/\/www.europesays.com\/de\/wp-json\/wp\/v2\/users\/2"}],"replies":[{"embeddable":true,"href":"https:\/\/www.europesays.com\/de\/wp-json\/wp\/v2\/comments?post=180037"}],"version-history":[{"count":0,"href":"https:\/\/www.europesays.com\/de\/wp-json\/wp\/v2\/posts\/180037\/revisions"}],"wp:featuredmedia":[{"embeddable":true,"href":"https:\/\/www.europesays.com\/de\/wp-json\/wp\/v2\/media\/180038"}],"wp:attachment":[{"href":"https:\/\/www.europesays.com\/de\/wp-json\/wp\/v2\/media?parent=180037"}],"wp:term":[{"taxonomy":"category","embeddable":true,"href":"https:\/\/www.europesays.com\/de\/wp-json\/wp\/v2\/categories?post=180037"},{"taxonomy":"post_tag","embeddable":true,"href":"https:\/\/www.europesays.com\/de\/wp-json\/wp\/v2\/tags?post=180037"}],"curies":[{"name":"wp","href":"https:\/\/api.w.org\/{rel}","templated":true}]}}