{"id":180041,"date":"2025-06-10T19:04:09","date_gmt":"2025-06-10T19:04:09","guid":{"rendered":"https:\/\/www.europesays.com\/de\/180041\/"},"modified":"2025-06-10T19:04:09","modified_gmt":"2025-06-10T19:04:09","slug":"fuenf-laender-verhaengen-sanktionen-gegen-zwei-israelische-minister","status":"publish","type":"post","link":"https:\/\/www.europesays.com\/de\/180041\/","title":{"rendered":"F\u00fcnf L\u00e4nder verh\u00e4ngen Sanktionen gegen zwei israelische Minister"},"content":{"rendered":"<p class=\"metatextline\">Stand: 10.06.2025 19:45 Uhr<\/p>\n<p class=\"textabsatz columns twelve  m-ten  m-offset-one l-eight l-offset-two\">\n        <strong>Mehrere Regierungen hatten Israel wegen des Vorgehens im Gaza-Krieg und im Westjordanland mit scharfen Reaktionen gedroht. F\u00fcnf L\u00e4nder &#8211; darunter Gro\u00dfbritannien &#8211; verh\u00e4ngen nun Sanktionen. Sie treffen zwei israelische Minister.<\/strong>\n    <\/p>\n<p class=\"textabsatz m-ten m-offset-one l-eight l-offset-two columns twelve\">\nF\u00fcnf L\u00e4nder haben zwei ultrarechte israelische Minister wegen radikaler \u00c4u\u00dferungen gegen Pal\u00e4stinenser im Westjordanland sanktioniert. Finanzminister Bezalel Smotrich und Polizeiminister Itamar Ben-Gvir h\u00e4tten &#8222;zu extremistischer Gewalt und schwerwiegenden Verst\u00f6\u00dfen gegen die pal\u00e4stinensischen Menschenrechte&#8220; aufgerufen, teilten die Au\u00dfenminister von Gro\u00dfbritannien, Australien, Kanada, Neuseeland und Norwegen gemeinsam mit.<\/p>\n<p class=\"textabsatz m-ten m-offset-one l-eight l-offset-two columns twelve\">\nExtremistische Rhetorik, die eine Zwangsumsiedlung von Pal\u00e4stinensern und die Errichtung neuer israelischer Siedlungen bef\u00fcrworte, sei &#8222;erschreckend und gef\u00e4hrlich&#8220;, so die Au\u00dfenminister. Die f\u00fcnf Staaten bekr\u00e4ftigten, dass die Zweistaatenl\u00f6sung der einzige Weg sei, um langfristige Stabilit\u00e4t und Sicherheit in der Region zu gew\u00e4hrleisten.<\/p>\n<p>    Verm\u00f6gen einfrieren und Einreiseverbote<\/p>\n<p class=\"textabsatz m-ten m-offset-one l-eight l-offset-two columns twelve\">\nDie britischen Sanktionen sehen vor, Verm\u00f6gen der Minister einzufrieren und ihnen ein Einreiseverbot zu erteilen. Auch f\u00fcr Norwegen gilt ein Einreiseverbot.<\/p>\n<p class=\"textabsatz m-ten m-offset-one l-eight l-offset-two columns twelve\">\nIn einer Stellungnahme reagierte die israelische Regierung &#8222;emp\u00f6rt&#8220; auf den Schritt. Man werde in der kommenden Woche \u00fcber eine Reaktion beraten, so Au\u00dfenminister Gideon Saar. Die Entscheidung sei &#8222;inakzeptabel&#8220;.<\/p>\n<p>    Minister unterst\u00fctzen illegalen Siedlungsbau<\/p>\n<p class=\"textabsatz m-ten m-offset-one l-eight l-offset-two columns twelve\">\nIsrael hatte j\u00fcngst angek\u00fcndigt, im besetzten Westjordanland <a href=\"https:\/\/www.tagesschau.de\/ausland\/asien\/israel-siedlungen-westjordanland-106.html\" title=\"Israel k\u00fcndigt 22 neue Siedlungen im Westjordanland an\" rel=\"nofollow noopener\" target=\"_blank\">22 neue Siedlungen bauen zu wollen<\/a>. Israel hatte 1967 unter anderem das Westjordanland und Ost-Jerusalem erobert, wo heute mehr als 700.000 Siedler inmitten von rund drei Millionen Pal\u00e4stinensern leben. Die israelischen Siedlungen dort sind nach internationalem Recht illegal.<\/p>\n<p class=\"textabsatz m-ten m-offset-one l-eight l-offset-two columns twelve\">\nBen-Gvir und Smotrich unterst\u00fctzen den Ausbau von j\u00fcdischen Siedlungen tatkr\u00e4ftig. Sie decken auch die Gewalt von militanten Siedlern gegen die Pal\u00e4stinenser im Westjordanland. Die Gewalt werde durch die extremistische Rhetorik angeheizt, teilten die Au\u00dfenminister der f\u00fcnf Staaten mit. Diese Gewalt habe zum Tod pal\u00e4stinensischer Zivilisten und zur Vertreibung ganzer Gemeinden gef\u00fchrt.<\/p>\n","protected":false},"excerpt":{"rendered":"Stand: 10.06.2025 19:45 Uhr Mehrere Regierungen hatten Israel wegen des Vorgehens im Gaza-Krieg und im Westjordanland mit scharfen&hellip;\n","protected":false},"author":2,"featured_media":180042,"comment_status":"","ping_status":"","sticky":false,"template":"","format":"standard","meta":{"footnotes":""},"categories":[3],"tags":[739,13,411,14,15,12,10,8,9,11,103,104],"class_list":{"0":"post-180041","1":"post","2":"type-post","3":"status-publish","4":"format-standard","5":"has-post-thumbnail","7":"category-welt","8":"tag-gaza","9":"tag-headlines","10":"tag-israel","11":"tag-nachrichten","12":"tag-news","13":"tag-schlagzeilen","14":"tag-top-news","15":"tag-top-meldungen","16":"tag-topmeldungen","17":"tag-topnews","18":"tag-welt","19":"tag-world"},"share_on_mastodon":{"url":"https:\/\/pubeurope.com\/@de\/114660630654745925","error":""},"_links":{"self":[{"href":"https:\/\/www.europesays.com\/de\/wp-json\/wp\/v2\/posts\/180041","targetHints":{"allow":["GET"]}}],"collection":[{"href":"https:\/\/www.europesays.com\/de\/wp-json\/wp\/v2\/posts"}],"about":[{"href":"https:\/\/www.europesays.com\/de\/wp-json\/wp\/v2\/types\/post"}],"author":[{"embeddable":true,"href":"https:\/\/www.europesays.com\/de\/wp-json\/wp\/v2\/users\/2"}],"replies":[{"embeddable":true,"href":"https:\/\/www.europesays.com\/de\/wp-json\/wp\/v2\/comments?post=180041"}],"version-history":[{"count":0,"href":"https:\/\/www.europesays.com\/de\/wp-json\/wp\/v2\/posts\/180041\/revisions"}],"wp:featuredmedia":[{"embeddable":true,"href":"https:\/\/www.europesays.com\/de\/wp-json\/wp\/v2\/media\/180042"}],"wp:attachment":[{"href":"https:\/\/www.europesays.com\/de\/wp-json\/wp\/v2\/media?parent=180041"}],"wp:term":[{"taxonomy":"category","embeddable":true,"href":"https:\/\/www.europesays.com\/de\/wp-json\/wp\/v2\/categories?post=180041"},{"taxonomy":"post_tag","embeddable":true,"href":"https:\/\/www.europesays.com\/de\/wp-json\/wp\/v2\/tags?post=180041"}],"curies":[{"name":"wp","href":"https:\/\/api.w.org\/{rel}","templated":true}]}}