{"id":180043,"date":"2025-06-10T19:05:10","date_gmt":"2025-06-10T19:05:10","guid":{"rendered":"https:\/\/www.europesays.com\/de\/180043\/"},"modified":"2025-06-10T19:05:10","modified_gmt":"2025-06-10T19:05:10","slug":"nach-bsw-anzeige-ermittlungen-nach-bsw-anzeige-gegen-robert-habeck","status":"publish","type":"post","link":"https:\/\/www.europesays.com\/de\/180043\/","title":{"rendered":"Nach BSW-Anzeige: Ermittlungen nach BSW-Anzeige gegen Robert Habeck"},"content":{"rendered":"<p class=\"paragraph article__item\">Nach einer Strafanzeige des <a class=\"rtr-entity\" href=\"https:\/\/www.zeit.de\/thema\/buendnis-sahra-wagenknecht\" rel=\"nofollow noopener\" target=\"_blank\">B\u00fcndnisses Sahra<br \/>\nWagenknecht (BSW)<\/a> hat die Staatsanwaltschaft Dresden Ermittlungen wegen<br \/>\ndes Anfangsverdachts der Verleumdung gegen den Gr\u00fcnenpolitiker Robert Habeck eingeleitet. Habeck<br \/>\n soll nach Darstellung des BSW bei einer Wahlkampfveranstaltung<br \/>\nin Dresden im Sommer 2024 &#8222;inhaltlich unzutreffende<br \/>\nTatsachen&#8220; \u00fcber das BSW und Parteigr\u00fcnderin Sahra Wagenknecht<br \/>\nge\u00e4u\u00dfert haben.\u00a0\n<\/p>\n<p class=\"paragraph article__item\"><a class=\"rtr-entity\" href=\"https:\/\/www.zeit.de\/thema\/robert-habeck\" rel=\"nofollow noopener\" target=\"_blank\">Habeck<\/a> hatte im Rahmen der Wahlkampfschlussveranstaltung seiner Partei vor der Landtagswahl in Sachsen in einem Kino eine<br \/>\nRede gehalten, bei der die \u00c4u\u00dferungen gefallen sein sollen. Habeck war<br \/>\nzu dem Zeitpunkt Bundeswirtschaftsminister, <a href=\"https:\/\/www.zeit.de\/politik\/deutschland\/2025-05\/lage-die-gruenen-opposition-bundestag-personal\" class=\"\" target=\"_blank\" rel=\"nofollow noopener\">aktuell ist er Abgeordneter f\u00fcr die Gr\u00fcnen im Bundestag.<\/a>\u00a0\n<\/p>\n<p>        Verteidigung von Habeck sieht &#8222;zul\u00e4ssige Meinungs\u00e4u\u00dferung&#8220;        <\/p>\n<p class=\"paragraph article__item\">Habecks Anw\u00e4lte sehen in den \u00c4u\u00dferungen laut Staatsanwaltschaft &#8222;eine strafrechtlich zul\u00e4ssige, kritische<br \/>\nMeinungs\u00e4u\u00dferung&#8220;. Das BSW stellte die Anzeige Ende Oktober, Mitte November ging sie bei der Staatsanwaltschaft ein. Diese informierte wie vorgeschrieben den <a class=\"rtr-entity\" href=\"https:\/\/www.zeit.de\/thema\/bundestag\" rel=\"nofollow noopener\" target=\"_blank\">Bundestag<\/a> und er\u00f6ffnete Ende M\u00e4rz ein Ermittlungsverfahren wegen einer gegen Personen des politischen Lebens gerichteten Verleumdung.\n<\/p>\n<p class=\"paragraph article__item\">&#8222;Es geht nicht um Beleidigung, sondern um offene L\u00fcgen und Verleumdung<br \/>\nzur Manipulation des Wahlkampfes&#8220;, sagte <a class=\"rtr-entity\" href=\"https:\/\/www.zeit.de\/thema\/sahra-wagenknecht\" rel=\"nofollow noopener\" target=\"_blank\">Wagenknecht<\/a> der Bild-Zeitung.<br \/>\nIhre Partei wehre sich gegen die Behauptung Habecks,<br \/>\n das BSW w\u00fcrde sich &#8222;f\u00fcr seine Meinung bezahlen lassen&#8220;, im Internet &#8222;Stimmen kaufen&#8220; und &#8222;Trollarmeen aufbauen&#8220;. Laut dem Bericht\u00a0hatte Habeck <a href=\"https:\/\/www.zeit.de\/politik\/deutschland\/2023-12\/ralph-suikat-buendnis-sahra-wagenknecht-spenden-russland\" class=\"\" target=\"_blank\" rel=\"nofollow noopener\">dem BSW vorgeworfen, aus Russland finanziert zu werden.<\/a>\n<\/p>\n<p class=\"paragraph article__item\">Wegen des Verdachts der \u00fcblen Nachrede kann die Staatsanwaltschaft zus\u00e4tzlich erst ermitteln, wenn die Immunit\u00e4t von Habeck im Bundestag aufgehoben wird. Das hat die Staatsanwaltschaft nach eigenen Angaben bereits beim Bundestag beantragt. \u00dcber eine Entscheidung des Parlaments sei sie noch nicht informiert worden. Am 5. Juni hatte der Bundestag allerdings die Er\u00f6ffnung eines Strafverfahrens gegen Habeck<br \/>\n mehrheitlich abgelehnt \u2013 auf Empfehlung des Immunit\u00e4tsausschusses. Ob es dabei um die BSW-Anzeige ging, ist nicht best\u00e4tigt.\n<\/p>\n<p>            Mehr zum Thema        <\/p>\n<p>BSW<\/p>\n<p>                <a href=\"https:\/\/www.zeit.de\/politik\/2025-04\/bsw-katja-wolf-sahra-wagenknecht-thueringen-brombeerkoalition\" data-ct-label=\"BSW: Eine Partei vor der Sprengung\" rel=\"nofollow noopener\" target=\"_blank\"><\/p>\n<p>        Z+ (abopflichtiger Inhalt);<\/p>\n<p>    BSW:<br \/>\n                        Eine Partei vor der Sprengung<\/p>\n<p>                <\/a><\/p>\n<p>                <a href=\"https:\/\/www.zeit.de\/hamburg\/2025-05\/hamburger-bsw-jochen-brack-austritt-erklaerung\" data-ct-label=\"Hamburger BSW: &quot;Ich bin nicht l\u00e4nger der n\u00fctzliche Idiot&quot;\" rel=\"nofollow noopener\" target=\"_blank\"><\/p>\n<p>        Z+ (abopflichtiger Inhalt);<\/p>\n<p>    Hamburger BSW:<br \/>\n                        &#8222;Ich bin nicht l\u00e4nger der n\u00fctzliche Idiot&#8220;<\/p>\n<p>                <\/a><\/p>\n<p>                <a href=\"https:\/\/www.zeit.de\/politik\/deutschland\/2025-04\/katja-wolf-sahra-wagenknecht-bsw-thueringen\" data-ct-label=\"BSW Th\u00fcringen: Aufbegehren gegen Wagenknecht\" rel=\"nofollow noopener\" target=\"_blank\"><\/p>\n<p>        Z+ (abopflichtiger Inhalt);<\/p>\n<p>    BSW Th\u00fcringen:<br \/>\n                        Aufbegehren gegen Wagenknecht<\/p>\n<p>                <\/a><\/p>\n","protected":false},"excerpt":{"rendered":"Nach einer Strafanzeige des B\u00fcndnisses Sahra Wagenknecht (BSW) hat die Staatsanwaltschaft Dresden Ermittlungen wegen des Anfangsverdachts der Verleumdung&hellip;\n","protected":false},"author":2,"featured_media":180044,"comment_status":"","ping_status":"","sticky":false,"template":"","format":"standard","meta":{"footnotes":""},"categories":[2],"tags":[13871,43,29,2386,30,13,60655,14,15,16,1178,9683,12,1997,43707,10,8,9,11,21172,60656],"class_list":{"0":"post-180043","1":"post","2":"type-post","3":"status-publish","4":"format-standard","5":"has-post-thumbnail","7":"category-deutschland","8":"tag-buendnis-sahra-wagenknecht","9":"tag-deutscher-bundestag","10":"tag-deutschland","11":"tag-dresden","12":"tag-germany","13":"tag-headlines","14":"tag-nach-bsw-anzeige","15":"tag-nachrichten","16":"tag-news","17":"tag-politik","18":"tag-robert-habeck","19":"tag-sahra-wagenknecht","20":"tag-schlagzeilen","21":"tag-staatsanwaltschaft","22":"tag-staatsanwaltschaft-dresden","23":"tag-top-news","24":"tag-top-meldungen","25":"tag-topmeldungen","26":"tag-topnews","27":"tag-verleumdung","28":"tag-wahlkampfauftritt"},"share_on_mastodon":{"url":"https:\/\/pubeurope.com\/@de\/114660633666790846","error":""},"_links":{"self":[{"href":"https:\/\/www.europesays.com\/de\/wp-json\/wp\/v2\/posts\/180043","targetHints":{"allow":["GET"]}}],"collection":[{"href":"https:\/\/www.europesays.com\/de\/wp-json\/wp\/v2\/posts"}],"about":[{"href":"https:\/\/www.europesays.com\/de\/wp-json\/wp\/v2\/types\/post"}],"author":[{"embeddable":true,"href":"https:\/\/www.europesays.com\/de\/wp-json\/wp\/v2\/users\/2"}],"replies":[{"embeddable":true,"href":"https:\/\/www.europesays.com\/de\/wp-json\/wp\/v2\/comments?post=180043"}],"version-history":[{"count":0,"href":"https:\/\/www.europesays.com\/de\/wp-json\/wp\/v2\/posts\/180043\/revisions"}],"wp:featuredmedia":[{"embeddable":true,"href":"https:\/\/www.europesays.com\/de\/wp-json\/wp\/v2\/media\/180044"}],"wp:attachment":[{"href":"https:\/\/www.europesays.com\/de\/wp-json\/wp\/v2\/media?parent=180043"}],"wp:term":[{"taxonomy":"category","embeddable":true,"href":"https:\/\/www.europesays.com\/de\/wp-json\/wp\/v2\/categories?post=180043"},{"taxonomy":"post_tag","embeddable":true,"href":"https:\/\/www.europesays.com\/de\/wp-json\/wp\/v2\/tags?post=180043"}],"curies":[{"name":"wp","href":"https:\/\/api.w.org\/{rel}","templated":true}]}}