{"id":180047,"date":"2025-06-10T19:07:10","date_gmt":"2025-06-10T19:07:10","guid":{"rendered":"https:\/\/www.europesays.com\/de\/180047\/"},"modified":"2025-06-10T19:07:10","modified_gmt":"2025-06-10T19:07:10","slug":"halle-viel-kritik-an-rechter-buchmesse","status":"publish","type":"post","link":"https:\/\/www.europesays.com\/de\/180047\/","title":{"rendered":"Halle: Viel Kritik an rechter Buchmesse"},"content":{"rendered":"<p class=\"text\">\n<a name=\"Kulturschaffende\">Kulturschaffende<\/a> in Halle haben sich zusammengeschlossen, um mit einem Festival gegen die f\u00fcr November geplante rechte Buchmesse &#8222;Seitenwechsel&#8220; zu protestieren. Die Buchh\u00e4ndlerin und Mitorganisatorin Theresa Donner sagte MDR KULTUR am Mittwoch, geplant sei, dass das Festival im September 2025 beginne und seinen H\u00f6hepunkt am 8. und 9. November erreiche, parallel zur rechten Buchmesse.\n<\/p>\n<p class=\"text\">\nDas Programm des Festivals sieht demnach Lesungen, Diskussionen, Musikveranstaltungen und offene Formate an mehreren Orten vor. Unter dem Motto &#8222;Wir&#8220; haben sich dazu mehrere Buchhandlungen, Illustratoren, Buchk\u00fcnstler, Schriftsteller, \u00dcbersetzer, Musiker, Universit\u00e4tsangeh\u00f6rige und Theaterleute zusammengeschlossen.\n<\/p>\n<blockquote>\n<p class=\"text\">Wir lesen, wir diskutieren, wir erinnern. Unter diesem Motto zeigen wir, dass Zivilcourage kein Privileg, sondern das Fundament einer offenen Gesellschaft ist.<\/p>\n<p>Theresa Donner, Mitorganisatorin des Festivals &#8222;Wir&#8220;<\/p>\n<\/blockquote>\n<p><a name=\"Festival\">Festival<\/a> f\u00fcr eine offene Gesellschaft in Halle geplant<\/p>\n<p class=\"text\">\nDonner sagte weiter, das erkl\u00e4rte Ziel der Buchmesse &#8222;Seitenwechsel&#8220; sei es, rechtsextremen Verlagen und Verschw\u00f6rungstheoretikern eine B\u00fchne zu geben. Doch die Verbreitung von L\u00fcgen, Hass und Hetze habe nichts mit Meinungsfreiheit zu tun.<\/p>\n<p>Das &#8222;Wir&#8220;-Festival engagiere sich f\u00fcr eine offene Gesellschaft und lade alle ein, sich f\u00fcr Toleranz und gegen Spaltung zu positionieren und mitzumachen: &#8222;Wir m\u00f6chten zeigen, dass wir mehr sind und die Meinungsfreiheit in einem bunten Festival feiern. Wir lesen, wir diskutieren, wir erinnern. Unter diesem Motto zeigen wir, dass Zivilcourage kein Privileg, sondern das Fundament einer offenen Gesellschaft ist.&#8220;\n<\/p>\n<p><a name=\"Kulturinstitution\">Kulturinstitution<\/a> aus Halle \u00fcben Kritik an Buchmesse<\/p>\n<p class=\"text\">\nAuch zahlreiche Kulturinstitutionen aus Halle \u00e4u\u00dferten Kritik an der geplanten Buchmesse. So teilte Bettina Erzgr\u00e4ber, Rektorin der <a href=\"https:\/\/www.mdr.de\/nachrichten\/sachsen-anhalt\/halle\/halle\/burg-giebichenstein-neubau-zeitplan-kunst-hochschule-kosten-100.html\" title=\"Burg Giebichenstein in Halle bekommt Neubau: Zeitplan v\u00f6llig unklar\" rel=\"nofollow noopener\" target=\"_blank\">Kunsthochschule Burg Giebichenstein <\/a>auf Anfrage von MDR KULTUR mit: &#8222;Ich bin fassungslos \u00fcber die Planung dieser Buchmesse. Wir sind uns sicher, dass ihr die Hallenser Stadtgesellschaft mit kritischer Vernunft und zahlreichen Initiativen entgegentreten wird.&#8220;\n<\/p>\n<p class=\"text\">\nKritik \u00fcbte auch Alexander Suckel, Gesch\u00e4ftsf\u00fchrer des <a href=\"https:\/\/www.mdr.de\/nachrichten\/sachsen-anhalt\/halle\/halle\/ausstellung-zwischen-den-zeilen-moritzburg-kultur-news-100.html\" title=\"Halle: Foto-Ausstellung zeigt Bilder aus 50 Jahren Stadtgeschichte \" rel=\"nofollow noopener\" target=\"_blank\">Literaturhauses Halle<\/a>. Suckel h\u00e4lt die geplante Messe f\u00fcr eine &#8222;Inszenierung&#8220;. Es gehe darum, sich als das &#8222;vermeintlich Andere, als Alternative zu pr\u00e4sentieren und unter sich zu sein, um damit jedweden Diskussionen aus dem Weg&#8220; zu gehen.\n<\/p>\n<p class=\"text\">\nDer Gesch\u00e4ftsf\u00fchrer des <a href=\"https:\/\/www.mdr.de\/nachrichten\/sachsen-anhalt\/halle\/halle\/mitteldeutscher-verlag-lukas-verlag-berlin-uebernahme-kultur-news-100.html\" title=\"Halle: Mitteldeutscher Verlag \u00fcbernimmt Berliner Lukas Verlag\" rel=\"nofollow noopener\" target=\"_blank\">Mitteldeutschen Verlags<\/a>, Roman Pliske, kommentierte mit Blick auf die geschichtsrevisionistischen Strategien der Neuen Rechten seine Nicht-Einladung mit Ironie: &#8222;Gerne h\u00e4tten wir unsere Neuerscheinungen zum Widerstand im Dritten Reich gezeigt, unsere B\u00fccher zu j\u00fcdischem Leben in Deutschland pr\u00e4sentiert und die gro\u00dfen Frage, wie Migration gelingen kann, dem geneigten Publikum gestellt&#8220;, teilte Pliske mit.\n<\/p>\n<p class=\"text\">\n&#8222;Gerade am 9. November, einem Tag der die Jahrestage der Novemberpogrome gegen j\u00fcdische Mitb\u00fcrger 1938 und des Hitlerputsches 1923 birgt, sollten sich stolze Deutsche an die dunkelsten Seiten der eigenen Geschichte erinnern&#8220;, erkl\u00e4rte der Verleger mit Verweis auf den Termin der Buchmesse.<\/p>\n","protected":false},"excerpt":{"rendered":"Kulturschaffende in Halle haben sich zusammengeschlossen, um mit einem Festival gegen die f\u00fcr November geplante rechte Buchmesse &#8222;Seitenwechsel&#8220;&hellip;\n","protected":false},"author":2,"featured_media":180048,"comment_status":"","ping_status":"","sticky":false,"template":"","format":"standard","meta":{"footnotes":""},"categories":[1860],"tags":[57505,3364,29,548,663,3934,5561,30,4062,57506,17332,13,66,81,14,21120,15,4330,6211,17331,860,12,57507,16554],"class_list":{"0":"post-180047","1":"post","2":"type-post","3":"status-publish","4":"format-standard","5":"has-post-thumbnail","7":"category-halle-saale","8":"tag-buchmesse-seitenwechsel","9":"tag-de","10":"tag-deutschland","11":"tag-eu","12":"tag-europa","13":"tag-europe","14":"tag-festival","15":"tag-germany","16":"tag-halle","17":"tag-halle-messe","18":"tag-halle-saale","19":"tag-headlines","20":"tag-kulturnachrichten","21":"tag-mdr","22":"tag-nachrichten","23":"tag-neue-rechte","24":"tag-news","25":"tag-protest","26":"tag-regionalportal","27":"tag-saale","28":"tag-sachsen-anhalt","29":"tag-schlagzeilen","30":"tag-theresa-donner","31":"tag-wir"},"share_on_mastodon":{"url":"https:\/\/pubeurope.com\/@de\/114660641541559864","error":""},"_links":{"self":[{"href":"https:\/\/www.europesays.com\/de\/wp-json\/wp\/v2\/posts\/180047","targetHints":{"allow":["GET"]}}],"collection":[{"href":"https:\/\/www.europesays.com\/de\/wp-json\/wp\/v2\/posts"}],"about":[{"href":"https:\/\/www.europesays.com\/de\/wp-json\/wp\/v2\/types\/post"}],"author":[{"embeddable":true,"href":"https:\/\/www.europesays.com\/de\/wp-json\/wp\/v2\/users\/2"}],"replies":[{"embeddable":true,"href":"https:\/\/www.europesays.com\/de\/wp-json\/wp\/v2\/comments?post=180047"}],"version-history":[{"count":0,"href":"https:\/\/www.europesays.com\/de\/wp-json\/wp\/v2\/posts\/180047\/revisions"}],"wp:featuredmedia":[{"embeddable":true,"href":"https:\/\/www.europesays.com\/de\/wp-json\/wp\/v2\/media\/180048"}],"wp:attachment":[{"href":"https:\/\/www.europesays.com\/de\/wp-json\/wp\/v2\/media?parent=180047"}],"wp:term":[{"taxonomy":"category","embeddable":true,"href":"https:\/\/www.europesays.com\/de\/wp-json\/wp\/v2\/categories?post=180047"},{"taxonomy":"post_tag","embeddable":true,"href":"https:\/\/www.europesays.com\/de\/wp-json\/wp\/v2\/tags?post=180047"}],"curies":[{"name":"wp","href":"https:\/\/api.w.org\/{rel}","templated":true}]}}