{"id":180053,"date":"2025-06-10T19:10:12","date_gmt":"2025-06-10T19:10:12","guid":{"rendered":"https:\/\/www.europesays.com\/de\/180053\/"},"modified":"2025-06-10T19:10:12","modified_gmt":"2025-06-10T19:10:12","slug":"sopranistin-athanasia-zoehrer-ueber-verdis-violetta-und-wie-chemnitz-gegenueber-berlin-abschneidet","status":"publish","type":"post","link":"https:\/\/www.europesays.com\/de\/180053\/","title":{"rendered":"Sopranistin Athanasia Z\u00f6hrer \u00fcber Verdis Violetta und wie Chemnitz gegen\u00fcber Berlin abschneidet"},"content":{"rendered":"<p class=\"bold\">\n\t\t\t\t\t\t\t\t\t\tBei der Premiere von \u201eLa Traviata\u201c an der Chemnitzer Oper riss es das Publikum von den St\u00fchlen und der frenetische Applaus galt vor allem ihr: Athanasia Z\u00f6hrer. Wer ist die Sopranistin mit dem Zungenbrecher als Namen aus Berlin und was denkt sie \u00fcber Chemnitz?\t\t\t\t<\/p>\n<p>\t\t\t\t Roter Catsuit, rote Lippen, rote Blumen im Haar: So steht Athanasia Z\u00f6hrer in Chemnitz auf der B\u00fchne, wenn das Drama beginnt. Man kann Opernstoffe auf den ersten Blick trivial finden, Z\u00f6hrers Pr\u00e4senz auf der B\u00fchne wischt das weg. Das Premierenpublikum vom 31. Mai war so oder so begeistert. Dreimal stirbt die Berlinerin in Chemnitz auf der&#8230;<\/p>\n<p>\t\t<img decoding=\"async\" class=\"fp-plus-logo\" src=\"https:\/\/www.europesays.com\/de\/wp-content\/uploads\/2025\/04\/fpplus.svg.svg+xml\" alt=\"Freie Presse plus Logo\"\/><\/p>\n<p>Registrieren und testen.<\/p>\n<p>Jetzt mit Ihrer Registrierung 1 Monat gratis testen und alle Beitr\u00e4ge lesen.<\/p>\n<p>Schon Abonnent? Melden Sie sich mit ihren Zugangsdaten an.<\/p>\n","protected":false},"excerpt":{"rendered":"Bei der Premiere von \u201eLa Traviata\u201c an der Chemnitzer Oper riss es das Publikum von den St\u00fchlen und&hellip;\n","protected":false},"author":2,"featured_media":180054,"comment_status":"","ping_status":"","sticky":false,"template":"","format":"standard","meta":{"footnotes":""},"categories":[1851],"tags":[2770,3364,29,548,663,3934,30,13,7504,14,15,859,12],"class_list":{"0":"post-180053","1":"post","2":"type-post","3":"status-publish","4":"format-standard","5":"has-post-thumbnail","7":"category-chemnitz","8":"tag-chemnitz","9":"tag-de","10":"tag-deutschland","11":"tag-eu","12":"tag-europa","13":"tag-europe","14":"tag-germany","15":"tag-headlines","16":"tag-museen-theater-buehne-ausstellungen","17":"tag-nachrichten","18":"tag-news","19":"tag-sachsen","20":"tag-schlagzeilen"},"share_on_mastodon":{"url":"https:\/\/pubeurope.com\/@de\/114660653413716029","error":""},"_links":{"self":[{"href":"https:\/\/www.europesays.com\/de\/wp-json\/wp\/v2\/posts\/180053","targetHints":{"allow":["GET"]}}],"collection":[{"href":"https:\/\/www.europesays.com\/de\/wp-json\/wp\/v2\/posts"}],"about":[{"href":"https:\/\/www.europesays.com\/de\/wp-json\/wp\/v2\/types\/post"}],"author":[{"embeddable":true,"href":"https:\/\/www.europesays.com\/de\/wp-json\/wp\/v2\/users\/2"}],"replies":[{"embeddable":true,"href":"https:\/\/www.europesays.com\/de\/wp-json\/wp\/v2\/comments?post=180053"}],"version-history":[{"count":0,"href":"https:\/\/www.europesays.com\/de\/wp-json\/wp\/v2\/posts\/180053\/revisions"}],"wp:featuredmedia":[{"embeddable":true,"href":"https:\/\/www.europesays.com\/de\/wp-json\/wp\/v2\/media\/180054"}],"wp:attachment":[{"href":"https:\/\/www.europesays.com\/de\/wp-json\/wp\/v2\/media?parent=180053"}],"wp:term":[{"taxonomy":"category","embeddable":true,"href":"https:\/\/www.europesays.com\/de\/wp-json\/wp\/v2\/categories?post=180053"},{"taxonomy":"post_tag","embeddable":true,"href":"https:\/\/www.europesays.com\/de\/wp-json\/wp\/v2\/tags?post=180053"}],"curies":[{"name":"wp","href":"https:\/\/api.w.org\/{rel}","templated":true}]}}