{"id":180067,"date":"2025-06-10T19:17:10","date_gmt":"2025-06-10T19:17:10","guid":{"rendered":"https:\/\/www.europesays.com\/de\/180067\/"},"modified":"2025-06-10T19:17:10","modified_gmt":"2025-06-10T19:17:10","slug":"weil-ein-raum-fehlt-neujahrsempfang-findet-im-juni-statt-neuburg","status":"publish","type":"post","link":"https:\/\/www.europesays.com\/de\/180067\/","title":{"rendered":"Weil ein Raum fehlt: Neujahrsempfang findet im Juni statt &#8211; Neuburg"},"content":{"rendered":"<p><b\/> Zum Neujahrsempfang l\u00e4dt die Ortsgemeinde Neuburg alle  Einwohner des \u201eDorfes, das den Rhein \u00fcberquerte\u201c, f\u00fcr Freitag, 20. Juni, 17.30 Uhr, auf das Gel\u00e4nde des Angelsportvereins Neuburg in der Kehlstra\u00dfe ein. Musikverein und S\u00e4ngervereinigung wirken mit. Gru\u00dfworte gibt es von Landrat <a class=\"rtr-entity\" data-rtr-entity=\"Martin Brandl\" data-rtr-id=\"7d5cb382c1dc4529aa676cbac98cc49b67d0e33d\" data-rtr-score=\"10.949308755760368\" data-rtr-etype=\"person\" data-rtr-index=\"4\" href=\"https:\/\/www.rheinpfalz.de\/themen\/martin-brandl?utm_source=rheinpfalz.de&amp;utm_medium=tms&amp;utm_campaign=intext\" target=\"_blank\" rel=\"noopener\">Martin Brandl<\/a> (CDU) und von B\u00fcrgermeisterin Iris Fleisch (beide CDU).  Ortsb\u00fcrgermeister Dieter Hutzel (CDU) wird in seiner Neujahrsansprache wohl einige \u201ehei\u00dfe Eisen\u201c der Neuburger Kommunalpolitik ansprechen. W\u00e4hrend die meisten seiner  Kollegen bereits im Januar zu Neujahrsempf\u00e4ngen geladen hatten, sah sich Hutzel hierzu nicht in der Lage. Denn seit Jahren fehlt in Neuburg ein  geeigneter Raum in der Ortsgemeinde. Das B\u00fcrgerhaus ist  aus Gr\u00fcnden des Brandschutzes geschlossen. Zwar  gibt es Pl\u00e4ne f\u00fcr einen Neubau an gleicher Stelle,  derzeit fehlt aber noch  das erforderliche Eigenkapital. Anders als seine  Kollegen kann Dieter Hutzel beim Neujahrsempfang aber schon darauf verweisen, was in den ersten sechs Monaten geschehen ist.  Auch Anl\u00e4sse f\u00fcr Ehrungen gibt es  genug. |fh <\/p>\n","protected":false},"excerpt":{"rendered":"Zum Neujahrsempfang l\u00e4dt die Ortsgemeinde Neuburg alle Einwohner des \u201eDorfes, das den Rhein \u00fcberquerte\u201c, f\u00fcr Freitag, 20. Juni,&hellip;\n","protected":false},"author":2,"featured_media":180068,"comment_status":"","ping_status":"","sticky":false,"template":"","format":"standard","meta":{"footnotes":""},"categories":[1844],"tags":[1634,31,3364,29,60661,30,60660,8903,40975,4060,60659,60657,60658,5206],"class_list":{"0":"post-180067","1":"post","2":"type-post","3":"status-publish","4":"format-standard","5":"has-post-thumbnail","7":"category-karlsruhe","8":"tag-baden-wuerttemberg","9":"tag-cdu","10":"tag-de","11":"tag-deutschland","12":"tag-dieter-hutzel","13":"tag-germany","14":"tag-iris-fleisch","15":"tag-karlsruhe","16":"tag-landrat","17":"tag-lokal","18":"tag-martin-brandl","19":"tag-neujahrsempfang","20":"tag-ortsgemeinde","21":"tag-rhein"},"share_on_mastodon":{"url":"https:\/\/pubeurope.com\/@de\/114660680930771239","error":""},"_links":{"self":[{"href":"https:\/\/www.europesays.com\/de\/wp-json\/wp\/v2\/posts\/180067","targetHints":{"allow":["GET"]}}],"collection":[{"href":"https:\/\/www.europesays.com\/de\/wp-json\/wp\/v2\/posts"}],"about":[{"href":"https:\/\/www.europesays.com\/de\/wp-json\/wp\/v2\/types\/post"}],"author":[{"embeddable":true,"href":"https:\/\/www.europesays.com\/de\/wp-json\/wp\/v2\/users\/2"}],"replies":[{"embeddable":true,"href":"https:\/\/www.europesays.com\/de\/wp-json\/wp\/v2\/comments?post=180067"}],"version-history":[{"count":0,"href":"https:\/\/www.europesays.com\/de\/wp-json\/wp\/v2\/posts\/180067\/revisions"}],"wp:featuredmedia":[{"embeddable":true,"href":"https:\/\/www.europesays.com\/de\/wp-json\/wp\/v2\/media\/180068"}],"wp:attachment":[{"href":"https:\/\/www.europesays.com\/de\/wp-json\/wp\/v2\/media?parent=180067"}],"wp:term":[{"taxonomy":"category","embeddable":true,"href":"https:\/\/www.europesays.com\/de\/wp-json\/wp\/v2\/categories?post=180067"},{"taxonomy":"post_tag","embeddable":true,"href":"https:\/\/www.europesays.com\/de\/wp-json\/wp\/v2\/tags?post=180067"}],"curies":[{"name":"wp","href":"https:\/\/api.w.org\/{rel}","templated":true}]}}