{"id":180078,"date":"2025-06-10T19:23:07","date_gmt":"2025-06-10T19:23:07","guid":{"rendered":"https:\/\/www.europesays.com\/de\/180078\/"},"modified":"2025-06-10T19:23:07","modified_gmt":"2025-06-10T19:23:07","slug":"52-messerverbote-fuer-wuppertaler-verhaengt","status":"publish","type":"post","link":"https:\/\/www.europesays.com\/de\/180078\/","title":{"rendered":"52\u2005Messerverbote f\u00fcr Wuppertaler verh\u00e4ngt"},"content":{"rendered":"<p class=\"text_ohne_einzug richtext text-em-55 !leading-serif mx-6 desktop:mx-0\">Die Polizei in Wuppertal hat seit Anfang September 2024 insgesamt 52 Verf\u00fcgungen zu einem individuellen F\u00fchrverbot von Messern verh\u00e4ngt. Die Personen d\u00fcrfen drei Jahre lang kein Messer au\u00dferhalb ihrer Wohnung mit sich f\u00fchren. Das teilte die Polizei auf WZ-Nachfrage mit.<\/p>\n<p class=\"richtext text-em-55 !leading-serif mx-6 desktop:mx-0\">Individuelle Messerf\u00fchrverbote werden seit 2024 in mehreren NRW-St\u00e4dten einsetzt, etwa Dortmund, Bonn und Hagen. In Dortmund hat Polizeipr\u00e4sident Gregor Lange im Mai nach einem Jahr eine positive Bilanz gezogen: Messerstraftaten seien im einstelligen Bereich zur\u00fcckgegangen, w\u00e4hrend allgemein solche Taten zunehmen. <\/p>\n<p class=\"richtext text-em-55 !leading-serif mx-6 desktop:mx-0\">Die Dortmunder Polizei hatte bis dahin 243 Messerverbote verh\u00e4ngt. Begr\u00fcndet wurden sie auch damit, dass es in Dortmund keine Stadtgebiete gibt, in denen besonders viele Straftaten mit Messern vorkommen, daher keine Messerverbotszone eingerichtet werden kann. \u00c4hnlich hatte sich Wuppertals Kripo-Chef Guido Liedke vergangenes Jahr ge\u00e4u\u00dfert: \u201eSolche Zonen machen nur Sinn, wo Messerstraftaten eine gro\u00dfe Rolle spielen.\u201c Das gebe es in Wuppertal nicht: \u201eWir haben hier eine relativ gro\u00dfe Streuung.\u201c <\/p>\n<p class=\"richtext text-em-55 !leading-serif mx-6 desktop:mx-0\">Einer der 52 Betroffenen in Wuppertal hat sich erfolgreich gegen das Verbot gewehrt: Das Verwaltungsgericht D\u00fcsseldorf befand, dass die Polizei damit ihre Befugnisse \u00fcberschreite, m\u00f6glicherweise neue Gesetze n\u00f6tig seien. Die Richter zweifelten, dass sich das Verbot kontrollieren l\u00e4sst. Und sie zweifelten an der Gefahrenprognose f\u00fcr den 18-J\u00e4hrigen, der vor zwei Jahre aufgefallen war. Gegen den Beschluss kann noch Beschwerde erhoben werden.<\/p>\n<p class=\"richtext text-em-55 !leading-serif mx-6 desktop:mx-0\">Nach Angaben der Polizei Wuppertal verh\u00e4ngt sie Messerverbote f\u00fcr Personen, die mehrfach mit Bedrohung und K\u00f6rperverletzung aufgefallen sind, bei denen sie ein Messer dabei hatten oder benutzt haben, und bei denen die Gefahr besteht, dass sie das auch in Zukunft tun. \u00dcberpr\u00fcft werden k\u00f6nnten die Verbote etwa bei strategischen Fahndungsma\u00dfnahmen, wenn Beamte in einem definierten Bereich f\u00fcr einen festgelegten Zeitraum anlassunabh\u00e4ngig Personen \u00fcberpr\u00fcfen. So eine Kontrolle fand etwa im Oktober auf dem Berliner Platz statt.<\/p>\n","protected":false},"excerpt":{"rendered":"Die Polizei in Wuppertal hat seit Anfang September 2024 insgesamt 52 Verf\u00fcgungen zu einem individuellen F\u00fchrverbot von Messern&hellip;\n","protected":false},"author":2,"featured_media":180079,"comment_status":"","ping_status":"","sticky":false,"template":"","format":"standard","meta":{"footnotes":""},"categories":[1840],"tags":[13021,60668,3364,29,217,30,1981,60667,60663,60664,60665,60669,1209,23148,1996,47452,857,53252,60662,4418,60666],"class_list":{"0":"post-180078","1":"post","2":"type-post","3":"status-publish","4":"format-standard","5":"has-post-thumbnail","7":"category-wuppertal","8":"tag-13021","9":"tag-52aemesserverbote","10":"tag-de","11":"tag-deutschland","12":"tag-dortmund","13":"tag-germany","14":"tag-messer","15":"tag-messerfahrverbote","16":"tag-messern","17":"tag-messerstraftaten","18":"tag-messerverbote","19":"tag-messerverbotszone","20":"tag-nordrhein-westfalen","21":"tag-personen","22":"tag-straftaten","23":"tag-taten","24":"tag-verbot","25":"tag-verbote","26":"tag-verhangt","27":"tag-wuppertal","28":"tag-zweifelten"},"share_on_mastodon":{"url":"https:\/\/pubeurope.com\/@de\/114660704459398137","error":""},"_links":{"self":[{"href":"https:\/\/www.europesays.com\/de\/wp-json\/wp\/v2\/posts\/180078","targetHints":{"allow":["GET"]}}],"collection":[{"href":"https:\/\/www.europesays.com\/de\/wp-json\/wp\/v2\/posts"}],"about":[{"href":"https:\/\/www.europesays.com\/de\/wp-json\/wp\/v2\/types\/post"}],"author":[{"embeddable":true,"href":"https:\/\/www.europesays.com\/de\/wp-json\/wp\/v2\/users\/2"}],"replies":[{"embeddable":true,"href":"https:\/\/www.europesays.com\/de\/wp-json\/wp\/v2\/comments?post=180078"}],"version-history":[{"count":0,"href":"https:\/\/www.europesays.com\/de\/wp-json\/wp\/v2\/posts\/180078\/revisions"}],"wp:featuredmedia":[{"embeddable":true,"href":"https:\/\/www.europesays.com\/de\/wp-json\/wp\/v2\/media\/180079"}],"wp:attachment":[{"href":"https:\/\/www.europesays.com\/de\/wp-json\/wp\/v2\/media?parent=180078"}],"wp:term":[{"taxonomy":"category","embeddable":true,"href":"https:\/\/www.europesays.com\/de\/wp-json\/wp\/v2\/categories?post=180078"},{"taxonomy":"post_tag","embeddable":true,"href":"https:\/\/www.europesays.com\/de\/wp-json\/wp\/v2\/tags?post=180078"}],"curies":[{"name":"wp","href":"https:\/\/api.w.org\/{rel}","templated":true}]}}